{"id":13912,"date":"2013-08-07T10:43:50","date_gmt":"2013-08-07T15:43:50","guid":{"rendered":"http:\/\/www.ambiente.gob.ec\/?p=13912"},"modified":"2013-08-07T10:43:50","modified_gmt":"2013-08-07T15:43:50","slug":"pesqueria-de-langosta-en-galapagos-iniciara-el-15-de-agosto","status":"publish","type":"post","link":"https:\/\/www.ambienteyenergia.gob.ec\/ambiente\/pesqueria-de-langosta-en-galapagos-iniciara-el-15-de-agosto\/","title":{"rendered":"Pesquer\u00eda de langosta en Gal\u00e1pagos iniciar\u00e1 el 15 de agosto"},"content":{"rendered":"<p style=\"text-align: justify;\"><strong>La Junta de Manejo Participativo acord\u00f3 aperturar esta pesquer\u00eda, mientras que el langostino estar\u00e1 en veda.<\/strong><\/p>\n<p style=\"text-align: justify;\">El pr\u00f3ximo 15 de agosto iniciar\u00e1 la temporada 2013 de pesquer\u00eda de langosta espinosa en la Reserva Marina de Gal\u00e1pagos (RMG), que durar\u00e1 hasta el 30 de diciembre, as\u00ed lo acord\u00f3 la Junta Manejo Participativo (JMP) en la reuni\u00f3n celebrada el 2 de agosto.<\/p>\n<p style=\"text-align: justify;\">La JMP es la instancia de decisi\u00f3n para el manejo de la RMG y est\u00e1 integrada por representantes de varios sectores. La Direcci\u00f3n del Parque Nacional Gal\u00e1pagos, est\u00e1 a cargo de la Secretar\u00eda T\u00e9cnica.<\/p>\n<p style=\"text-align: justify;\">En esta temporada fue fijada una cuota definitiva de captura de 35 toneladas m\u00e9tricas de cola de langosta roja <em>(Panulirus penicillatus)<\/em> y 11 toneladas de cola de langosta verde <em>(Panulirus gracilis)<\/em>, mientras dure la pesquer\u00eda de este recurso se mantendr\u00e1 una veda de langosta china o langostino <em>(Scyllarides astori)<\/em>, por primera vez en Gal\u00e1pagos. Esta medida fue sugerida por el Sector Pesquero Artesanal y la DPNG iniciar\u00e1 monitoreos ecol\u00f3gicos para determinar el estado poblacional del langostino.<\/p>\n<p style=\"text-align: justify;\">Los miembros de la JMP fijaron la talla m\u00ednima de captura en 26 cent\u00edmetros de longitud para las langostas enteras y 15 cent\u00edmetros de longitud de cola, que podr\u00e1n ser capturadas en las zonas establecidas por la Direcci\u00f3n del Parque Nacional Gal\u00e1pagos, excepto en la zona de Canal Bol\u00edvar por ser un sitio semillero de recursos pesqueros. La captura de langostas ovadas queda totalmente prohibida.<\/p>\n<p style=\"text-align: justify;\">La pesquer\u00eda ser\u00e1 realizada con el mismo sistema empleado el a\u00f1o pasado, es decir, con embarcaciones menores, fibras y pangas, que podr\u00e1n realizar los desembarcos en Puerto Baquerizo Moreno, Puerto Ayora, Puerto Villamil y Puerto Velasco Ibarra. La DPNG emitir\u00e1 en los pr\u00f3ximos d\u00edas la resoluci\u00f3n administrativa que establece las regulaciones aplicables para esta pesquer\u00eda.<\/p>\n<p style=\"text-align: justify;\">La JMP tambi\u00e9n aprob\u00f3 el uso de la t\u00e9cnica del \u00ablazo\u00bb una herramienta de apoyo que consiste en una piola que engancha a las langostas, con lo que \u00e9sta sufre el menor impacto posible durante la captura.<\/p>\n<p style=\"text-align: justify;\">De igual manera se acord\u00f3 que \u00fanicamente los centros de acopio de las cooperativas de pesca podr\u00e1n comercializar este recurso hacia el Ecuador continental. Del total de la cuota, se ha destinado un 24% para abastecer el consumo local, para lo cual dentro de la provincia, el comercio se mantendr\u00e1 abierto.<\/p>\n<p style=\"text-align: justify;\">\n","protected":false},"excerpt":{"rendered":"<p class=\"excerpt\">La Junta de Manejo Participativo acord\u00f3 aperturar esta pesquer\u00eda, mientras que el langostino estar\u00e1 en veda. El pr\u00f3ximo 15 de agosto iniciar\u00e1 la temporada 2013 de pesquer\u00eda de langosta espinosa en la Reserva Marina de Gal\u00e1pagos (RMG), que durar\u00e1 hasta el 30 de diciembre, as\u00ed lo acord\u00f3 la Junta Manejo Participativo (JMP) en la reuni\u00f3n celebrada el 2 de agosto.&hellip; <a href=\"https:\/\/www.ambienteyenergia.gob.ec\/ambiente\/pesqueria-de-langosta-en-galapagos-iniciara-el-15-de-agosto\/\">Read more &rarr;<\/a><\/p>\n","protected":false},"author":13,"featured_media":13913,"comment_status":"open","ping_status":"open","sticky":false,"template":"","format":"standard","meta":{"footnotes":""},"categories":[16,4],"tags":[],"class_list":["post-13912","post","type-post","status-publish","format-standard","has-post-thumbnail","hentry","category-comunicamos","category-noticias","xfolkentry"],"_links":{"self":[{"href":"https:\/\/www.ambienteyenergia.gob.ec\/ambiente\/wp-json\/wp\/v2\/posts\/13912","targetHints":{"allow":["GET"]}}],"collection":[{"href":"https:\/\/www.ambienteyenergia.gob.ec\/ambiente\/wp-json\/wp\/v2\/posts"}],"about":[{"href":"https:\/\/www.ambienteyenergia.gob.ec\/ambiente\/wp-json\/wp\/v2\/types\/post"}],"author":[{"embeddable":true,"href":"https:\/\/www.ambienteyenergia.gob.ec\/ambiente\/wp-json\/wp\/v2\/users\/13"}],"replies":[{"embeddable":true,"href":"https:\/\/www.ambienteyenergia.gob.ec\/ambiente\/wp-json\/wp\/v2\/comments?post=13912"}],"version-history":[{"count":0,"href":"https:\/\/www.ambienteyenergia.gob.ec\/ambiente\/wp-json\/wp\/v2\/posts\/13912\/revisions"}],"wp:featuredmedia":[{"embeddable":true,"href":"https:\/\/www.ambienteyenergia.gob.ec\/ambiente\/wp-json\/wp\/v2\/media\/13913"}],"wp:attachment":[{"href":"https:\/\/www.ambienteyenergia.gob.ec\/ambiente\/wp-json\/wp\/v2\/media?parent=13912"}],"wp:term":[{"taxonomy":"category","embeddable":true,"href":"https:\/\/www.ambienteyenergia.gob.ec\/ambiente\/wp-json\/wp\/v2\/categories?post=13912"},{"taxonomy":"post_tag","embeddable":true,"href":"https:\/\/www.ambienteyenergia.gob.ec\/ambiente\/wp-json\/wp\/v2\/tags?post=13912"}],"curies":[{"name":"wp","href":"https:\/\/api.w.org\/{rel}","templated":true}]}}