{"id":13889,"date":"2013-08-06T15:39:04","date_gmt":"2013-08-06T20:39:04","guid":{"rendered":"http:\/\/www.ambiente.gob.ec\/?p=13889"},"modified":"2013-08-06T15:39:04","modified_gmt":"2013-08-06T20:39:04","slug":"mae-lidera-taller-nacional-sobre-clima","status":"publish","type":"post","link":"https:\/\/www.ambienteyenergia.gob.ec\/ambiente\/mae-lidera-taller-nacional-sobre-clima\/","title":{"rendered":"MAE lidera Taller nacional sobre clima"},"content":{"rendered":"<p align=\"JUSTIFY\"><span style=\"font-family: FreeSans, sans-serif;\">El Ministerio del Ambiente (MAE), a trav\u00e9s de la Subsecretar\u00eda de Cambio Clim\u00e1tico, organiz\u00f3 el \u201cTaller Nacional sobre clima\u201d, el pasado 30 de julio, en la ciudad de Quito. El evento es parte del proceso de levantamiento de informaci\u00f3n que se ver\u00e1 reflejado en la <\/span><span style=\"color: #000000;\">Tercera Comunicaci\u00f3n Nacional de Cambio Clim\u00e1tico.<\/span><\/p>\n<p align=\"JUSTIFY\"><span style=\"font-family: FreeSans, sans-serif;\">Entre los objetivos principales para la realizaci\u00f3n de este encuentro est\u00e1n reunir a diferentes actores para r<\/span><span style=\"color: #000000;\">ecopilar informaci\u00f3n sobre los avances del pa\u00eds en acciones de medici\u00f3n, monitoreo y gesti\u00f3n de \u201cinformaci\u00f3n clim\u00e1tica\u201d; y recopilar el progreso del Ecuador en estudios de vulnerabilidad y clima, en los \u00faltimos a\u00f1os.<\/span><\/p>\n<p align=\"JUSTIFY\"><span style=\"font-family: FreeSans, sans-serif;\">Representantes de varias instituciones como del Ministerio de Agricultura, Ganader\u00eda, Acuacultura y Pesca (MAGAP), Empresa P\u00fablica Metropolitana de Agua Potable y Saneamiento (EPMAPS), Secretar\u00eda Nacional de Educaci\u00f3n Superior, Ciencia, Tecnolog\u00eda e Innovaci\u00f3n (SENECYT), Centro Internacional para la Investigaci\u00f3n del Fen\u00f3meno de El Ni\u00f1o (CIIFEN) y el Instituto Nacional de Meteorolog\u00eda e Hidrolog\u00eda (INAMHI), entre otros, se dieron cita para contribuir a esta fase previa al proyecto de reporte de la Tercera Comunicaci\u00f3n.<\/span><\/p>\n<p align=\"JUSTIFY\"><span style=\"font-family: FreeSans, sans-serif;\">Andr\u00e9s Hubenthal, Director Nacional de Adaptaci\u00f3n al Cambio Clim\u00e1tico, resalt\u00f3 la importancia de estos espacios para involucrar a diversos actores que permitan definir un enfoque de pa\u00eds. Esto en torno al proyecto de reporte, a trav\u00e9s de actividades que busquen intercambiar criterios y reforzar las capacidades en el tema del cambio clim\u00e1tico.<\/span><\/p>\n<p align=\"JUSTIFY\"><span style=\"font-family: FreeSans, sans-serif;\">Durante el encuentro prim\u00f3 la modalidad de mesas de trabajo, las cuales fueron lideradas por t\u00e9cnicos de los diferentes proyectos de la Subsecretar\u00eda de Cambio Clim\u00e1tico, con el fin de resolver las inquietudes e intercambiar opiniones.<\/span><\/p>\n<p align=\"JUSTIFY\"><strong><span style=\"font-family: FreeSans, sans-serif;\">Antecedentes<\/span><\/strong><\/p>\n<p align=\"JUSTIFY\"><span style=\"font-family: FreeSans, sans-serif;\">La Convenci\u00f3n Marco de las Naciones Unidas sobre Cambio Clim\u00e1tico (CMNUCC), conforme al Art. 12 dicta que las Partes signatarias se comprometen a elaborar, actualizar peri\u00f3dicamente y publicar los inventarios nacionales de Emisiones de Gases de Efecto Invernadero, como parte principal de sus Comunicaciones Nacionales sobre Cambio Clim\u00e1tico.<\/span><\/p>\n<p align=\"JUSTIFY\"><span style=\"font-family: FreeSans, sans-serif;\">El MAE lidera este proceso y hasta la fecha Ecuador ha presentado dos Comunicaciones Nacionales. Por esta raz\u00f3n, se ha visto la necesidad de elaborar la Tercera Comunicaci\u00f3n Nacional de Cambio Clim\u00e1tico, para dar seguimiento a los compromisos adquiridos ante la CMNUCC, contribuir con los esfuerzos internacionales para la reducci\u00f3n de emisiones y reducir la vulnerabilidad del pa\u00eds, a trav\u00e9s de la implementaci\u00f3n de medidas de adaptaci\u00f3n. En este momento el proceso est\u00e1 en la fase preparativa.<\/span><\/p>\n<p align=\"JUSTIFY\"><div id='gallery-1' class='gallery galleryid-13889 gallery-columns-4 gallery-size-thumbnail'><dl class='gallery-item'>\n\t\t\t<dt class='gallery-icon landscape'>\n\t\t\t\t<a href='https:\/\/www.ambienteyenergia.gob.ec\/ambiente\/mae-lidera-taller-nacional-sobre-clima\/foto-1-5\/'><img loading=\"lazy\" decoding=\"async\" width=\"150\" height=\"150\" src=\"https:\/\/www.ambienteyenergia.gob.ec\/ambiente\/wp-content\/uploads\/sites\/2\/2013\/08\/foto-1-150x150.jpg\" class=\"attachment-thumbnail size-thumbnail\" alt=\"\" \/><\/a>\n\t\t\t<\/dt><\/dl><dl class='gallery-item'>\n\t\t\t<dt class='gallery-icon landscape'>\n\t\t\t\t<a href='https:\/\/www.ambienteyenergia.gob.ec\/ambiente\/mae-lidera-taller-nacional-sobre-clima\/foto-2-6\/'><img loading=\"lazy\" decoding=\"async\" width=\"150\" height=\"150\" src=\"https:\/\/www.ambienteyenergia.gob.ec\/ambiente\/wp-content\/uploads\/sites\/2\/2013\/08\/foto-2-150x150.jpg\" class=\"attachment-thumbnail size-thumbnail\" alt=\"\" \/><\/a>\n\t\t\t<\/dt><\/dl><dl class='gallery-item'>\n\t\t\t<dt class='gallery-icon landscape'>\n\t\t\t\t<a href='https:\/\/www.ambienteyenergia.gob.ec\/ambiente\/mae-lidera-taller-nacional-sobre-clima\/foto-3-5\/'><img loading=\"lazy\" decoding=\"async\" width=\"150\" height=\"150\" src=\"https:\/\/www.ambienteyenergia.gob.ec\/ambiente\/wp-content\/uploads\/sites\/2\/2013\/08\/foto-3-150x150.jpg\" class=\"attachment-thumbnail size-thumbnail\" alt=\"\" \/><\/a>\n\t\t\t<\/dt><\/dl><dl class='gallery-item'>\n\t\t\t<dt class='gallery-icon landscape'>\n\t\t\t\t<a href='https:\/\/www.ambienteyenergia.gob.ec\/ambiente\/mae-lidera-taller-nacional-sobre-clima\/foto-5-2\/'><img loading=\"lazy\" decoding=\"async\" width=\"150\" height=\"150\" src=\"https:\/\/www.ambienteyenergia.gob.ec\/ambiente\/wp-content\/uploads\/sites\/2\/2013\/08\/foto-5-150x150.jpg\" class=\"attachment-thumbnail size-thumbnail\" alt=\"\" \/><\/a>\n\t\t\t<\/dt><\/dl><br style=\"clear: both\" \/>\n\t\t<\/div>\n<\/p>\n<p align=\"JUSTIFY\">\n<p align=\"JUSTIFY\">\n<p align=\"JUSTIFY\">\n","protected":false},"excerpt":{"rendered":"<p class=\"excerpt\">El Ministerio del Ambiente (MAE), a trav\u00e9s de la Subsecretar\u00eda de Cambio Clim\u00e1tico, organiz\u00f3 el \u201cTaller Nacional sobre clima\u201d, el pasado 30 de julio, en la ciudad de Quito. El evento es parte del proceso de levantamiento de informaci\u00f3n que se ver\u00e1 reflejado en la Tercera Comunicaci\u00f3n Nacional de Cambio Clim\u00e1tico. Entre los objetivos principales para la realizaci\u00f3n de este&hellip; <a href=\"https:\/\/www.ambienteyenergia.gob.ec\/ambiente\/mae-lidera-taller-nacional-sobre-clima\/\">Read more &rarr;<\/a><\/p>\n","protected":false},"author":13,"featured_media":13893,"comment_status":"open","ping_status":"open","sticky":false,"template":"","format":"standard","meta":{"footnotes":""},"categories":[16,4],"tags":[],"class_list":["post-13889","post","type-post","status-publish","format-standard","has-post-thumbnail","hentry","category-comunicamos","category-noticias","xfolkentry"],"_links":{"self":[{"href":"https:\/\/www.ambienteyenergia.gob.ec\/ambiente\/wp-json\/wp\/v2\/posts\/13889","targetHints":{"allow":["GET"]}}],"collection":[{"href":"https:\/\/www.ambienteyenergia.gob.ec\/ambiente\/wp-json\/wp\/v2\/posts"}],"about":[{"href":"https:\/\/www.ambienteyenergia.gob.ec\/ambiente\/wp-json\/wp\/v2\/types\/post"}],"author":[{"embeddable":true,"href":"https:\/\/www.ambienteyenergia.gob.ec\/ambiente\/wp-json\/wp\/v2\/users\/13"}],"replies":[{"embeddable":true,"href":"https:\/\/www.ambienteyenergia.gob.ec\/ambiente\/wp-json\/wp\/v2\/comments?post=13889"}],"version-history":[{"count":0,"href":"https:\/\/www.ambienteyenergia.gob.ec\/ambiente\/wp-json\/wp\/v2\/posts\/13889\/revisions"}],"wp:featuredmedia":[{"embeddable":true,"href":"https:\/\/www.ambienteyenergia.gob.ec\/ambiente\/wp-json\/wp\/v2\/media\/13893"}],"wp:attachment":[{"href":"https:\/\/www.ambienteyenergia.gob.ec\/ambiente\/wp-json\/wp\/v2\/media?parent=13889"}],"wp:term":[{"taxonomy":"category","embeddable":true,"href":"https:\/\/www.ambienteyenergia.gob.ec\/ambiente\/wp-json\/wp\/v2\/categories?post=13889"},{"taxonomy":"post_tag","embeddable":true,"href":"https:\/\/www.ambienteyenergia.gob.ec\/ambiente\/wp-json\/wp\/v2\/tags?post=13889"}],"curies":[{"name":"wp","href":"https:\/\/api.w.org\/{rel}","templated":true}]}}