{"id":13879,"date":"2013-08-06T14:57:37","date_gmt":"2013-08-06T19:57:37","guid":{"rendered":"http:\/\/www.ambiente.gob.ec\/?p=13879"},"modified":"2013-08-06T15:57:55","modified_gmt":"2013-08-06T20:57:55","slug":"mae-participa-en-la-feria-expotrade-en-quito","status":"publish","type":"post","link":"https:\/\/www.ambienteyenergia.gob.ec\/ambiente\/mae-participa-en-la-feria-expotrade-en-quito\/","title":{"rendered":"MAE participa en la Feria Expotrade en Quito"},"content":{"rendered":"<p style=\"text-align: justify;\">El Ministerio del Ambiente (MAE) participa en la Feria Ecoador Expotrade, que se desarrolla en el Palacio del Cristal del Parque Itchimb\u00eda, con el objetivo de apoyar la iniciativa Yasun\u00ed ITT. La exposici\u00f3n est\u00e1 abierta al p\u00fablico del 5 al 7 de agosto, de 10:00 a 18:00. El ingreso es gratuito y los aportes voluntarios. La ciudadan\u00eda puede colaborar con art\u00edculos reciclables como botellas, pilas y celulares, y depositarlos en cualquiera de las dos \u00e1nforas que est\u00e1n en la entrada y salida del lugar.<\/p>\n<p style=\"text-align: justify;\">La empresa Retos Ecol\u00f3gicos es quien organiz\u00f3 la feria. Pablo Recalde, Gerente de Retos Ecol\u00f3gicos mencion\u00f3 que \u201ceste tipo de eventos son claves para concienciar a la ciudadan\u00eda y l\u00f3gicamente el aporte del MAE es fundamental en estos procesos\u201d.<\/p>\n<p style=\"text-align: justify;\">La conservaci\u00f3n de las \u00e1reas protegidas fue la tem\u00e1tica que promovi\u00f3 el MAE en su stand. \u201cSe impulsa a la gente a visitar estos hermosos ecosistemas y a conservarlos\u201d, explic\u00f3 David Veintimilla, t\u00e9cnico de la Direcci\u00f3n de Biodiversidad del MAE.<\/p>\n<p style=\"text-align: justify;\">Leonardo Melo, estudiante del sindicato de choferes de Pichincha, asegur\u00f3 que con este tipo de informaci\u00f3n se puede identificar el trabajo que realiza esta Cartera de Estado para preservar las \u00e1reas naturales. \u201cNuestro deber como ciudadanos es cuidar las \u00e1reas protegidas y sumar acciones para preservarlas\u201d, afirm\u00f3.<\/p>\n<p style=\"text-align: justify;\">Asimismo, se explicaron otros proyectos del MAE en pro de la conservaci\u00f3n como el programa Socio Bosque. \u201cEste programa es nuevo para m\u00ed, el saber que al conservar los bosques puedo recibir un incentivo es excelente, porque podemos aportar a la protecci\u00f3n del ambiente y beneficiarnos de ello al mismo tiempo\u201d, coment\u00f3 Melo.<\/p>\n<p style=\"text-align: justify;\">Alexandra Bach\u00f3n, ciudadana que visit\u00f3 el stand del MAE, afirm\u00f3 que iniciativas como estas se deben replicar, para dar a conocer a los ecuatorianos las bellezas que tiene el Ecuador. \u201cMuchas veces estamos tan cerca de reservas ecol\u00f3gicas y no las conocemos\u201d, dijo.<\/p>\n<p style=\"text-align: justify;\">En la feria participan alrededor de 30 instituciones p\u00fablicas y privadas que fomentan y apoyan este importante compromiso ambiental, que tiene como finalidad mantener el petr\u00f3leo del Yasun\u00ed bajo tierra y con esto preservar la biodiversidad \u00fanica que posee.<\/p>\n<div id='gallery-1' class='gallery galleryid-13879 gallery-columns-4 gallery-size-thumbnail'><dl class='gallery-item'>\n\t\t\t<dt class='gallery-icon landscape'>\n\t\t\t\t<a href='https:\/\/www.ambienteyenergia.gob.ec\/ambiente\/mae-participa-en-la-feria-expotrade-en-quito\/_mg_2348\/'><img loading=\"lazy\" decoding=\"async\" width=\"150\" height=\"150\" src=\"https:\/\/www.ambienteyenergia.gob.ec\/ambiente\/wp-content\/uploads\/sites\/2\/2013\/08\/MG_2348-150x150.jpg\" class=\"attachment-thumbnail size-thumbnail\" alt=\"\" \/><\/a>\n\t\t\t<\/dt><\/dl><dl class='gallery-item'>\n\t\t\t<dt class='gallery-icon landscape'>\n\t\t\t\t<a href='https:\/\/www.ambienteyenergia.gob.ec\/ambiente\/mae-participa-en-la-feria-expotrade-en-quito\/_mg_2357\/'><img loading=\"lazy\" decoding=\"async\" width=\"150\" height=\"150\" src=\"https:\/\/www.ambienteyenergia.gob.ec\/ambiente\/wp-content\/uploads\/sites\/2\/2013\/08\/MG_2357-150x150.jpg\" class=\"attachment-thumbnail size-thumbnail\" alt=\"\" \/><\/a>\n\t\t\t<\/dt><\/dl><dl class='gallery-item'>\n\t\t\t<dt class='gallery-icon landscape'>\n\t\t\t\t<a href='https:\/\/www.ambienteyenergia.gob.ec\/ambiente\/mae-participa-en-la-feria-expotrade-en-quito\/_mg_2372\/'><img loading=\"lazy\" decoding=\"async\" width=\"150\" height=\"150\" src=\"https:\/\/www.ambienteyenergia.gob.ec\/ambiente\/wp-content\/uploads\/sites\/2\/2013\/08\/MG_2372-150x150.jpg\" class=\"attachment-thumbnail size-thumbnail\" alt=\"\" \/><\/a>\n\t\t\t<\/dt><\/dl><dl class='gallery-item'>\n\t\t\t<dt class='gallery-icon landscape'>\n\t\t\t\t<a href='https:\/\/www.ambienteyenergia.gob.ec\/ambiente\/mae-participa-en-la-feria-expotrade-en-quito\/_mg_2379\/'><img loading=\"lazy\" decoding=\"async\" width=\"150\" height=\"150\" src=\"https:\/\/www.ambienteyenergia.gob.ec\/ambiente\/wp-content\/uploads\/sites\/2\/2013\/08\/MG_2379-150x150.jpg\" class=\"attachment-thumbnail size-thumbnail\" alt=\"\" \/><\/a>\n\t\t\t<\/dt><\/dl><br style=\"clear: both\" \/><dl class='gallery-item'>\n\t\t\t<dt class='gallery-icon landscape'>\n\t\t\t\t<a href='https:\/\/www.ambienteyenergia.gob.ec\/ambiente\/mae-participa-en-la-feria-expotrade-en-quito\/_mg_2391\/'><img loading=\"lazy\" decoding=\"async\" width=\"150\" height=\"150\" src=\"https:\/\/www.ambienteyenergia.gob.ec\/ambiente\/wp-content\/uploads\/sites\/2\/2013\/08\/MG_2391-150x150.jpg\" class=\"attachment-thumbnail size-thumbnail\" alt=\"\" \/><\/a>\n\t\t\t<\/dt><\/dl>\n\t\t\t<br style='clear: both' \/>\n\t\t<\/div>\n\n<p>&nbsp;<\/p>\n","protected":false},"excerpt":{"rendered":"<p class=\"excerpt\">El Ministerio del Ambiente (MAE) participa en la Feria Ecoador Expotrade, que se desarrolla en el Palacio del Cristal del Parque Itchimb\u00eda, con el objetivo de apoyar la iniciativa Yasun\u00ed ITT. La exposici\u00f3n est\u00e1 abierta al p\u00fablico del 5 al 7 de agosto, de 10:00 a 18:00. El ingreso es gratuito y los aportes voluntarios. La ciudadan\u00eda puede colaborar con&hellip; <a href=\"https:\/\/www.ambienteyenergia.gob.ec\/ambiente\/mae-participa-en-la-feria-expotrade-en-quito\/\">Read more &rarr;<\/a><\/p>\n","protected":false},"author":13,"featured_media":13880,"comment_status":"open","ping_status":"open","sticky":false,"template":"","format":"standard","meta":{"footnotes":""},"categories":[16,4],"tags":[],"class_list":["post-13879","post","type-post","status-publish","format-standard","has-post-thumbnail","hentry","category-comunicamos","category-noticias","xfolkentry"],"_links":{"self":[{"href":"https:\/\/www.ambienteyenergia.gob.ec\/ambiente\/wp-json\/wp\/v2\/posts\/13879","targetHints":{"allow":["GET"]}}],"collection":[{"href":"https:\/\/www.ambienteyenergia.gob.ec\/ambiente\/wp-json\/wp\/v2\/posts"}],"about":[{"href":"https:\/\/www.ambienteyenergia.gob.ec\/ambiente\/wp-json\/wp\/v2\/types\/post"}],"author":[{"embeddable":true,"href":"https:\/\/www.ambienteyenergia.gob.ec\/ambiente\/wp-json\/wp\/v2\/users\/13"}],"replies":[{"embeddable":true,"href":"https:\/\/www.ambienteyenergia.gob.ec\/ambiente\/wp-json\/wp\/v2\/comments?post=13879"}],"version-history":[{"count":0,"href":"https:\/\/www.ambienteyenergia.gob.ec\/ambiente\/wp-json\/wp\/v2\/posts\/13879\/revisions"}],"wp:featuredmedia":[{"embeddable":true,"href":"https:\/\/www.ambienteyenergia.gob.ec\/ambiente\/wp-json\/wp\/v2\/media\/13880"}],"wp:attachment":[{"href":"https:\/\/www.ambienteyenergia.gob.ec\/ambiente\/wp-json\/wp\/v2\/media?parent=13879"}],"wp:term":[{"taxonomy":"category","embeddable":true,"href":"https:\/\/www.ambienteyenergia.gob.ec\/ambiente\/wp-json\/wp\/v2\/categories?post=13879"},{"taxonomy":"post_tag","embeddable":true,"href":"https:\/\/www.ambienteyenergia.gob.ec\/ambiente\/wp-json\/wp\/v2\/tags?post=13879"}],"curies":[{"name":"wp","href":"https:\/\/api.w.org\/{rel}","templated":true}]}}