{"id":13871,"date":"2013-08-06T12:29:53","date_gmt":"2013-08-06T17:29:53","guid":{"rendered":"http:\/\/www.ambiente.gob.ec\/?p=13871"},"modified":"2013-08-06T12:29:53","modified_gmt":"2013-08-06T17:29:53","slug":"mae-capacito-sobre-prevencion-de-incendios-forestales-a-personal-del-batallon-de-infanteria-macara-loja","status":"publish","type":"post","link":"https:\/\/www.ambienteyenergia.gob.ec\/ambiente\/mae-capacito-sobre-prevencion-de-incendios-forestales-a-personal-del-batallon-de-infanteria-macara-loja\/","title":{"rendered":"MAE capacit\u00f3 sobre prevenci\u00f3n de incendios forestales a personal del Batall\u00f3n de Infanter\u00eda Macar\u00e1, Loja"},"content":{"rendered":"<p style=\"text-align: justify;\">El Ministerio del Ambiente (MAE), en coordinaci\u00f3n con el la\u00a0 Unidad de Gesti\u00f3n Ambiental y el Cuerpo de Bomberos de Macar\u00e1, el pasado 1 de agosto, realiz\u00f3 un taller de <strong>Prevenci\u00f3n de Incendios Forestales<\/strong>, en Loja. La capacitaci\u00f3n estuvo dirigida a m\u00e1s de 100 personas del Batall\u00f3n de Infanter\u00eda Macar\u00e1. El objetivo de esta capacitaci\u00f3n fue concienciar sobre la importancia de prevenir los incendios forestales y conocer m\u00e1s sobre las medidas preventivas y m\u00e9todos para combatir flagelos.<\/p>\n<p style=\"text-align: justify;\">Los temas tratados fueron incendios forestales, definici\u00f3n de fuego, elementos del fuego, causas de incendios forestales, consecuencias de los incendios forestales y primeros auxilios.<\/p>\n<p style=\"text-align: justify;\">Esta actividad se desarrolla en el marco de la Campa\u00f1a de Prevenci\u00f3n de Incendios Forestales que ejecuta el MAE a nivel nacional.<\/p>\n<p style=\"text-align: justify;\">Asimismo, se realizaron reuniones de coordinaci\u00f3n con las autoridades a nivel Cantonal para fomentar la r\u00e9plica de estos talleres a nivel cantonal y parroquial, en las jurisdicciones de Zapotillo, Macar\u00e1 y Sozoranga.<\/p>\n<p style=\"text-align: justify;\">\n","protected":false},"excerpt":{"rendered":"<p class=\"excerpt\">El Ministerio del Ambiente (MAE), en coordinaci\u00f3n con el la\u00a0 Unidad de Gesti\u00f3n Ambiental y el Cuerpo de Bomberos de Macar\u00e1, el pasado 1 de agosto, realiz\u00f3 un taller de Prevenci\u00f3n de Incendios Forestales, en Loja. La capacitaci\u00f3n estuvo dirigida a m\u00e1s de 100 personas del Batall\u00f3n de Infanter\u00eda Macar\u00e1. El objetivo de esta capacitaci\u00f3n fue concienciar sobre la importancia&hellip; <a href=\"https:\/\/www.ambienteyenergia.gob.ec\/ambiente\/mae-capacito-sobre-prevencion-de-incendios-forestales-a-personal-del-batallon-de-infanteria-macara-loja\/\">Read more &rarr;<\/a><\/p>\n","protected":false},"author":13,"featured_media":13872,"comment_status":"open","ping_status":"open","sticky":false,"template":"","format":"standard","meta":{"footnotes":""},"categories":[16,4],"tags":[],"class_list":["post-13871","post","type-post","status-publish","format-standard","has-post-thumbnail","hentry","category-comunicamos","category-noticias","xfolkentry"],"_links":{"self":[{"href":"https:\/\/www.ambienteyenergia.gob.ec\/ambiente\/wp-json\/wp\/v2\/posts\/13871","targetHints":{"allow":["GET"]}}],"collection":[{"href":"https:\/\/www.ambienteyenergia.gob.ec\/ambiente\/wp-json\/wp\/v2\/posts"}],"about":[{"href":"https:\/\/www.ambienteyenergia.gob.ec\/ambiente\/wp-json\/wp\/v2\/types\/post"}],"author":[{"embeddable":true,"href":"https:\/\/www.ambienteyenergia.gob.ec\/ambiente\/wp-json\/wp\/v2\/users\/13"}],"replies":[{"embeddable":true,"href":"https:\/\/www.ambienteyenergia.gob.ec\/ambiente\/wp-json\/wp\/v2\/comments?post=13871"}],"version-history":[{"count":0,"href":"https:\/\/www.ambienteyenergia.gob.ec\/ambiente\/wp-json\/wp\/v2\/posts\/13871\/revisions"}],"wp:featuredmedia":[{"embeddable":true,"href":"https:\/\/www.ambienteyenergia.gob.ec\/ambiente\/wp-json\/wp\/v2\/media\/13872"}],"wp:attachment":[{"href":"https:\/\/www.ambienteyenergia.gob.ec\/ambiente\/wp-json\/wp\/v2\/media?parent=13871"}],"wp:term":[{"taxonomy":"category","embeddable":true,"href":"https:\/\/www.ambienteyenergia.gob.ec\/ambiente\/wp-json\/wp\/v2\/categories?post=13871"},{"taxonomy":"post_tag","embeddable":true,"href":"https:\/\/www.ambienteyenergia.gob.ec\/ambiente\/wp-json\/wp\/v2\/tags?post=13871"}],"curies":[{"name":"wp","href":"https:\/\/api.w.org\/{rel}","templated":true}]}}