{"id":13864,"date":"2013-08-06T09:47:31","date_gmt":"2013-08-06T14:47:31","guid":{"rendered":"http:\/\/www.ambiente.gob.ec\/?p=13864"},"modified":"2013-08-06T09:49:15","modified_gmt":"2013-08-06T14:49:15","slug":"hoy-se-conmemora-el-dia-del-no-ruido","status":"publish","type":"post","link":"https:\/\/www.ambienteyenergia.gob.ec\/ambiente\/hoy-se-conmemora-el-dia-del-no-ruido\/","title":{"rendered":"Hoy, se conmemora el D\u00eda del No Ruido"},"content":{"rendered":"<p style=\"text-align: justify;\">Hoy, se conmemora el <strong>D\u00eda del No Ruido<\/strong>, con el objetivo de<strong> concienciar a la poblaci\u00f3n<\/strong> sobre lo molestoso que resulta el ruido excesivo y los <strong>efectos da\u00f1inos<\/strong> que tiene sobre la salud y el ambiente. Este fen\u00f3meno auditivo es una de las principales fuentes de molestia para la poblaci\u00f3n y el ambiente, causando problemas de salud y alterando las condiciones naturales de los ecosistemas.<\/p>\n<p style=\"text-align: justify;\">En respuesta a esta problem\u00e1tica, el Ministerio del Ambiente (MAE) realiza un <strong>control y seguimiento del ruido<\/strong> a partir de la verificaci\u00f3n del cumplimiento del Plan de Manejo Ambiental con el que cuentan los distintos proyectos y actividades. Esto se lo realiza a trav\u00e9s de <strong>auditor\u00edas ambientales y reportes de monitoreo ambiental,<\/strong>\u00a0que son ejecutados con metodolog\u00eda estandarizada y mediante laboratorios acreditados.<\/p>\n<p style=\"text-align: justify;\">Los sonidos con mayor intensidad provienen de diversas fuentes, entre ellas, industrias, tr\u00e1fico de veh\u00edculos, construcciones y eventos deportivos\/recreativos, entre otras. En ese sentido, el MAE ha expedido la normativa sobre \u201cL\u00edmites permisibles de niveles de ruido ambiente para fuentes fijas, fuentes m\u00f3viles, y vibraciones\u201d y una \u201cNorma de Ruido de Aeropuertos\u201d, que se presenta en el Anexo 5 y Anexo 9 del Libro VI del <strong>Texto Unificado de Legislaci\u00f3n Secundaria del Ministerio del Ambiente (TULSMA)<\/strong>. En el documento se <strong>establecen los l\u00edmites m\u00e1ximos permisibles de ruido<\/strong> para fuentes fijas como por ejemplo industrias y recintos aeroportuarios, y fuentes m\u00f3viles como veh\u00edculos.<\/p>\n<p style=\"text-align: justify;\">Asimismo, esta Cartera de Estado trabaja en <strong>proyectos de educaci\u00f3n ambiental<\/strong> con la poblaci\u00f3n, con el fin de concienciarlos sobre diversos temas ecol\u00f3gicos. Uno de ellos es la \u201cRed Ecol\u00f3gica Guardianes del Planeta\u201d, cuyo objetivo es <strong>formar una cultura ambiental<\/strong> especialmente en ni\u00f1os, a trav\u00e9s de talleres y actividades l\u00fadico-cognitivas.<\/p>\n<p style=\"text-align: justify;\">El ruido es parte de la contaminaci\u00f3n ambiental, ay\u00fadanos a combatirlo. Toma en cuenta las siguientes recomendaciones:<\/p>\n<ul>\n<li>Procura no hacer ruido, respeta el derecho de los dem\u00e1s de estar en un ambiente tranquilo.<\/li>\n<li>No uses la bocina del autom\u00f3vil innecesariamente.<\/li>\n<li>Cuando escuches m\u00fasica o mires televisi\u00f3n en un lugar p\u00fablico, procura que el volumen no sea excesivo.<\/li>\n<li>No es necesario que grites, modula tu voz, para que no moleste a los dem\u00e1s.<\/li>\n<li>No cierres las puertas bruscamente.<\/li>\n<li>Limita el uso de auriculares, puede afectar tu salud.<\/li>\n<\/ul>\n","protected":false},"excerpt":{"rendered":"<p class=\"excerpt\">Hoy, se conmemora el D\u00eda del No Ruido, con el objetivo de concienciar a la poblaci\u00f3n sobre lo molestoso que resulta el ruido excesivo y los efectos da\u00f1inos que tiene sobre la salud y el ambiente. Este fen\u00f3meno auditivo es una de las principales fuentes de molestia para la poblaci\u00f3n y el ambiente, causando problemas de salud y alterando las&hellip; <a href=\"https:\/\/www.ambienteyenergia.gob.ec\/ambiente\/hoy-se-conmemora-el-dia-del-no-ruido\/\">Read more &rarr;<\/a><\/p>\n","protected":false},"author":13,"featured_media":13865,"comment_status":"open","ping_status":"open","sticky":false,"template":"","format":"standard","meta":{"footnotes":""},"categories":[81,4],"tags":[],"class_list":["post-13864","post","type-post","status-publish","format-standard","has-post-thumbnail","hentry","category-convocatorias","category-noticias","xfolkentry"],"_links":{"self":[{"href":"https:\/\/www.ambienteyenergia.gob.ec\/ambiente\/wp-json\/wp\/v2\/posts\/13864","targetHints":{"allow":["GET"]}}],"collection":[{"href":"https:\/\/www.ambienteyenergia.gob.ec\/ambiente\/wp-json\/wp\/v2\/posts"}],"about":[{"href":"https:\/\/www.ambienteyenergia.gob.ec\/ambiente\/wp-json\/wp\/v2\/types\/post"}],"author":[{"embeddable":true,"href":"https:\/\/www.ambienteyenergia.gob.ec\/ambiente\/wp-json\/wp\/v2\/users\/13"}],"replies":[{"embeddable":true,"href":"https:\/\/www.ambienteyenergia.gob.ec\/ambiente\/wp-json\/wp\/v2\/comments?post=13864"}],"version-history":[{"count":0,"href":"https:\/\/www.ambienteyenergia.gob.ec\/ambiente\/wp-json\/wp\/v2\/posts\/13864\/revisions"}],"wp:featuredmedia":[{"embeddable":true,"href":"https:\/\/www.ambienteyenergia.gob.ec\/ambiente\/wp-json\/wp\/v2\/media\/13865"}],"wp:attachment":[{"href":"https:\/\/www.ambienteyenergia.gob.ec\/ambiente\/wp-json\/wp\/v2\/media?parent=13864"}],"wp:term":[{"taxonomy":"category","embeddable":true,"href":"https:\/\/www.ambienteyenergia.gob.ec\/ambiente\/wp-json\/wp\/v2\/categories?post=13864"},{"taxonomy":"post_tag","embeddable":true,"href":"https:\/\/www.ambienteyenergia.gob.ec\/ambiente\/wp-json\/wp\/v2\/tags?post=13864"}],"curies":[{"name":"wp","href":"https:\/\/api.w.org\/{rel}","templated":true}]}}