{"id":13860,"date":"2013-08-06T08:52:01","date_gmt":"2013-08-06T13:52:01","guid":{"rendered":"http:\/\/www.ambiente.gob.ec\/?p=13860"},"modified":"2013-08-06T08:52:12","modified_gmt":"2013-08-06T13:52:12","slug":"tigrillo-fue-restado-en-manabi","status":"publish","type":"post","link":"https:\/\/www.ambienteyenergia.gob.ec\/ambiente\/tigrillo-fue-restado-en-manabi\/","title":{"rendered":"Tigrillo fue rescatado en Manab\u00ed"},"content":{"rendered":"<p style=\"text-align: justify;\">Un tigrillo fue rescatado por el Ministerio del Ambiente (MAE), el pasado 4 de julio, \u00a0tras una denuncia telef\u00f3nica en la que indicaron que el esp\u00e9cimen se encontraba en el cant\u00f3n Tosagua, provincia de Manab\u00ed. Inmediatamente la Autoridad Ambiental se moviliz\u00f3 al lugar para asistir al felino.<\/p>\n<p style=\"text-align: justify;\">Habitantes del sector se comunicaron con Mayra Vera, responsable del Refugio de Vida Silvestre Isla Coraz\u00f3n y Fragata, para informar sobre la presencia del ejemplar en el recinto El Verdum. El animal fue atacado por varios perros, por lo que sus extremidades traseras se vieron afectadas. Un ciudadano al observar el mal estado del esp\u00e9cimen, le brind\u00f3 ayuda y lo protegi\u00f3 mientras llegaba el MAE.<\/p>\n<p style=\"text-align: justify;\">El tigrillo, de aproximadamente \u00a0un a\u00f1o de edad, fue trasladado por guardaparques del MAE hasta el Centro de rescate \u201cNuestra Fauna\u201d de la Universidad T\u00e9cnica de Manab\u00ed, donde el veterinario luego de evaluar su estado de salud, sugiri\u00f3 que el animal permanezca en el \u00e1rea de cuarentena hasta su recuperaci\u00f3n. Ah\u00ed, lo mantendr\u00e1n en observaci\u00f3n y bajo los cuidados adecuados para determinar si es posible reinsertarlo en su h\u00e1bitat.<\/p>\n","protected":false},"excerpt":{"rendered":"<p class=\"excerpt\">Un tigrillo fue rescatado por el Ministerio del Ambiente (MAE), el pasado 4 de julio, \u00a0tras una denuncia telef\u00f3nica en la que indicaron que el esp\u00e9cimen se encontraba en el cant\u00f3n Tosagua, provincia de Manab\u00ed. Inmediatamente la Autoridad Ambiental se moviliz\u00f3 al lugar para asistir al felino. Habitantes del sector se comunicaron con Mayra Vera, responsable del Refugio de Vida&hellip; <a href=\"https:\/\/www.ambienteyenergia.gob.ec\/ambiente\/tigrillo-fue-restado-en-manabi\/\">Read more &rarr;<\/a><\/p>\n","protected":false},"author":13,"featured_media":13861,"comment_status":"open","ping_status":"open","sticky":false,"template":"","format":"standard","meta":{"footnotes":""},"categories":[16,4],"tags":[],"class_list":["post-13860","post","type-post","status-publish","format-standard","has-post-thumbnail","hentry","category-comunicamos","category-noticias","xfolkentry"],"_links":{"self":[{"href":"https:\/\/www.ambienteyenergia.gob.ec\/ambiente\/wp-json\/wp\/v2\/posts\/13860","targetHints":{"allow":["GET"]}}],"collection":[{"href":"https:\/\/www.ambienteyenergia.gob.ec\/ambiente\/wp-json\/wp\/v2\/posts"}],"about":[{"href":"https:\/\/www.ambienteyenergia.gob.ec\/ambiente\/wp-json\/wp\/v2\/types\/post"}],"author":[{"embeddable":true,"href":"https:\/\/www.ambienteyenergia.gob.ec\/ambiente\/wp-json\/wp\/v2\/users\/13"}],"replies":[{"embeddable":true,"href":"https:\/\/www.ambienteyenergia.gob.ec\/ambiente\/wp-json\/wp\/v2\/comments?post=13860"}],"version-history":[{"count":0,"href":"https:\/\/www.ambienteyenergia.gob.ec\/ambiente\/wp-json\/wp\/v2\/posts\/13860\/revisions"}],"wp:featuredmedia":[{"embeddable":true,"href":"https:\/\/www.ambienteyenergia.gob.ec\/ambiente\/wp-json\/wp\/v2\/media\/13861"}],"wp:attachment":[{"href":"https:\/\/www.ambienteyenergia.gob.ec\/ambiente\/wp-json\/wp\/v2\/media?parent=13860"}],"wp:term":[{"taxonomy":"category","embeddable":true,"href":"https:\/\/www.ambienteyenergia.gob.ec\/ambiente\/wp-json\/wp\/v2\/categories?post=13860"},{"taxonomy":"post_tag","embeddable":true,"href":"https:\/\/www.ambienteyenergia.gob.ec\/ambiente\/wp-json\/wp\/v2\/tags?post=13860"}],"curies":[{"name":"wp","href":"https:\/\/api.w.org\/{rel}","templated":true}]}}