{"id":13838,"date":"2013-08-04T20:35:53","date_gmt":"2013-08-05T01:35:53","guid":{"rendered":"http:\/\/www.ambiente.gob.ec\/?p=13838"},"modified":"2013-08-05T09:29:43","modified_gmt":"2013-08-05T14:29:43","slug":"el-osezno-de-anteojos-pinocho-fue-dado-de-alta-de-la-veterinaria","status":"publish","type":"post","link":"https:\/\/www.ambienteyenergia.gob.ec\/ambiente\/el-osezno-de-anteojos-pinocho-fue-dado-de-alta-de-la-veterinaria\/","title":{"rendered":"El osezno  de anteojos &#8216;Pinocho&#8217; fue dado de alta de la veterinaria"},"content":{"rendered":"<p style=\"text-align: justify;\">El osezno de anteojos \u201cPinocho\u201d\u00a0(Tremarctos\u00a0ornatus), de aproximadamente 2 meses de edad fue dado de alta oficialmente del per\u00edodo de hospitalizaci\u00f3n hoy. Una evaluaci\u00f3n final determin\u00f3 que est\u00e1 bien de salud, al no encontrar hallazgos patol\u00f3gicos evidentes. El osezno fue rescatado, el pasado 26 de julio, por el Ministerio del Ambiente del Ecuador (MAE).<\/p>\n<p style=\"text-align: justify;\">El\u00a0peque\u00f1o mam\u00edfero\u00a0fue encontrado\u00a0el anterior 25 de julio,\u00a0por funcionarios de una instituci\u00f3n p\u00fablica\u00a0mientras realizaban sus actividades rutinarias. El MAE inmediatamente acudi\u00f3 para brindarle la atenci\u00f3n necesaria.<\/p>\n<p style=\"text-align: justify;\">\u201cPinocho\u201d ingres\u00f3 a la cl\u00ednica veterinaria Planeta Vida\u00a0 (ubicada en Latacunga), con el 8% de deshidrataci\u00f3n, mucosas p\u00e1lidas y notable decaimiento. Pero, luego de recibir los tratamientos m\u00e9dicos adecuados, el osezno mostr\u00f3 una r\u00e1pida mejor\u00eda, evidenciada en su actividad juguetona y el incremento en su apetito. Adicional a esto, al osezno tambi\u00e9n se le coloc\u00f3 un chip AVID de identificaci\u00f3n, que permitir\u00e1 monitorearlo todo el tiempo, cuando este sea reinsertado en su h\u00e1bitat.<\/p>\n<p style=\"text-align: justify;\">\u00abEl objetivo fundamental de esta intervenci\u00f3n fue precautelar la salud del mam\u00edfero y movilizarlo\u00a0a una cl\u00ednica\u00a0veterinaria,\u00a0donde reciba\u00a0atenci\u00f3n especializada\u00bb, afirm\u00f3 d\u00edas atr\u00e1s en una rueda de prensa la Ministra del Ambiente, Lorena Tapia.<\/p>\n<p style=\"text-align: justify;\">La segunda etapa fue el traslado del osezno a un centro de tenencia y manejo de fauna silvestre, avalado por el MAE. En este caso, la mejor opci\u00f3n, por cercan\u00eda, y\u00a0 para evitar el estr\u00e9s del animal fue el Ecozool\u00f3gico San Mart\u00edn, ubicado en la ciudad de Ba\u00f1os, donde se iniciar\u00e1 un Plan de Rehabilitaci\u00f3n con el ejemplar. Este proceso tiene una duraci\u00f3n de entre cuatro y seis meses.<\/p>\n<p style=\"text-align: justify;\">Pinocho fue trasladado al ecozool\u00f3gico de Ba\u00f1os en una jaula adecuada para su movilizaci\u00f3n. Durante la traves\u00eda no se present\u00f3 ning\u00fan inconveniente, ni cambios aparentes en su salud. Al llegar al centro de fauna silvestre, funcionarios del MAE verificaron las instalaciones en las que permanecer\u00e1 el peque\u00f1o oso y se aseguraron de que el \u00e1rea de cuarentena cuente con agua, ventilaci\u00f3n, luminosidad, sombra, una casa hecha de madera de pino asemejando una guarida y espacio suficiente para que simule un ambiente natural.<\/p>\n<p style=\"text-align: justify;\">Hay que recalcar que el esp\u00e9cimen no va a estar expuesto a la visita del p\u00fablico,\u00a0 justamente para evitar la p\u00e9rdida de su estado salvaje.El zool\u00f3gico tiene una \u00e1rea espec\u00edfica para procesos de rehabilitaci\u00f3n como el que tendr\u00e1 que atravesar el osezno.<\/p>\n<div id='gallery-1' class='gallery galleryid-13838 gallery-columns-4 gallery-size-thumbnail'><dl class='gallery-item'>\n\t\t\t<dt class='gallery-icon landscape'>\n\t\t\t\t<a href='https:\/\/www.ambienteyenergia.gob.ec\/ambiente\/el-osezno-de-anteojos-pinocho-fue-dado-de-alta-de-la-veterinaria\/oso-2\/'><img loading=\"lazy\" decoding=\"async\" width=\"150\" height=\"150\" src=\"https:\/\/www.ambienteyenergia.gob.ec\/ambiente\/wp-content\/uploads\/sites\/2\/2013\/08\/oso-150x150.jpg\" class=\"attachment-thumbnail size-thumbnail\" alt=\"\" \/><\/a>\n\t\t\t<\/dt><\/dl><dl class='gallery-item'>\n\t\t\t<dt class='gallery-icon landscape'>\n\t\t\t\t<a href='https:\/\/www.ambienteyenergia.gob.ec\/ambiente\/el-osezno-de-anteojos-pinocho-fue-dado-de-alta-de-la-veterinaria\/dsc03880\/'><img loading=\"lazy\" decoding=\"async\" width=\"150\" height=\"150\" src=\"https:\/\/www.ambienteyenergia.gob.ec\/ambiente\/wp-content\/uploads\/sites\/2\/2013\/08\/DSC03880-150x150.jpg\" class=\"attachment-thumbnail size-thumbnail\" alt=\"\" \/><\/a>\n\t\t\t<\/dt><\/dl><dl class='gallery-item'>\n\t\t\t<dt class='gallery-icon portrait'>\n\t\t\t\t<a href='https:\/\/www.ambienteyenergia.gob.ec\/ambiente\/el-osezno-de-anteojos-pinocho-fue-dado-de-alta-de-la-veterinaria\/la-foto-1\/'><img loading=\"lazy\" decoding=\"async\" width=\"150\" height=\"150\" src=\"https:\/\/www.ambienteyenergia.gob.ec\/ambiente\/wp-content\/uploads\/sites\/2\/2013\/08\/la-foto-1-150x150.jpg\" class=\"attachment-thumbnail size-thumbnail\" alt=\"\" \/><\/a>\n\t\t\t<\/dt><\/dl><dl class='gallery-item'>\n\t\t\t<dt class='gallery-icon portrait'>\n\t\t\t\t<a href='https:\/\/www.ambienteyenergia.gob.ec\/ambiente\/el-osezno-de-anteojos-pinocho-fue-dado-de-alta-de-la-veterinaria\/la-foto-2\/'><img loading=\"lazy\" decoding=\"async\" width=\"150\" height=\"150\" src=\"https:\/\/www.ambienteyenergia.gob.ec\/ambiente\/wp-content\/uploads\/sites\/2\/2013\/08\/la-foto-2-150x150.jpg\" class=\"attachment-thumbnail size-thumbnail\" alt=\"\" \/><\/a>\n\t\t\t<\/dt><\/dl><br style=\"clear: both\" \/><dl class='gallery-item'>\n\t\t\t<dt class='gallery-icon portrait'>\n\t\t\t\t<a href='https:\/\/www.ambienteyenergia.gob.ec\/ambiente\/el-osezno-de-anteojos-pinocho-fue-dado-de-alta-de-la-veterinaria\/la-foto-3\/'><img loading=\"lazy\" decoding=\"async\" width=\"150\" height=\"150\" src=\"https:\/\/www.ambienteyenergia.gob.ec\/ambiente\/wp-content\/uploads\/sites\/2\/2013\/08\/la-foto-3-150x150.jpg\" class=\"attachment-thumbnail size-thumbnail\" alt=\"\" \/><\/a>\n\t\t\t<\/dt><\/dl>\n\t\t\t<br style='clear: both' \/>\n\t\t<\/div>\n\n","protected":false},"excerpt":{"rendered":"<p class=\"excerpt\">El osezno de anteojos \u201cPinocho\u201d\u00a0(Tremarctos\u00a0ornatus), de aproximadamente 2 meses de edad fue dado de alta oficialmente del per\u00edodo de hospitalizaci\u00f3n hoy. Una evaluaci\u00f3n final determin\u00f3 que est\u00e1 bien de salud, al no encontrar hallazgos patol\u00f3gicos evidentes. El osezno fue rescatado, el pasado 26 de julio, por el Ministerio del Ambiente del Ecuador (MAE). El\u00a0peque\u00f1o mam\u00edfero\u00a0fue encontrado\u00a0el anterior 25 de julio,\u00a0por&hellip; <a href=\"https:\/\/www.ambienteyenergia.gob.ec\/ambiente\/el-osezno-de-anteojos-pinocho-fue-dado-de-alta-de-la-veterinaria\/\">Read more &rarr;<\/a><\/p>\n","protected":false},"author":13,"featured_media":13851,"comment_status":"open","ping_status":"open","sticky":false,"template":"","format":"standard","meta":{"footnotes":""},"categories":[16,4],"tags":[],"class_list":["post-13838","post","type-post","status-publish","format-standard","has-post-thumbnail","hentry","category-comunicamos","category-noticias","xfolkentry"],"_links":{"self":[{"href":"https:\/\/www.ambienteyenergia.gob.ec\/ambiente\/wp-json\/wp\/v2\/posts\/13838","targetHints":{"allow":["GET"]}}],"collection":[{"href":"https:\/\/www.ambienteyenergia.gob.ec\/ambiente\/wp-json\/wp\/v2\/posts"}],"about":[{"href":"https:\/\/www.ambienteyenergia.gob.ec\/ambiente\/wp-json\/wp\/v2\/types\/post"}],"author":[{"embeddable":true,"href":"https:\/\/www.ambienteyenergia.gob.ec\/ambiente\/wp-json\/wp\/v2\/users\/13"}],"replies":[{"embeddable":true,"href":"https:\/\/www.ambienteyenergia.gob.ec\/ambiente\/wp-json\/wp\/v2\/comments?post=13838"}],"version-history":[{"count":0,"href":"https:\/\/www.ambienteyenergia.gob.ec\/ambiente\/wp-json\/wp\/v2\/posts\/13838\/revisions"}],"wp:featuredmedia":[{"embeddable":true,"href":"https:\/\/www.ambienteyenergia.gob.ec\/ambiente\/wp-json\/wp\/v2\/media\/13851"}],"wp:attachment":[{"href":"https:\/\/www.ambienteyenergia.gob.ec\/ambiente\/wp-json\/wp\/v2\/media?parent=13838"}],"wp:term":[{"taxonomy":"category","embeddable":true,"href":"https:\/\/www.ambienteyenergia.gob.ec\/ambiente\/wp-json\/wp\/v2\/categories?post=13838"},{"taxonomy":"post_tag","embeddable":true,"href":"https:\/\/www.ambienteyenergia.gob.ec\/ambiente\/wp-json\/wp\/v2\/tags?post=13838"}],"curies":[{"name":"wp","href":"https:\/\/api.w.org\/{rel}","templated":true}]}}