{"id":13832,"date":"2013-08-03T14:45:30","date_gmt":"2013-08-03T19:45:30","guid":{"rendered":"http:\/\/www.ambiente.gob.ec\/?p=13832"},"modified":"2013-08-03T10:47:07","modified_gmt":"2013-08-03T15:47:07","slug":"mae-trabaja-en-acciones-para-mitigar-la-sedimentacion-en-estuario-del-rio-chone","status":"publish","type":"post","link":"https:\/\/www.ambienteyenergia.gob.ec\/ambiente\/mae-trabaja-en-acciones-para-mitigar-la-sedimentacion-en-estuario-del-rio-chone\/","title":{"rendered":"MAE trabaja en acciones para mitigar la sedimentaci\u00f3n en Estuario del r\u00edo Chone"},"content":{"rendered":"<p style=\"text-align: justify;\">\u00c1ngelo Traverso, Coordinador Zonal 4 del Ministerio del Ambiente (MAE), expres\u00f3 \u00a0que la deforestaci\u00f3n es evidente en las colinas que circundan en el Estuario del R\u00edo Chone y en \u00a0las cuencas altas de los R\u00edos Chone y Carrizal (principales afluentes del Estuario). Esto ha venido as\u00ed desde la d\u00e9cada de los a\u00f1os 70 \u2013 80, \u00a0debido a un proceso erosivo de estas laderas.<\/p>\n<p style=\"text-align: justify;\">\u201cFue muy notorio en los fen\u00f3menos El Ni\u00f1o de los a\u00f1os 1983 y 1998 donde la r\u00eda (brazo de mar que depende de la acci\u00f3n de la marea) qued\u00f3 atascada en un gran porcentaje, perdiendo la\u00a0 capacidad navegable, adem\u00e1s de especies acu\u00e1ticas propias del ecosistema. Adicional a ello, la implantaci\u00f3n de sistemas de producci\u00f3n acu\u00edcola, contribuyeron al deterioro eco sist\u00e9mico de este estuario\u201d, afirm\u00f3 Traverso.<\/p>\n<p style=\"text-align: justify;\">Como m\u00e9todos de mitigaci\u00f3n y prevenci\u00f3n de impactos ambientales, el Ministerio de Ambiente (MAE), \u00a0ha realizado varias estrategias de intervenci\u00f3n, una de las cuales es la Regulaci\u00f3n de las Producciones Camaroneras en el pa\u00eds, \u00a0incluido el Estuario del R\u00edo Chone.\u00a0 \u201cMediante \u00a0el Acuerdo Ministerial n\u00famero 133 del \u00a030 de octubre de 2002, se declar\u00f3 \u00e1rea protegida al Refugio de Vida Silvestre Isla Coraz\u00f3n y Fragatas con una extensi\u00f3n de 800 hect\u00e1reas, esto como metodolog\u00eda de conservaci\u00f3n para los bosques en la zona\u201d, mencion\u00f3 Traverso.<\/p>\n<p style=\"text-align: justify;\">Asimismo, para controlar todas las actividades sociales, productivas, pesqueras y comerciales; el 28 de noviembre de 2012, seg\u00fan Acuerdo Ministerial No. 178, se incremento el \u00e1rea de Refugio de Vida Silvestre Isla Coraz\u00f3n y Fragatas el que actualmente incluye 2.811,67 hect\u00e1reas. Como parte de esto, tambi\u00e9n est\u00e1 por iniciar la ejecuci\u00f3n de la actualizaci\u00f3n del plan de manejo de esta \u00e1rea protegida, en el que se identificar\u00e1 la problem\u00e1tica actual \u00a0y los principales programas de conservaci\u00f3n que se pretenden implementar.<\/p>\n<p style=\"text-align: justify;\">En la actualidad, \u00a0el MAE \u00a0realiza el control, monitoreo, vigilancia, campa\u00f1as de reforestaci\u00f3n, educaci\u00f3n ambiental, vinculaci\u00f3n con \u00a0las comunidades aleda\u00f1as al Refugio, lo que permite integrar a la colectividad a ser parte del \u00a0manejo responsable del \u00e1rea.<\/p>\n<p style=\"text-align: justify;\">La erosi\u00f3n y sedimentaci\u00f3n son procesos naturales, que se presentan en cualquier pa\u00eds\u00a0 del mundo, por lo que hay que tomar medidas de mitigaci\u00f3n, en las que se debe de involucrar los Gobiernos Aut\u00f3nomos Descentralizados de Sucre y San Vicente, con el fin de buscar financiamiento para el estudio de un programa para el dragado de\u00a0 canales de navegaci\u00f3n.<\/p>\n<p style=\"text-align: justify;\">Por su parte, Mayra Vera, responsable del \u00e1rea protegida Isla Coraz\u00f3n y Fragatas, hizo conocer que la sedimentaci\u00f3n actual ha contribuido a que se manifieste de manera natural una regeneraci\u00f3n del bosque de manglar. \u201cLo que se observa en el sector, donde la especie Rizophora mangle (Mangle rojo) ha colonizado varias zonas azolvadas evidenci\u00e1ndose un proceso de sucesi\u00f3n ecol\u00f3gica en este tipo de cobertura vegetal\u201d, expres\u00f3..<\/p>\n<p>&nbsp;<\/p>\n","protected":false},"excerpt":{"rendered":"<p class=\"excerpt\">\u00c1ngelo Traverso, Coordinador Zonal 4 del Ministerio del Ambiente (MAE), expres\u00f3 \u00a0que la deforestaci\u00f3n es evidente en las colinas que circundan en el Estuario del R\u00edo Chone y en \u00a0las cuencas altas de los R\u00edos Chone y Carrizal (principales afluentes del Estuario). Esto ha venido as\u00ed desde la d\u00e9cada de los a\u00f1os 70 \u2013 80, \u00a0debido a un proceso erosivo&hellip; <a href=\"https:\/\/www.ambienteyenergia.gob.ec\/ambiente\/mae-trabaja-en-acciones-para-mitigar-la-sedimentacion-en-estuario-del-rio-chone\/\">Read more &rarr;<\/a><\/p>\n","protected":false},"author":13,"featured_media":13834,"comment_status":"open","ping_status":"open","sticky":false,"template":"","format":"standard","meta":{"footnotes":""},"categories":[16,4],"tags":[],"class_list":["post-13832","post","type-post","status-publish","format-standard","has-post-thumbnail","hentry","category-comunicamos","category-noticias","xfolkentry"],"_links":{"self":[{"href":"https:\/\/www.ambienteyenergia.gob.ec\/ambiente\/wp-json\/wp\/v2\/posts\/13832","targetHints":{"allow":["GET"]}}],"collection":[{"href":"https:\/\/www.ambienteyenergia.gob.ec\/ambiente\/wp-json\/wp\/v2\/posts"}],"about":[{"href":"https:\/\/www.ambienteyenergia.gob.ec\/ambiente\/wp-json\/wp\/v2\/types\/post"}],"author":[{"embeddable":true,"href":"https:\/\/www.ambienteyenergia.gob.ec\/ambiente\/wp-json\/wp\/v2\/users\/13"}],"replies":[{"embeddable":true,"href":"https:\/\/www.ambienteyenergia.gob.ec\/ambiente\/wp-json\/wp\/v2\/comments?post=13832"}],"version-history":[{"count":0,"href":"https:\/\/www.ambienteyenergia.gob.ec\/ambiente\/wp-json\/wp\/v2\/posts\/13832\/revisions"}],"wp:featuredmedia":[{"embeddable":true,"href":"https:\/\/www.ambienteyenergia.gob.ec\/ambiente\/wp-json\/wp\/v2\/media\/13834"}],"wp:attachment":[{"href":"https:\/\/www.ambienteyenergia.gob.ec\/ambiente\/wp-json\/wp\/v2\/media?parent=13832"}],"wp:term":[{"taxonomy":"category","embeddable":true,"href":"https:\/\/www.ambienteyenergia.gob.ec\/ambiente\/wp-json\/wp\/v2\/categories?post=13832"},{"taxonomy":"post_tag","embeddable":true,"href":"https:\/\/www.ambienteyenergia.gob.ec\/ambiente\/wp-json\/wp\/v2\/tags?post=13832"}],"curies":[{"name":"wp","href":"https:\/\/api.w.org\/{rel}","templated":true}]}}