{"id":13813,"date":"2013-08-03T10:32:51","date_gmt":"2013-08-03T15:32:51","guid":{"rendered":"http:\/\/www.ambiente.gob.ec\/?p=13813"},"modified":"2013-08-03T10:32:51","modified_gmt":"2013-08-03T15:32:51","slug":"mae-rescato-20-especimenes-de-fauna-silvestre-retenidos-en-una-hosteria-de-archidona-napo","status":"publish","type":"post","link":"https:\/\/www.ambienteyenergia.gob.ec\/ambiente\/mae-rescato-20-especimenes-de-fauna-silvestre-retenidos-en-una-hosteria-de-archidona-napo\/","title":{"rendered":"MAE rescat\u00f3 20 espec\u00edmenes de fauna silvestre, retenidos en una hoster\u00eda de Archidona (Napo)"},"content":{"rendered":"<p style=\"text-align: justify;\">Una guangana,\u00a0 una boa constrictor, ocho charapas, una tortuga mordedora, un caim\u00e1n de anteojos, tres guacamayos azul amarillo, un guacamayo rojo, dos pavas de monte, y dos\u00a0 loros alinaranja fueron decomisados el pasado 31 de julio, en un operativo del Ministerio del Ambiente (MAE) y la Unidad de Protecci\u00f3n de Medio Ambiente (UPMA) de la Polic\u00eda Nacional. Los espec\u00edmenes se encontraban en las instalaciones de una hoster\u00eda de Archidona, que fue allanada con una orden legal, luego de que sus due\u00f1os se negaran a entregar a los animales.<\/p>\n<p style=\"text-align: justify;\">El proceso inici\u00f3 en 2012.\u00a0 En junio de ese a\u00f1o, la Direcci\u00f3n Provincial de Ambiente de Napo, levant\u00f3 un\u00a0 proceso administrativo para decomisar\u00a0 los espec\u00edmenes retenidos de forma ilegal en esas instalaciones inadecuadas. Sin embargo, los involucrados\u00a0\u00a0 interpusieron un recurso de apelaci\u00f3n . Tras haber sido rechazado, se ratific\u00f3 el decomiso.<\/p>\n<p style=\"text-align: justify;\">As\u00ed el 31 de julio, con una orden de allanamiento en la Fiscal\u00eda de Archidona, un equipo conformado por personal t\u00e9cnico, veterinario del MAE y\u00a0 polic\u00eda ambiental, el Dr. Pablo Arias del zool\u00f3gico de Guayllabamba, m\u00e9dico veterinario Diego Medina de la cl\u00ednica Planeta vida, Dra Adriana J\u00e1come m\u00e9dico veterinario del zool\u00f3gico Selva Viva, nueve guardaparques del Parque Nacional Sumaco Napo Galeras y Reserva Ecol\u00f3gica Antisana;\u00a0 se movilizaron hacia el lugar para rescatar y prestar los cuidados necesarios a los animales.<\/p>\n<p style=\"text-align: justify;\">Los espec\u00edmenes fueron transportados a Centros de Tenencia de Vida Silvestre legalizados que cuentan con infraestructura adecuada y personal m\u00e9dico veterinario\u00a0 para realizar los chequeos m\u00e9dico respectivos\u00a0 y verificar su estado de salud. La guangana y la boa constrictor fueron trasladados al centro de Rescate Amazoonico, ubicado en la provincia de Napo y los dem\u00e1s fueron llevados\u00a0 hasta el zool\u00f3gico Selva Viva de la provincia de Pastaza.<\/p>\n<p style=\"text-align: justify;\">En esos lugares, los ejemplares permanecer\u00e1n en cuarentena, \u00a0y posteriormente\u00a0 se definir\u00e1 su destino definitivo. Para muchas de las especies, la rehabilitaci\u00f3n y \u00a0liberaci\u00f3n ser\u00e1n complicadas ya que permanecieron muchos a\u00f1os en cautiverio.<\/p>\n<div id='gallery-1' class='gallery galleryid-13813 gallery-columns-4 gallery-size-thumbnail'><dl class='gallery-item'>\n\t\t\t<dt class='gallery-icon landscape'>\n\t\t\t\t<a href='https:\/\/www.ambienteyenergia.gob.ec\/ambiente\/mae-rescato-20-especimenes-de-fauna-silvestre-retenidos-en-una-hosteria-de-archidona-napo\/_mg_2143\/'><img loading=\"lazy\" decoding=\"async\" width=\"150\" height=\"150\" src=\"https:\/\/www.ambienteyenergia.gob.ec\/ambiente\/wp-content\/uploads\/sites\/2\/2013\/08\/MG_2143-150x150.jpg\" class=\"attachment-thumbnail size-thumbnail\" alt=\"\" \/><\/a>\n\t\t\t<\/dt><\/dl><dl class='gallery-item'>\n\t\t\t<dt class='gallery-icon landscape'>\n\t\t\t\t<a href='https:\/\/www.ambienteyenergia.gob.ec\/ambiente\/mae-rescato-20-especimenes-de-fauna-silvestre-retenidos-en-una-hosteria-de-archidona-napo\/_mg_2163\/'><img loading=\"lazy\" decoding=\"async\" width=\"150\" height=\"150\" src=\"https:\/\/www.ambienteyenergia.gob.ec\/ambiente\/wp-content\/uploads\/sites\/2\/2013\/08\/MG_2163-150x150.jpg\" class=\"attachment-thumbnail size-thumbnail\" alt=\"\" \/><\/a>\n\t\t\t<\/dt><\/dl><dl class='gallery-item'>\n\t\t\t<dt class='gallery-icon landscape'>\n\t\t\t\t<a href='https:\/\/www.ambienteyenergia.gob.ec\/ambiente\/mae-rescato-20-especimenes-de-fauna-silvestre-retenidos-en-una-hosteria-de-archidona-napo\/_mg_2204\/'><img loading=\"lazy\" decoding=\"async\" width=\"150\" height=\"150\" src=\"https:\/\/www.ambienteyenergia.gob.ec\/ambiente\/wp-content\/uploads\/sites\/2\/2013\/08\/MG_2204-150x150.jpg\" class=\"attachment-thumbnail size-thumbnail\" alt=\"\" \/><\/a>\n\t\t\t<\/dt><\/dl><dl class='gallery-item'>\n\t\t\t<dt class='gallery-icon landscape'>\n\t\t\t\t<a href='https:\/\/www.ambienteyenergia.gob.ec\/ambiente\/mae-rescato-20-especimenes-de-fauna-silvestre-retenidos-en-una-hosteria-de-archidona-napo\/_mg_2220\/'><img loading=\"lazy\" decoding=\"async\" width=\"150\" height=\"150\" src=\"https:\/\/www.ambienteyenergia.gob.ec\/ambiente\/wp-content\/uploads\/sites\/2\/2013\/08\/MG_2220-150x150.jpg\" class=\"attachment-thumbnail size-thumbnail\" alt=\"\" \/><\/a>\n\t\t\t<\/dt><\/dl><br style=\"clear: both\" \/><dl class='gallery-item'>\n\t\t\t<dt class='gallery-icon landscape'>\n\t\t\t\t<a href='https:\/\/www.ambienteyenergia.gob.ec\/ambiente\/mae-rescato-20-especimenes-de-fauna-silvestre-retenidos-en-una-hosteria-de-archidona-napo\/_mg_2238\/'><img loading=\"lazy\" decoding=\"async\" width=\"150\" height=\"150\" src=\"https:\/\/www.ambienteyenergia.gob.ec\/ambiente\/wp-content\/uploads\/sites\/2\/2013\/08\/MG_2238-150x150.jpg\" class=\"attachment-thumbnail size-thumbnail\" alt=\"\" \/><\/a>\n\t\t\t<\/dt><\/dl><dl class='gallery-item'>\n\t\t\t<dt class='gallery-icon landscape'>\n\t\t\t\t<a href='https:\/\/www.ambienteyenergia.gob.ec\/ambiente\/mae-rescato-20-especimenes-de-fauna-silvestre-retenidos-en-una-hosteria-de-archidona-napo\/_mg_2269\/'><img loading=\"lazy\" decoding=\"async\" width=\"150\" height=\"150\" src=\"https:\/\/www.ambienteyenergia.gob.ec\/ambiente\/wp-content\/uploads\/sites\/2\/2013\/08\/MG_2269-150x150.jpg\" class=\"attachment-thumbnail size-thumbnail\" alt=\"\" \/><\/a>\n\t\t\t<\/dt><\/dl><dl class='gallery-item'>\n\t\t\t<dt class='gallery-icon landscape'>\n\t\t\t\t<a href='https:\/\/www.ambienteyenergia.gob.ec\/ambiente\/mae-rescato-20-especimenes-de-fauna-silvestre-retenidos-en-una-hosteria-de-archidona-napo\/_mg_1982\/'><img loading=\"lazy\" decoding=\"async\" width=\"150\" height=\"150\" src=\"https:\/\/www.ambienteyenergia.gob.ec\/ambiente\/wp-content\/uploads\/sites\/2\/2013\/08\/MG_1982-150x150.jpg\" class=\"attachment-thumbnail size-thumbnail\" alt=\"\" \/><\/a>\n\t\t\t<\/dt><\/dl><dl class='gallery-item'>\n\t\t\t<dt class='gallery-icon landscape'>\n\t\t\t\t<a href='https:\/\/www.ambienteyenergia.gob.ec\/ambiente\/mae-rescato-20-especimenes-de-fauna-silvestre-retenidos-en-una-hosteria-de-archidona-napo\/_mg_1999-2\/'><img loading=\"lazy\" decoding=\"async\" width=\"150\" height=\"150\" src=\"https:\/\/www.ambienteyenergia.gob.ec\/ambiente\/wp-content\/uploads\/sites\/2\/2013\/08\/MG_1999-150x150.jpg\" class=\"attachment-thumbnail size-thumbnail\" alt=\"\" \/><\/a>\n\t\t\t<\/dt><\/dl><br style=\"clear: both\" \/><dl class='gallery-item'>\n\t\t\t<dt class='gallery-icon landscape'>\n\t\t\t\t<a href='https:\/\/www.ambienteyenergia.gob.ec\/ambiente\/mae-rescato-20-especimenes-de-fauna-silvestre-retenidos-en-una-hosteria-de-archidona-napo\/_mg_2023\/'><img loading=\"lazy\" decoding=\"async\" width=\"150\" height=\"150\" src=\"https:\/\/www.ambienteyenergia.gob.ec\/ambiente\/wp-content\/uploads\/sites\/2\/2013\/08\/MG_2023-150x150.jpg\" class=\"attachment-thumbnail size-thumbnail\" alt=\"\" \/><\/a>\n\t\t\t<\/dt><\/dl><dl class='gallery-item'>\n\t\t\t<dt class='gallery-icon landscape'>\n\t\t\t\t<a href='https:\/\/www.ambienteyenergia.gob.ec\/ambiente\/mae-rescato-20-especimenes-de-fauna-silvestre-retenidos-en-una-hosteria-de-archidona-napo\/_mg_2043\/'><img loading=\"lazy\" decoding=\"async\" width=\"150\" height=\"150\" src=\"https:\/\/www.ambienteyenergia.gob.ec\/ambiente\/wp-content\/uploads\/sites\/2\/2013\/08\/MG_2043-150x150.jpg\" class=\"attachment-thumbnail size-thumbnail\" alt=\"\" \/><\/a>\n\t\t\t<\/dt><\/dl><dl class='gallery-item'>\n\t\t\t<dt class='gallery-icon landscape'>\n\t\t\t\t<a href='https:\/\/www.ambienteyenergia.gob.ec\/ambiente\/mae-rescato-20-especimenes-de-fauna-silvestre-retenidos-en-una-hosteria-de-archidona-napo\/_mg_2066-2\/'><img loading=\"lazy\" decoding=\"async\" width=\"150\" height=\"150\" src=\"https:\/\/www.ambienteyenergia.gob.ec\/ambiente\/wp-content\/uploads\/sites\/2\/2013\/08\/MG_2066-150x150.jpg\" class=\"attachment-thumbnail size-thumbnail\" alt=\"\" \/><\/a>\n\t\t\t<\/dt><\/dl><dl class='gallery-item'>\n\t\t\t<dt class='gallery-icon landscape'>\n\t\t\t\t<a href='https:\/\/www.ambienteyenergia.gob.ec\/ambiente\/mae-rescato-20-especimenes-de-fauna-silvestre-retenidos-en-una-hosteria-de-archidona-napo\/_mg_2079\/'><img loading=\"lazy\" decoding=\"async\" width=\"150\" height=\"150\" src=\"https:\/\/www.ambienteyenergia.gob.ec\/ambiente\/wp-content\/uploads\/sites\/2\/2013\/08\/MG_2079-150x150.jpg\" class=\"attachment-thumbnail size-thumbnail\" alt=\"\" \/><\/a>\n\t\t\t<\/dt><\/dl><br style=\"clear: both\" \/><dl class='gallery-item'>\n\t\t\t<dt class='gallery-icon landscape'>\n\t\t\t\t<a href='https:\/\/www.ambienteyenergia.gob.ec\/ambiente\/mae-rescato-20-especimenes-de-fauna-silvestre-retenidos-en-una-hosteria-de-archidona-napo\/_mg_2115\/'><img loading=\"lazy\" decoding=\"async\" width=\"150\" height=\"150\" src=\"https:\/\/www.ambienteyenergia.gob.ec\/ambiente\/wp-content\/uploads\/sites\/2\/2013\/08\/MG_2115-150x150.jpg\" class=\"attachment-thumbnail size-thumbnail\" alt=\"\" \/><\/a>\n\t\t\t<\/dt><\/dl><dl class='gallery-item'>\n\t\t\t<dt class='gallery-icon landscape'>\n\t\t\t\t<a href='https:\/\/www.ambienteyenergia.gob.ec\/ambiente\/mae-rescato-20-especimenes-de-fauna-silvestre-retenidos-en-una-hosteria-de-archidona-napo\/_mg_2119\/'><img loading=\"lazy\" decoding=\"async\" width=\"150\" height=\"150\" src=\"https:\/\/www.ambienteyenergia.gob.ec\/ambiente\/wp-content\/uploads\/sites\/2\/2013\/08\/MG_2119-150x150.jpg\" class=\"attachment-thumbnail size-thumbnail\" alt=\"\" \/><\/a>\n\t\t\t<\/dt><\/dl><dl class='gallery-item'>\n\t\t\t<dt class='gallery-icon landscape'>\n\t\t\t\t<a href='https:\/\/www.ambienteyenergia.gob.ec\/ambiente\/mae-rescato-20-especimenes-de-fauna-silvestre-retenidos-en-una-hosteria-de-archidona-napo\/_mg_2127\/'><img loading=\"lazy\" decoding=\"async\" width=\"150\" height=\"150\" src=\"https:\/\/www.ambienteyenergia.gob.ec\/ambiente\/wp-content\/uploads\/sites\/2\/2013\/08\/MG_2127-150x150.jpg\" class=\"attachment-thumbnail size-thumbnail\" alt=\"\" \/><\/a>\n\t\t\t<\/dt><\/dl><dl class='gallery-item'>\n\t\t\t<dt class='gallery-icon landscape'>\n\t\t\t\t<a href='https:\/\/www.ambienteyenergia.gob.ec\/ambiente\/mae-rescato-20-especimenes-de-fauna-silvestre-retenidos-en-una-hosteria-de-archidona-napo\/_mg_2134\/'><img loading=\"lazy\" decoding=\"async\" width=\"150\" height=\"150\" src=\"https:\/\/www.ambienteyenergia.gob.ec\/ambiente\/wp-content\/uploads\/sites\/2\/2013\/08\/MG_2134-150x150.jpg\" class=\"attachment-thumbnail size-thumbnail\" alt=\"\" \/><\/a>\n\t\t\t<\/dt><\/dl><br style=\"clear: both\" \/>\n\t\t<\/div>\n\n","protected":false},"excerpt":{"rendered":"<p class=\"excerpt\">Una guangana,\u00a0 una boa constrictor, ocho charapas, una tortuga mordedora, un caim\u00e1n de anteojos, tres guacamayos azul amarillo, un guacamayo rojo, dos pavas de monte, y dos\u00a0 loros alinaranja fueron decomisados el pasado 31 de julio, en un operativo del Ministerio del Ambiente (MAE) y la Unidad de Protecci\u00f3n de Medio Ambiente (UPMA) de la Polic\u00eda Nacional. Los espec\u00edmenes se&hellip; <a href=\"https:\/\/www.ambienteyenergia.gob.ec\/ambiente\/mae-rescato-20-especimenes-de-fauna-silvestre-retenidos-en-una-hosteria-de-archidona-napo\/\">Read more &rarr;<\/a><\/p>\n","protected":false},"author":13,"featured_media":13826,"comment_status":"open","ping_status":"open","sticky":false,"template":"","format":"standard","meta":{"footnotes":""},"categories":[16,4,10],"tags":[],"class_list":["post-13813","post","type-post","status-publish","format-standard","has-post-thumbnail","hentry","category-comunicamos","category-noticias","category-noticias-destacadas","xfolkentry"],"_links":{"self":[{"href":"https:\/\/www.ambienteyenergia.gob.ec\/ambiente\/wp-json\/wp\/v2\/posts\/13813","targetHints":{"allow":["GET"]}}],"collection":[{"href":"https:\/\/www.ambienteyenergia.gob.ec\/ambiente\/wp-json\/wp\/v2\/posts"}],"about":[{"href":"https:\/\/www.ambienteyenergia.gob.ec\/ambiente\/wp-json\/wp\/v2\/types\/post"}],"author":[{"embeddable":true,"href":"https:\/\/www.ambienteyenergia.gob.ec\/ambiente\/wp-json\/wp\/v2\/users\/13"}],"replies":[{"embeddable":true,"href":"https:\/\/www.ambienteyenergia.gob.ec\/ambiente\/wp-json\/wp\/v2\/comments?post=13813"}],"version-history":[{"count":0,"href":"https:\/\/www.ambienteyenergia.gob.ec\/ambiente\/wp-json\/wp\/v2\/posts\/13813\/revisions"}],"wp:featuredmedia":[{"embeddable":true,"href":"https:\/\/www.ambienteyenergia.gob.ec\/ambiente\/wp-json\/wp\/v2\/media\/13826"}],"wp:attachment":[{"href":"https:\/\/www.ambienteyenergia.gob.ec\/ambiente\/wp-json\/wp\/v2\/media?parent=13813"}],"wp:term":[{"taxonomy":"category","embeddable":true,"href":"https:\/\/www.ambienteyenergia.gob.ec\/ambiente\/wp-json\/wp\/v2\/categories?post=13813"},{"taxonomy":"post_tag","embeddable":true,"href":"https:\/\/www.ambienteyenergia.gob.ec\/ambiente\/wp-json\/wp\/v2\/tags?post=13813"}],"curies":[{"name":"wp","href":"https:\/\/api.w.org\/{rel}","templated":true}]}}