{"id":13810,"date":"2013-08-02T19:00:59","date_gmt":"2013-08-03T00:00:59","guid":{"rendered":"http:\/\/www.ambiente.gob.ec\/?p=13810"},"modified":"2013-08-03T10:47:00","modified_gmt":"2013-08-03T15:47:00","slug":"la-gestion-integral-de-neumaticos-usados-optimiza-recursos-para-el-manejo-seguro-de-desechos","status":"publish","type":"post","link":"https:\/\/www.ambienteyenergia.gob.ec\/ambiente\/la-gestion-integral-de-neumaticos-usados-optimiza-recursos-para-el-manejo-seguro-de-desechos\/","title":{"rendered":"La Gesti\u00f3n Integral de Neum\u00e1ticos Usados optimiza recursos para el manejo seguro de desechos"},"content":{"rendered":"<p style=\"text-align: justify;\">El Ecuador desecha anualmente millones de neum\u00e1ticos, un porcentaje de ellos son reutilizados para el reencauchado, pero la gran mayor\u00eda es incinerada o depositada en basureros al aire libre, lo que representa una amenaza contra el ambiente.<\/p>\n<p style=\"text-align: justify;\">Como respuesta a esta problem\u00e1tica, el Ministerio del Ambiente (MAE) expidi\u00f3 mediante el Acuerdo Ministerial No. 20,\u00a0 el Plan de Gesti\u00f3n Integral de los Neum\u00e1ticos Usados. El objetivo es establecer los requisitos, procedimientos y especificaciones ambientales para la elaboraci\u00f3n, aplicaci\u00f3n y control del plan para la recuperaci\u00f3n y tratamiento de las llantas.<\/p>\n<p style=\"text-align: justify;\">El documento describe el correcto proceso que deben cumplir los importadores y productores, en cuanto a la cadena de comercializaci\u00f3n, mecanismos de comunicaci\u00f3n, recolecci\u00f3n, devoluci\u00f3n, acopio, transporte, tratamiento, disposici\u00f3n final y exportaci\u00f3n en los casos que aplique, con la finalidad de garantizar un manejo ambientalmente seguro de los desechos.<\/p>\n<p style=\"text-align: justify;\">El MAE, con este acuerdo, pretende cumplir con metas graduales de recolecci\u00f3n, partiendo el primer a\u00f1o con una meta m\u00ednima del 20% del total del tipo de neum\u00e1ticos puestos en el mercado y con un incremento anual de un 10% hasta alcanzar un desarrollo total del plan, como m\u00ednimo de un 85% de los neum\u00e1ticos ingresados en el mercado. Asimismo, la recolecci\u00f3n para la provincia de Gal\u00e1pagos ser\u00e1 del 100% de los neum\u00e1ticos puestos en el mercado.<\/p>\n<p style=\"text-align: justify;\"><strong>\u00a0<\/strong><strong>Principio de Responsabilidad Extendida<\/strong><\/p>\n<p style=\"text-align: justify;\">El Plan de Neum\u00e1ticos Usados es parte del principio de Responsabilidad Extendida de productores e importadores -establecido en el reglamento para prevenci\u00f3n y control de la contaminaci\u00f3n de productos qu\u00edmicos peligrosos- surgi\u00f3 en demanda a los sistemas detratamiento y disposici\u00f3n final de los desechos susceptibles a ser reciclados.<\/p>\n<p style=\"text-align: justify;\">Ahora, los importadores tienen la responsabilidad de prever la disposici\u00f3n final de los desechos, a trav\u00e9s de un plan de gesti\u00f3n integral, que deben presentar a la Autoridad Ambiental para su aprobaci\u00f3n. Tienen que constar los mecanismos de elaboraci\u00f3n y disposici\u00f3n final del desecho, una vez que el producto cumpli\u00f3 con su tiempo de vida \u00fatil.<\/p>\n<p style=\"text-align: justify;\">El MAE, como Autoridad Ambiental Nacional, tiene la responsabilidad y obligaci\u00f3n de fomentar la coordinaci\u00f3n institucional para la gesti\u00f3n integral de neum\u00e1ticos usados, con el prop\u00f3sito de optimizar e integrar esfuerzos y recursos; controlar y vigilar el cumplimiento de las medidas establecidas en esta normativa.<strong><\/strong><\/p>\n<p style=\"text-align: justify;\"><strong>Acuerdos referentes a responsabilidad extendida<\/strong><\/p>\n<p style=\"text-align: justify;\">El MAE ha oficializado la aplicaci\u00f3n de la responsabilidad extendida para importadores, fabricantes y representantes de registros de neum\u00e1ticos, pilas, productos agroqu\u00edmicos y celulares, en cumplimiento a lo establecido en los siguientes Acuerdos Ministeriales:<\/p>\n<ul style=\"text-align: justify;\">\n<li>Con fecha\u00a0 29 de abril del 2013, con Registro Oficial No. 943\u00a0 se oficializa el \u201cInstructivo para Gesti\u00f3n Integral de Desechos Pl\u00e1sticos de Uso Agr\u00edcola\u201d, Acuerdo Ministerial No. 021.<\/li>\n<li>Con fecha 29 de abril del 2013, con Registro Oficial No. 943 se oficializa el \u201cInstructivo para Gesti\u00f3n Integral de Pilas Usadas\u201d.<\/li>\n<li>Con fecha 29 de enero de 2013 con Registro Oficial No.\u00a0 881 se oficializa el Acuerdo Ministerial 191 \u201cInstructivo de aplicaci\u00f3n del principio de responsabilidad extendida establecido en el reglamento para la prevenci\u00f3n y control de la contaminaci\u00f3n por sustancias qu\u00edmicas peligrosas, desechos peligrosos y especiales, para equipos celulares en\u00a0 desuso\u201d.<\/li>\n<li>Con fecha 29 de enero de 2013 con Registro Oficial No. 881\u00a0 se oficializa el Acuerdo Ministerial 190 \u201cPol\u00edtica nacional de post-consumo de equipos el\u00e9ctricos\u00a0 y electr\u00f3nicos en desuso\u201d<\/li>\n<\/ul>\n<p style=\"text-align: justify;\">Cabe resaltar, que para la elaboraci\u00f3n de las normativas se realizaron varias socializaciones con todos los involucrados (productores, importadores, distribuidores, gestores y municipios), con el fin de acoger sus observaciones y sugerencias. Una vez que se lleg\u00f3 a un acuerdo, la normativa fue oficializada.<\/p>\n<p style=\"text-align: justify;\">El reto para el MAE es dise\u00f1ar pol\u00edticas y programas, de modo que laresponsabilidad se comparta adecuadamente, para reducir los impactos ambientales de un producto en la etapa post-consumo.<\/p>\n<p style=\"text-align: justify;\"><strong>\u00a0<\/strong><\/p>\n","protected":false},"excerpt":{"rendered":"<p class=\"excerpt\">El Ecuador desecha anualmente millones de neum\u00e1ticos, un porcentaje de ellos son reutilizados para el reencauchado, pero la gran mayor\u00eda es incinerada o depositada en basureros al aire libre, lo que representa una amenaza contra el ambiente. Como respuesta a esta problem\u00e1tica, el Ministerio del Ambiente (MAE) expidi\u00f3 mediante el Acuerdo Ministerial No. 20,\u00a0 el Plan de Gesti\u00f3n Integral de&hellip; <a href=\"https:\/\/www.ambienteyenergia.gob.ec\/ambiente\/la-gestion-integral-de-neumaticos-usados-optimiza-recursos-para-el-manejo-seguro-de-desechos\/\">Read more &rarr;<\/a><\/p>\n","protected":false},"author":13,"featured_media":13811,"comment_status":"open","ping_status":"open","sticky":false,"template":"","format":"standard","meta":{"footnotes":""},"categories":[16,4],"tags":[],"class_list":["post-13810","post","type-post","status-publish","format-standard","has-post-thumbnail","hentry","category-comunicamos","category-noticias","xfolkentry"],"_links":{"self":[{"href":"https:\/\/www.ambienteyenergia.gob.ec\/ambiente\/wp-json\/wp\/v2\/posts\/13810","targetHints":{"allow":["GET"]}}],"collection":[{"href":"https:\/\/www.ambienteyenergia.gob.ec\/ambiente\/wp-json\/wp\/v2\/posts"}],"about":[{"href":"https:\/\/www.ambienteyenergia.gob.ec\/ambiente\/wp-json\/wp\/v2\/types\/post"}],"author":[{"embeddable":true,"href":"https:\/\/www.ambienteyenergia.gob.ec\/ambiente\/wp-json\/wp\/v2\/users\/13"}],"replies":[{"embeddable":true,"href":"https:\/\/www.ambienteyenergia.gob.ec\/ambiente\/wp-json\/wp\/v2\/comments?post=13810"}],"version-history":[{"count":0,"href":"https:\/\/www.ambienteyenergia.gob.ec\/ambiente\/wp-json\/wp\/v2\/posts\/13810\/revisions"}],"wp:featuredmedia":[{"embeddable":true,"href":"https:\/\/www.ambienteyenergia.gob.ec\/ambiente\/wp-json\/wp\/v2\/media\/13811"}],"wp:attachment":[{"href":"https:\/\/www.ambienteyenergia.gob.ec\/ambiente\/wp-json\/wp\/v2\/media?parent=13810"}],"wp:term":[{"taxonomy":"category","embeddable":true,"href":"https:\/\/www.ambienteyenergia.gob.ec\/ambiente\/wp-json\/wp\/v2\/categories?post=13810"},{"taxonomy":"post_tag","embeddable":true,"href":"https:\/\/www.ambienteyenergia.gob.ec\/ambiente\/wp-json\/wp\/v2\/tags?post=13810"}],"curies":[{"name":"wp","href":"https:\/\/api.w.org\/{rel}","templated":true}]}}