{"id":13789,"date":"2013-08-02T18:53:54","date_gmt":"2013-08-02T23:53:54","guid":{"rendered":"http:\/\/www.ambiente.gob.ec\/?p=13789"},"modified":"2013-08-03T10:44:39","modified_gmt":"2013-08-03T15:44:39","slug":"ii-congreso-nacional-de-areas-protegidas-concluye-con-una-declaratoria-oficial-para-la-conservacion","status":"publish","type":"post","link":"https:\/\/www.ambienteyenergia.gob.ec\/ambiente\/ii-congreso-nacional-de-areas-protegidas-concluye-con-una-declaratoria-oficial-para-la-conservacion\/","title":{"rendered":"II Congreso Nacional de \u00c1reas Protegidas concluye con una declaratoria oficial para la conservaci\u00f3n"},"content":{"rendered":"<p style=\"text-align: justify;\">Durante tres d\u00edas de intenso trabajo, los planteamientos de los 70\u00a0 expositores que estuvieron presentes en las conferencias magistrales y paneles de discusi\u00f3n se\u00a0 complementaron con los criterios de los 400 asistentes -provenientes de todo el pa\u00eds- que se convocaron al Centro Cultural de la PUCE.<strong><\/strong><\/p>\n<p style=\"text-align: justify;\">El debate fue fruct\u00edfero y se evidenci\u00f3 en la serie de acuerdos esbozados en la Declaraci\u00f3n que fue le\u00edda durante la ceremonia de clausura, que estuvo presidida por el Subsecretario de Patrimonio Natural, Christian Ter\u00e1n.<strong><\/strong><\/p>\n<p style=\"text-align: justify;\">Entre las principales conclusiones se destac\u00f3 la oportunidad que brinda la Constituci\u00f3n de generar el bioconocimiento y la biotecnolog\u00eda, como elementos estrat\u00e9gicos del desarrollo del pa\u00eds y la diversificaci\u00f3n de su matriz productiva.<strong><\/strong><\/p>\n<p style=\"text-align: justify;\">En ese sentido, se plante\u00f3 la necesidad de impulsar la investigaci\u00f3n con \u00e9nfasis en la conservaci\u00f3n de la integridad del patrimonio natural, as\u00ed como en la recuperaci\u00f3n de las \u00e1reas degradadas.\u00a021,6 millones de d\u00f3lares es la inversi\u00f3n que ha hecho este gobierno en el cuidado de las \u00e1reas protegidas, estableci\u00e9ndose un hito hist\u00f3rico en el pa\u00eds. Al mismo tiempo, se explic\u00f3 que la participaci\u00f3n de los actores sociales era medular en la gesti\u00f3n efectiva del SNAP.<\/p>\n<p style=\"text-align: justify;\">La educaci\u00f3n para el desarrollo sostenible fue declarada un eje transversal en la gesti\u00f3n de \u00e1reas naturales protegidas. Adem\u00e1s, se propuso establecer estrategias regionales de conservaci\u00f3n;\u00a0 con la participaci\u00f3n de la cooperaci\u00f3n internacional vinculada a la gesti\u00f3n del Ministerio del Ambiente, liderado por la Ministra, Lorena Tapia. <strong><\/strong><\/p>\n<p style=\"text-align: justify;\">La Declaraci\u00f3n\u00a0 del II Congreso Nacional de \u00c1reas Protegidas ser\u00e1 divulgada y sus recomendaciones ser\u00e1n promovidas en la construcci\u00f3n de pol\u00edticas y pr\u00e1cticas encaminadas a fortalecer las \u00e1reas protegidas del pa\u00eds. <strong><\/strong><\/p>\n<p style=\"text-align: justify;\">Por otro lado, en este acto de cierre se premiaron a los ganadores del Concurso de Fotograf\u00eda \u201cNuestras \u00c1reas Protegidas\u201d, organizado con el fin de promocionar estos espacios geogr\u00e1ficos de gran belleza natural. Es importante mencionar que esta iniciativa fue implementada en el marco de la realizaci\u00f3n del II Congreso de \u00c1reas Protegidas y tuvo una respuesta masiva por parte de los m\u00e1s de 13 mil seguidores de las redes sociales.<\/p>\n<p style=\"text-align: justify;\">Para\u00a0 entender el panorama regional del manejo de \u00e1reas protegidas, \u00a0parte del Congreso fue la organizaci\u00f3n de un foro trinacional con la intervenci\u00f3n de la Subdirectora General de Parques Nacionales Naturales de Colombia, Carolina Jarro, el Jefe del Servicio Nacional de \u00c1reas Naturales Protegidas de Per\u00fa, Pedro Gamboa y Mauricio Castillo, Director Nacional de Biodiversidad del Ecuador.<\/p>\n<p style=\"text-align: justify;\"><a href=\"http:\/\/www.ambienteyenergia.gob.ec\/ambiente\/wp-content\/uploads\/downloads\/2013\/08\/Declaratoria-Congreso.pdf\">Declaratoria II Congreso Nacional de \u00c1reas Protegidas<\/a><\/p>\n<div id='gallery-1' class='gallery galleryid-13789 gallery-columns-4 gallery-size-thumbnail'><dl class='gallery-item'>\n\t\t\t<dt class='gallery-icon landscape'>\n\t\t\t\t<a href='https:\/\/www.ambienteyenergia.gob.ec\/ambiente\/ii-congreso-nacional-de-areas-protegidas-concluye-con-una-declaratoria-oficial-para-la-conservacion\/dsc04571\/'><img loading=\"lazy\" decoding=\"async\" width=\"150\" height=\"150\" src=\"https:\/\/www.ambienteyenergia.gob.ec\/ambiente\/wp-content\/uploads\/sites\/2\/2013\/08\/DSC04571-150x150.jpg\" class=\"attachment-thumbnail size-thumbnail\" alt=\"\" \/><\/a>\n\t\t\t<\/dt><\/dl><dl class='gallery-item'>\n\t\t\t<dt class='gallery-icon landscape'>\n\t\t\t\t<a href='https:\/\/www.ambienteyenergia.gob.ec\/ambiente\/ii-congreso-nacional-de-areas-protegidas-concluye-con-una-declaratoria-oficial-para-la-conservacion\/dsc04606\/'><img loading=\"lazy\" decoding=\"async\" width=\"150\" height=\"150\" src=\"https:\/\/www.ambienteyenergia.gob.ec\/ambiente\/wp-content\/uploads\/sites\/2\/2013\/08\/DSC04606-150x150.jpg\" class=\"attachment-thumbnail size-thumbnail\" alt=\"\" \/><\/a>\n\t\t\t<\/dt><\/dl><dl class='gallery-item'>\n\t\t\t<dt class='gallery-icon landscape'>\n\t\t\t\t<a href='https:\/\/www.ambienteyenergia.gob.ec\/ambiente\/ii-congreso-nacional-de-areas-protegidas-concluye-con-una-declaratoria-oficial-para-la-conservacion\/dsc04998\/'><img loading=\"lazy\" decoding=\"async\" width=\"150\" height=\"150\" src=\"https:\/\/www.ambienteyenergia.gob.ec\/ambiente\/wp-content\/uploads\/sites\/2\/2013\/08\/DSC04998-150x150.jpg\" class=\"attachment-thumbnail size-thumbnail\" alt=\"\" \/><\/a>\n\t\t\t<\/dt><\/dl><dl class='gallery-item'>\n\t\t\t<dt class='gallery-icon landscape'>\n\t\t\t\t<a href='https:\/\/www.ambienteyenergia.gob.ec\/ambiente\/ii-congreso-nacional-de-areas-protegidas-concluye-con-una-declaratoria-oficial-para-la-conservacion\/dsc05043\/'><img loading=\"lazy\" decoding=\"async\" width=\"150\" height=\"150\" src=\"https:\/\/www.ambienteyenergia.gob.ec\/ambiente\/wp-content\/uploads\/sites\/2\/2013\/08\/DSC05043-150x150.jpg\" class=\"attachment-thumbnail size-thumbnail\" alt=\"\" \/><\/a>\n\t\t\t<\/dt><\/dl><br style=\"clear: both\" \/><dl class='gallery-item'>\n\t\t\t<dt class='gallery-icon landscape'>\n\t\t\t\t<a href='https:\/\/www.ambienteyenergia.gob.ec\/ambiente\/ii-congreso-nacional-de-areas-protegidas-concluye-con-una-declaratoria-oficial-para-la-conservacion\/dsc05057-2\/'><img loading=\"lazy\" decoding=\"async\" width=\"150\" height=\"150\" src=\"https:\/\/www.ambienteyenergia.gob.ec\/ambiente\/wp-content\/uploads\/sites\/2\/2013\/08\/DSC05057-150x150.jpg\" class=\"attachment-thumbnail size-thumbnail\" alt=\"\" \/><\/a>\n\t\t\t<\/dt><\/dl><dl class='gallery-item'>\n\t\t\t<dt class='gallery-icon landscape'>\n\t\t\t\t<a href='https:\/\/www.ambienteyenergia.gob.ec\/ambiente\/ii-congreso-nacional-de-areas-protegidas-concluye-con-una-declaratoria-oficial-para-la-conservacion\/dsc05063\/'><img loading=\"lazy\" decoding=\"async\" width=\"150\" height=\"150\" src=\"https:\/\/www.ambienteyenergia.gob.ec\/ambiente\/wp-content\/uploads\/sites\/2\/2013\/08\/DSC05063-150x150.jpg\" class=\"attachment-thumbnail size-thumbnail\" alt=\"\" \/><\/a>\n\t\t\t<\/dt><\/dl><dl class='gallery-item'>\n\t\t\t<dt class='gallery-icon landscape'>\n\t\t\t\t<a href='https:\/\/www.ambienteyenergia.gob.ec\/ambiente\/ii-congreso-nacional-de-areas-protegidas-concluye-con-una-declaratoria-oficial-para-la-conservacion\/dsc05076\/'><img loading=\"lazy\" decoding=\"async\" width=\"150\" height=\"150\" src=\"https:\/\/www.ambienteyenergia.gob.ec\/ambiente\/wp-content\/uploads\/sites\/2\/2013\/08\/DSC05076-150x150.jpg\" class=\"attachment-thumbnail size-thumbnail\" alt=\"\" \/><\/a>\n\t\t\t<\/dt><\/dl><dl class='gallery-item'>\n\t\t\t<dt class='gallery-icon landscape'>\n\t\t\t\t<a href='https:\/\/www.ambienteyenergia.gob.ec\/ambiente\/ii-congreso-nacional-de-areas-protegidas-concluye-con-una-declaratoria-oficial-para-la-conservacion\/dsc05090\/'><img loading=\"lazy\" decoding=\"async\" width=\"150\" height=\"150\" src=\"https:\/\/www.ambienteyenergia.gob.ec\/ambiente\/wp-content\/uploads\/sites\/2\/2013\/08\/DSC05090-150x150.jpg\" class=\"attachment-thumbnail size-thumbnail\" alt=\"\" \/><\/a>\n\t\t\t<\/dt><\/dl><br style=\"clear: both\" \/><dl class='gallery-item'>\n\t\t\t<dt class='gallery-icon landscape'>\n\t\t\t\t<a href='https:\/\/www.ambienteyenergia.gob.ec\/ambiente\/ii-congreso-nacional-de-areas-protegidas-concluye-con-una-declaratoria-oficial-para-la-conservacion\/dsc05151\/'><img loading=\"lazy\" decoding=\"async\" width=\"150\" height=\"150\" src=\"https:\/\/www.ambienteyenergia.gob.ec\/ambiente\/wp-content\/uploads\/sites\/2\/2013\/08\/DSC05151-150x150.jpg\" class=\"attachment-thumbnail size-thumbnail\" alt=\"\" \/><\/a>\n\t\t\t<\/dt><\/dl><dl class='gallery-item'>\n\t\t\t<dt class='gallery-icon landscape'>\n\t\t\t\t<a href='https:\/\/www.ambienteyenergia.gob.ec\/ambiente\/ii-congreso-nacional-de-areas-protegidas-concluye-con-una-declaratoria-oficial-para-la-conservacion\/dsc05171\/'><img loading=\"lazy\" decoding=\"async\" width=\"150\" height=\"150\" src=\"https:\/\/www.ambienteyenergia.gob.ec\/ambiente\/wp-content\/uploads\/sites\/2\/2013\/08\/DSC05171-150x150.jpg\" class=\"attachment-thumbnail size-thumbnail\" alt=\"\" \/><\/a>\n\t\t\t<\/dt><\/dl><dl class='gallery-item'>\n\t\t\t<dt class='gallery-icon landscape'>\n\t\t\t\t<a href='https:\/\/www.ambienteyenergia.gob.ec\/ambiente\/ii-congreso-nacional-de-areas-protegidas-concluye-con-una-declaratoria-oficial-para-la-conservacion\/dsc05200\/'><img loading=\"lazy\" decoding=\"async\" width=\"150\" height=\"150\" src=\"https:\/\/www.ambienteyenergia.gob.ec\/ambiente\/wp-content\/uploads\/sites\/2\/2013\/08\/DSC05200-150x150.jpg\" class=\"attachment-thumbnail size-thumbnail\" alt=\"\" \/><\/a>\n\t\t\t<\/dt><\/dl><dl class='gallery-item'>\n\t\t\t<dt class='gallery-icon landscape'>\n\t\t\t\t<a href='https:\/\/www.ambienteyenergia.gob.ec\/ambiente\/ii-congreso-nacional-de-areas-protegidas-concluye-con-una-declaratoria-oficial-para-la-conservacion\/dsc05258\/'><img loading=\"lazy\" decoding=\"async\" width=\"150\" height=\"150\" src=\"https:\/\/www.ambienteyenergia.gob.ec\/ambiente\/wp-content\/uploads\/sites\/2\/2013\/08\/DSC05258-150x150.jpg\" class=\"attachment-thumbnail size-thumbnail\" alt=\"\" \/><\/a>\n\t\t\t<\/dt><\/dl><br style=\"clear: both\" \/><dl class='gallery-item'>\n\t\t\t<dt class='gallery-icon landscape'>\n\t\t\t\t<a href='https:\/\/www.ambienteyenergia.gob.ec\/ambiente\/ii-congreso-nacional-de-areas-protegidas-concluye-con-una-declaratoria-oficial-para-la-conservacion\/dsc05283\/'><img loading=\"lazy\" decoding=\"async\" width=\"150\" height=\"150\" src=\"https:\/\/www.ambienteyenergia.gob.ec\/ambiente\/wp-content\/uploads\/sites\/2\/2013\/08\/DSC05283-150x150.jpg\" class=\"attachment-thumbnail size-thumbnail\" alt=\"\" \/><\/a>\n\t\t\t<\/dt><\/dl><dl class='gallery-item'>\n\t\t\t<dt class='gallery-icon landscape'>\n\t\t\t\t<a href='https:\/\/www.ambienteyenergia.gob.ec\/ambiente\/ii-congreso-nacional-de-areas-protegidas-concluye-con-una-declaratoria-oficial-para-la-conservacion\/dsc05295\/'><img loading=\"lazy\" decoding=\"async\" width=\"150\" height=\"150\" src=\"https:\/\/www.ambienteyenergia.gob.ec\/ambiente\/wp-content\/uploads\/sites\/2\/2013\/08\/DSC05295-150x150.jpg\" class=\"attachment-thumbnail size-thumbnail\" alt=\"\" \/><\/a>\n\t\t\t<\/dt><\/dl><dl class='gallery-item'>\n\t\t\t<dt class='gallery-icon landscape'>\n\t\t\t\t<a href='https:\/\/www.ambienteyenergia.gob.ec\/ambiente\/ii-congreso-nacional-de-areas-protegidas-concluye-con-una-declaratoria-oficial-para-la-conservacion\/dsc05320\/'><img loading=\"lazy\" decoding=\"async\" width=\"150\" height=\"150\" src=\"https:\/\/www.ambienteyenergia.gob.ec\/ambiente\/wp-content\/uploads\/sites\/2\/2013\/08\/DSC05320-150x150.jpg\" class=\"attachment-thumbnail size-thumbnail\" alt=\"\" \/><\/a>\n\t\t\t<\/dt><\/dl><dl class='gallery-item'>\n\t\t\t<dt class='gallery-icon landscape'>\n\t\t\t\t<a href='https:\/\/www.ambienteyenergia.gob.ec\/ambiente\/ii-congreso-nacional-de-areas-protegidas-concluye-con-una-declaratoria-oficial-para-la-conservacion\/dsc05554\/'><img loading=\"lazy\" decoding=\"async\" width=\"150\" height=\"150\" src=\"https:\/\/www.ambienteyenergia.gob.ec\/ambiente\/wp-content\/uploads\/sites\/2\/2013\/08\/DSC05554-150x150.jpg\" class=\"attachment-thumbnail size-thumbnail\" alt=\"\" \/><\/a>\n\t\t\t<\/dt><\/dl><br style=\"clear: both\" \/><dl class='gallery-item'>\n\t\t\t<dt class='gallery-icon landscape'>\n\t\t\t\t<a href='https:\/\/www.ambienteyenergia.gob.ec\/ambiente\/ii-congreso-nacional-de-areas-protegidas-concluye-con-una-declaratoria-oficial-para-la-conservacion\/dsc05568\/'><img loading=\"lazy\" decoding=\"async\" width=\"150\" height=\"150\" src=\"https:\/\/www.ambienteyenergia.gob.ec\/ambiente\/wp-content\/uploads\/sites\/2\/2013\/08\/DSC05568-150x150.jpg\" class=\"attachment-thumbnail size-thumbnail\" alt=\"\" \/><\/a>\n\t\t\t<\/dt><\/dl><dl class='gallery-item'>\n\t\t\t<dt class='gallery-icon landscape'>\n\t\t\t\t<a href='https:\/\/www.ambienteyenergia.gob.ec\/ambiente\/ii-congreso-nacional-de-areas-protegidas-concluye-con-una-declaratoria-oficial-para-la-conservacion\/dsc05571\/'><img loading=\"lazy\" decoding=\"async\" width=\"150\" height=\"150\" src=\"https:\/\/www.ambienteyenergia.gob.ec\/ambiente\/wp-content\/uploads\/sites\/2\/2013\/08\/DSC05571-150x150.jpg\" class=\"attachment-thumbnail size-thumbnail\" alt=\"\" \/><\/a>\n\t\t\t<\/dt><\/dl><dl class='gallery-item'>\n\t\t\t<dt class='gallery-icon landscape'>\n\t\t\t\t<a href='https:\/\/www.ambienteyenergia.gob.ec\/ambiente\/ii-congreso-nacional-de-areas-protegidas-concluye-con-una-declaratoria-oficial-para-la-conservacion\/dsc05580\/'><img loading=\"lazy\" decoding=\"async\" width=\"150\" height=\"150\" src=\"https:\/\/www.ambienteyenergia.gob.ec\/ambiente\/wp-content\/uploads\/sites\/2\/2013\/08\/DSC05580-150x150.jpg\" class=\"attachment-thumbnail size-thumbnail\" alt=\"\" \/><\/a>\n\t\t\t<\/dt><\/dl>\n\t\t\t<br style='clear: both' \/>\n\t\t<\/div>\n\n","protected":false},"excerpt":{"rendered":"<p class=\"excerpt\">Durante tres d\u00edas de intenso trabajo, los planteamientos de los 70\u00a0 expositores que estuvieron presentes en las conferencias magistrales y paneles de discusi\u00f3n se\u00a0 complementaron con los criterios de los 400 asistentes -provenientes de todo el pa\u00eds- que se convocaron al Centro Cultural de la PUCE. El debate fue fruct\u00edfero y se evidenci\u00f3 en la serie de acuerdos esbozados en&hellip; <a href=\"https:\/\/www.ambienteyenergia.gob.ec\/ambiente\/ii-congreso-nacional-de-areas-protegidas-concluye-con-una-declaratoria-oficial-para-la-conservacion\/\">Read more &rarr;<\/a><\/p>\n","protected":false},"author":13,"featured_media":13790,"comment_status":"open","ping_status":"open","sticky":false,"template":"","format":"standard","meta":{"footnotes":""},"categories":[16,4,10],"tags":[],"class_list":["post-13789","post","type-post","status-publish","format-standard","has-post-thumbnail","hentry","category-comunicamos","category-noticias","category-noticias-destacadas","xfolkentry"],"_links":{"self":[{"href":"https:\/\/www.ambienteyenergia.gob.ec\/ambiente\/wp-json\/wp\/v2\/posts\/13789","targetHints":{"allow":["GET"]}}],"collection":[{"href":"https:\/\/www.ambienteyenergia.gob.ec\/ambiente\/wp-json\/wp\/v2\/posts"}],"about":[{"href":"https:\/\/www.ambienteyenergia.gob.ec\/ambiente\/wp-json\/wp\/v2\/types\/post"}],"author":[{"embeddable":true,"href":"https:\/\/www.ambienteyenergia.gob.ec\/ambiente\/wp-json\/wp\/v2\/users\/13"}],"replies":[{"embeddable":true,"href":"https:\/\/www.ambienteyenergia.gob.ec\/ambiente\/wp-json\/wp\/v2\/comments?post=13789"}],"version-history":[{"count":0,"href":"https:\/\/www.ambienteyenergia.gob.ec\/ambiente\/wp-json\/wp\/v2\/posts\/13789\/revisions"}],"wp:featuredmedia":[{"embeddable":true,"href":"https:\/\/www.ambienteyenergia.gob.ec\/ambiente\/wp-json\/wp\/v2\/media\/13790"}],"wp:attachment":[{"href":"https:\/\/www.ambienteyenergia.gob.ec\/ambiente\/wp-json\/wp\/v2\/media?parent=13789"}],"wp:term":[{"taxonomy":"category","embeddable":true,"href":"https:\/\/www.ambienteyenergia.gob.ec\/ambiente\/wp-json\/wp\/v2\/categories?post=13789"},{"taxonomy":"post_tag","embeddable":true,"href":"https:\/\/www.ambienteyenergia.gob.ec\/ambiente\/wp-json\/wp\/v2\/tags?post=13789"}],"curies":[{"name":"wp","href":"https:\/\/api.w.org\/{rel}","templated":true}]}}