{"id":13775,"date":"2013-08-02T14:57:13","date_gmt":"2013-08-02T19:57:13","guid":{"rendered":"http:\/\/www.ambiente.gob.ec\/?p=13775"},"modified":"2013-08-02T14:57:13","modified_gmt":"2013-08-02T19:57:13","slug":"proyecto-gestion-social-del-bosque-beneficia-a-artesanos-y-pequenos-productores-de-madera-en-imbabura","status":"publish","type":"post","link":"https:\/\/www.ambienteyenergia.gob.ec\/ambiente\/proyecto-gestion-social-del-bosque-beneficia-a-artesanos-y-pequenos-productores-de-madera-en-imbabura\/","title":{"rendered":"Proyecto Gesti\u00f3n Social del Bosque beneficia a artesanos y peque\u00f1os productores de madera en Imbabura"},"content":{"rendered":"<p style=\"text-align: justify;\">Alrededor de 2 500 artesanos y artistas de la Parroquia San Antonio del Cant\u00f3n Ibarra son beneficiados con el proyecto de Gesti\u00f3n Social del Bosque implementado por el Ministerio del Ambiente (MAE). Esta iniciativa fomenta el abastecimiento de materia prima para peque\u00f1os productores y artesanos a partir de la madera legal que provengan de bosques manejados.<\/p>\n<p style=\"text-align: justify;\">El proyecto que tiene como objetivo aplicar un Modelo de gesti\u00f3n social y sustentable del bosque para el desarrollo de las actividades artesanales, incluye capacitaciones a los artesanos en el uso y manejo de madera ex\u00f3tica.<\/p>\n<p style=\"text-align: justify;\">Los artesanos de esta comunidad crean objetos y esculturas de madera utilizando el cedro (<em>Cedrela odorata<\/em>). Sin embargo, esta especie tiene baja abundancia con respecto a las dem\u00e1s en los ecosistemas naturales donde se encuentran. Por esa raz\u00f3n, a lo largo del a\u00f1o, esta Cartera de Estado ha dictado Simposios de esculturas, con la finalidad de demostrar que existen alternativas forestales. Adem\u00e1s, hasta el momento, ha entregado 90 metros c\u00fabicos de madera proveniente de bosques manejados.<\/p>\n<p style=\"text-align: justify;\">Asimismo, \u00a0el\u00a0 MAE, a trav\u00e9s de la Direcci\u00f3n Provincial de Imbabura, est\u00e1n coordinando acciones en torno a este proyecto con la Asociaci\u00f3n de Gobiernos Aut\u00f3nomos Descentralizados Parroquiales Rurales de Imbabura (AGADPRI). Ello, en concordancia con los importantes impulsos que ha tenido la pol\u00edtica forestal del pa\u00eds durante los \u00faltimos cinco a\u00f1os, reflejados en el reconocimiento de los derechos de la naturaleza.<\/p>\n<p style=\"text-align: justify;\">El proceso involucra a las provincias de Napo, Sucumb\u00edos, Esmeraldas, Pastaza y Orellana de donde proviene la madera manejada, con lo cual se logra la diversificaci\u00f3n de la misma para fines artesanales.<\/p>\n<div id='gallery-1' class='gallery galleryid-13775 gallery-columns-4 gallery-size-thumbnail'><dl class='gallery-item'>\n\t\t\t<dt class='gallery-icon landscape'>\n\t\t\t\t<a href='https:\/\/www.ambienteyenergia.gob.ec\/ambiente\/proyecto-gestion-social-del-bosque-beneficia-a-artesanos-y-pequenos-productores-de-madera-en-imbabura\/esculturas-i\/'><img loading=\"lazy\" decoding=\"async\" width=\"150\" height=\"150\" src=\"https:\/\/www.ambienteyenergia.gob.ec\/ambiente\/wp-content\/uploads\/sites\/2\/2013\/08\/Esculturas-I-150x150.jpg\" class=\"attachment-thumbnail size-thumbnail\" alt=\"\" \/><\/a>\n\t\t\t<\/dt><\/dl><dl class='gallery-item'>\n\t\t\t<dt class='gallery-icon portrait'>\n\t\t\t\t<a href='https:\/\/www.ambienteyenergia.gob.ec\/ambiente\/proyecto-gestion-social-del-bosque-beneficia-a-artesanos-y-pequenos-productores-de-madera-en-imbabura\/esculturas-ii\/'><img loading=\"lazy\" decoding=\"async\" width=\"150\" height=\"150\" src=\"https:\/\/www.ambienteyenergia.gob.ec\/ambiente\/wp-content\/uploads\/sites\/2\/2013\/08\/Esculturas-II-150x150.jpg\" class=\"attachment-thumbnail size-thumbnail\" alt=\"\" \/><\/a>\n\t\t\t<\/dt><\/dl><dl class='gallery-item'>\n\t\t\t<dt class='gallery-icon landscape'>\n\t\t\t\t<a href='https:\/\/www.ambienteyenergia.gob.ec\/ambiente\/proyecto-gestion-social-del-bosque-beneficia-a-artesanos-y-pequenos-productores-de-madera-en-imbabura\/esculturas-iii\/'><img loading=\"lazy\" decoding=\"async\" width=\"150\" height=\"150\" src=\"https:\/\/www.ambienteyenergia.gob.ec\/ambiente\/wp-content\/uploads\/sites\/2\/2013\/08\/Esculturas-III-150x150.jpg\" class=\"attachment-thumbnail size-thumbnail\" alt=\"\" \/><\/a>\n\t\t\t<\/dt><\/dl><dl class='gallery-item'>\n\t\t\t<dt class='gallery-icon landscape'>\n\t\t\t\t<a href='https:\/\/www.ambienteyenergia.gob.ec\/ambiente\/proyecto-gestion-social-del-bosque-beneficia-a-artesanos-y-pequenos-productores-de-madera-en-imbabura\/madera-2\/'><img loading=\"lazy\" decoding=\"async\" width=\"150\" height=\"150\" src=\"https:\/\/www.ambienteyenergia.gob.ec\/ambiente\/wp-content\/uploads\/sites\/2\/2013\/08\/Madera-150x150.jpg\" class=\"attachment-thumbnail size-thumbnail\" alt=\"\" \/><\/a>\n\t\t\t<\/dt><\/dl><br style=\"clear: both\" \/>\n\t\t<\/div>\n\n","protected":false},"excerpt":{"rendered":"<p class=\"excerpt\">Alrededor de 2 500 artesanos y artistas de la Parroquia San Antonio del Cant\u00f3n Ibarra son beneficiados con el proyecto de Gesti\u00f3n Social del Bosque implementado por el Ministerio del Ambiente (MAE). Esta iniciativa fomenta el abastecimiento de materia prima para peque\u00f1os productores y artesanos a partir de la madera legal que provengan de bosques manejados. El proyecto que tiene&hellip; <a href=\"https:\/\/www.ambienteyenergia.gob.ec\/ambiente\/proyecto-gestion-social-del-bosque-beneficia-a-artesanos-y-pequenos-productores-de-madera-en-imbabura\/\">Read more &rarr;<\/a><\/p>\n","protected":false},"author":13,"featured_media":13779,"comment_status":"open","ping_status":"open","sticky":false,"template":"","format":"standard","meta":{"footnotes":""},"categories":[16,4],"tags":[],"class_list":["post-13775","post","type-post","status-publish","format-standard","has-post-thumbnail","hentry","category-comunicamos","category-noticias","xfolkentry"],"_links":{"self":[{"href":"https:\/\/www.ambienteyenergia.gob.ec\/ambiente\/wp-json\/wp\/v2\/posts\/13775","targetHints":{"allow":["GET"]}}],"collection":[{"href":"https:\/\/www.ambienteyenergia.gob.ec\/ambiente\/wp-json\/wp\/v2\/posts"}],"about":[{"href":"https:\/\/www.ambienteyenergia.gob.ec\/ambiente\/wp-json\/wp\/v2\/types\/post"}],"author":[{"embeddable":true,"href":"https:\/\/www.ambienteyenergia.gob.ec\/ambiente\/wp-json\/wp\/v2\/users\/13"}],"replies":[{"embeddable":true,"href":"https:\/\/www.ambienteyenergia.gob.ec\/ambiente\/wp-json\/wp\/v2\/comments?post=13775"}],"version-history":[{"count":0,"href":"https:\/\/www.ambienteyenergia.gob.ec\/ambiente\/wp-json\/wp\/v2\/posts\/13775\/revisions"}],"wp:featuredmedia":[{"embeddable":true,"href":"https:\/\/www.ambienteyenergia.gob.ec\/ambiente\/wp-json\/wp\/v2\/media\/13779"}],"wp:attachment":[{"href":"https:\/\/www.ambienteyenergia.gob.ec\/ambiente\/wp-json\/wp\/v2\/media?parent=13775"}],"wp:term":[{"taxonomy":"category","embeddable":true,"href":"https:\/\/www.ambienteyenergia.gob.ec\/ambiente\/wp-json\/wp\/v2\/categories?post=13775"},{"taxonomy":"post_tag","embeddable":true,"href":"https:\/\/www.ambienteyenergia.gob.ec\/ambiente\/wp-json\/wp\/v2\/tags?post=13775"}],"curies":[{"name":"wp","href":"https:\/\/api.w.org\/{rel}","templated":true}]}}