{"id":13769,"date":"2013-08-02T14:48:23","date_gmt":"2013-08-02T19:48:23","guid":{"rendered":"http:\/\/www.ambiente.gob.ec\/?p=13769"},"modified":"2013-08-02T14:48:23","modified_gmt":"2013-08-02T19:48:23","slug":"boa-constrictor-es-reinsertada-en-el-parque-nacional-podocarpus","status":"publish","type":"post","link":"https:\/\/www.ambienteyenergia.gob.ec\/ambiente\/boa-constrictor-es-reinsertada-en-el-parque-nacional-podocarpus\/","title":{"rendered":"Boa constrictor es reinsertada en el Parque Nacional Podocarpus"},"content":{"rendered":"<p style=\"text-align: justify;\">El Ministerio del Ambiente (MAE), el pasado 31 de julio, rescat\u00f3 una boa <em>constrictor, <\/em>en el cant\u00f3n El Pangui perteneciente a la provincia de Zamora Chinchipe. El reptil fue encontrado en predios privados y trasladado hasta el Municipio del cant\u00f3n, desde donde se comunic\u00f3 al MAE la tenencia ilegal de este esp\u00e9cimen.<\/p>\n<p style=\"text-align: justify;\">Funcionarios del MAE acudieron inmediatamente a verificar la presencia del animal. Ya en el lugar realizaron un chequeo general, el cual dio como resultado un buen estado de salud. Asimismo, los ex\u00e1menes realizados permitieron determinar algunas caracter\u00edsticas como su peso (75 libras) y tama\u00f1o (3.50 m). El sexo no se pudo identificar.<\/p>\n<p style=\"text-align: justify;\">Al siguiente d\u00eda (1 de agosto), t\u00e9cnicos de Vida Silvestre reinsertaron al animal en la zona de influencia del Parque Nacional\u00a0 Podocarpus, parroquia Zurmi, cant\u00f3n Nangaritza. Este h\u00e1bitat es propio del esp\u00e9cimen y es una de las zonas m\u00e1s biodiversas del Ecuador.<\/p>\n<p style=\"text-align: justify;\">El objetivo de estos programas de conservaci\u00f3n y reinserci\u00f3n de animal es preservar la fauna silvestre y el cuidado de sus h\u00e1bitats.<\/p>\n<div id='gallery-1' class='gallery galleryid-13769 gallery-columns-4 gallery-size-thumbnail'><dl class='gallery-item'>\n\t\t\t<dt class='gallery-icon landscape'>\n\t\t\t\t<a href='https:\/\/www.ambienteyenergia.gob.ec\/ambiente\/boa-constrictor-es-reinsertada-en-el-parque-nacional-podocarpus\/liberacio%cc%81n-del-espe%cc%81cimen-en-el-sector-de-influencia-del-parque-nacional-podocarpus-parroquia-zurmi-canto%cc%81n-nangaritza\/'><img loading=\"lazy\" decoding=\"async\" width=\"150\" height=\"150\" src=\"https:\/\/www.ambienteyenergia.gob.ec\/ambiente\/wp-content\/uploads\/sites\/2\/2013\/08\/Liberacio\u0301n-del-espe\u0301cimen-en-el-sector-de-influencia-del-Parque-Nacional-Podocarpus-parroquia-Zurmi-canto\u0301n-Nangaritza.-150x150.jpg\" class=\"attachment-thumbnail size-thumbnail\" alt=\"\" \/><\/a>\n\t\t\t<\/dt><\/dl><dl class='gallery-item'>\n\t\t\t<dt class='gallery-icon landscape'>\n\t\t\t\t<a href='https:\/\/www.ambienteyenergia.gob.ec\/ambiente\/boa-constrictor-es-reinsertada-en-el-parque-nacional-podocarpus\/reinsercio%cc%81n-de-la-serpiente-en-ha%cc%81bitat-natural\/'><img loading=\"lazy\" decoding=\"async\" width=\"150\" height=\"150\" src=\"https:\/\/www.ambienteyenergia.gob.ec\/ambiente\/wp-content\/uploads\/sites\/2\/2013\/08\/Reinsercio\u0301n-de-la-serpiente-en-ha\u0301bitat-natural-150x150.jpg\" class=\"attachment-thumbnail size-thumbnail\" alt=\"\" \/><\/a>\n\t\t\t<\/dt><\/dl><dl class='gallery-item'>\n\t\t\t<dt class='gallery-icon landscape'>\n\t\t\t\t<a href='https:\/\/www.ambienteyenergia.gob.ec\/ambiente\/boa-constrictor-es-reinsertada-en-el-parque-nacional-podocarpus\/reinsercio%cc%81n-de-la-serpiente-en-ha%cc%81bitat-natural-2\/'><img loading=\"lazy\" decoding=\"async\" width=\"150\" height=\"150\" src=\"https:\/\/www.ambienteyenergia.gob.ec\/ambiente\/wp-content\/uploads\/sites\/2\/2013\/08\/Reinsercio\u0301n-de-la-serpiente-en-ha\u0301bitat-natural-2-150x150.jpg\" class=\"attachment-thumbnail size-thumbnail\" alt=\"\" \/><\/a>\n\t\t\t<\/dt><\/dl><dl class='gallery-item'>\n\t\t\t<dt class='gallery-icon landscape'>\n\t\t\t\t<a href='https:\/\/www.ambienteyenergia.gob.ec\/ambiente\/boa-constrictor-es-reinsertada-en-el-parque-nacional-podocarpus\/rescate-y-traslado-del-espe%cc%81cimen-boa-constrictor-en-el-canto%cc%81n-el-pangui\/'><img loading=\"lazy\" decoding=\"async\" width=\"150\" height=\"150\" src=\"https:\/\/www.ambienteyenergia.gob.ec\/ambiente\/wp-content\/uploads\/sites\/2\/2013\/08\/Rescate-y-traslado-del-espe\u0301cimen-Boa-constrictor-en-el-canto\u0301n-el-Pangui-150x150.jpg\" class=\"attachment-thumbnail size-thumbnail\" alt=\"\" \/><\/a>\n\t\t\t<\/dt><\/dl><br style=\"clear: both\" \/>\n\t\t<\/div>\n\n","protected":false},"excerpt":{"rendered":"<p class=\"excerpt\">El Ministerio del Ambiente (MAE), el pasado 31 de julio, rescat\u00f3 una boa constrictor, en el cant\u00f3n El Pangui perteneciente a la provincia de Zamora Chinchipe. El reptil fue encontrado en predios privados y trasladado hasta el Municipio del cant\u00f3n, desde donde se comunic\u00f3 al MAE la tenencia ilegal de este esp\u00e9cimen. Funcionarios del MAE acudieron inmediatamente a verificar la&hellip; <a href=\"https:\/\/www.ambienteyenergia.gob.ec\/ambiente\/boa-constrictor-es-reinsertada-en-el-parque-nacional-podocarpus\/\">Read more &rarr;<\/a><\/p>\n","protected":false},"author":13,"featured_media":13771,"comment_status":"open","ping_status":"open","sticky":false,"template":"","format":"standard","meta":{"footnotes":""},"categories":[16,4],"tags":[],"class_list":["post-13769","post","type-post","status-publish","format-standard","has-post-thumbnail","hentry","category-comunicamos","category-noticias","xfolkentry"],"_links":{"self":[{"href":"https:\/\/www.ambienteyenergia.gob.ec\/ambiente\/wp-json\/wp\/v2\/posts\/13769","targetHints":{"allow":["GET"]}}],"collection":[{"href":"https:\/\/www.ambienteyenergia.gob.ec\/ambiente\/wp-json\/wp\/v2\/posts"}],"about":[{"href":"https:\/\/www.ambienteyenergia.gob.ec\/ambiente\/wp-json\/wp\/v2\/types\/post"}],"author":[{"embeddable":true,"href":"https:\/\/www.ambienteyenergia.gob.ec\/ambiente\/wp-json\/wp\/v2\/users\/13"}],"replies":[{"embeddable":true,"href":"https:\/\/www.ambienteyenergia.gob.ec\/ambiente\/wp-json\/wp\/v2\/comments?post=13769"}],"version-history":[{"count":0,"href":"https:\/\/www.ambienteyenergia.gob.ec\/ambiente\/wp-json\/wp\/v2\/posts\/13769\/revisions"}],"wp:featuredmedia":[{"embeddable":true,"href":"https:\/\/www.ambienteyenergia.gob.ec\/ambiente\/wp-json\/wp\/v2\/media\/13771"}],"wp:attachment":[{"href":"https:\/\/www.ambienteyenergia.gob.ec\/ambiente\/wp-json\/wp\/v2\/media?parent=13769"}],"wp:term":[{"taxonomy":"category","embeddable":true,"href":"https:\/\/www.ambienteyenergia.gob.ec\/ambiente\/wp-json\/wp\/v2\/categories?post=13769"},{"taxonomy":"post_tag","embeddable":true,"href":"https:\/\/www.ambienteyenergia.gob.ec\/ambiente\/wp-json\/wp\/v2\/tags?post=13769"}],"curies":[{"name":"wp","href":"https:\/\/api.w.org\/{rel}","templated":true}]}}