{"id":13764,"date":"2013-08-02T14:14:39","date_gmt":"2013-08-02T19:14:39","guid":{"rendered":"http:\/\/www.ambiente.gob.ec\/?p=13764"},"modified":"2013-08-02T14:14:39","modified_gmt":"2013-08-02T19:14:39","slug":"tortuga-decomisada-en-ibarra","status":"publish","type":"post","link":"https:\/\/www.ambienteyenergia.gob.ec\/ambiente\/tortuga-decomisada-en-ibarra\/","title":{"rendered":"Tortuga decomisada en Ibarra"},"content":{"rendered":"<p style=\"text-align: justify;\">Ayer, el Ministerio del Ambiente (MAE), en coordinaci\u00f3n con personal del Destacamento Militar Soldado Domingo Y\u00e9pez, realiz\u00f3 un operativo de control de vida silvestre en el distrito Lita del cant\u00f3n Ibarra, provincia de Imbabura. \u00a0En este se decomis\u00f3 una tortuga de aproximadamente tres meses de vida que se encontraba en la bodega de un bus de la cooperativa Jumandi del cant\u00f3n Lago Agrio.<\/p>\n<p style=\"text-align: justify;\">Guardaparques de la Reserva Ecol\u00f3gica Cotacachi Cayapas Zona Alta identificaron al peque\u00f1o quelonio e inmediatamente lo confiscaron. Al llegar a la ciudad de Ibarra se revis\u00f3 su estado de salud y se le realiz\u00f3 algunos chequeos m\u00e9dicos. Despu\u00e9s de varios ex\u00e1menes se verific\u00f3 su buena condici\u00f3n f\u00edsica.<\/p>\n<p style=\"text-align: justify;\">La tortuga fue trasladada al Centro de Rescate Guayabillas, \u00a0lugar que cuenta con todas las facilidades tanto de infraestructura como de personal, para la rehabilitaci\u00f3n y liberaci\u00f3n de animales silvestres. La tortuguita recibir\u00e1 la mejor atenci\u00f3n con el fin de determinar si es posible reinsertarla en su h\u00e1bitat natural.<\/p>\n<p style=\"text-align: justify;\">El MAE ejecuta estos operativos de control, con el objetivo de contribuir a la conservaci\u00f3n de la fauna silvestre, que en algunos casos pueden encontrarse en peligro de extinci\u00f3n.<\/p>\n<p style=\"text-align: justify;\"><div id='gallery-1' class='gallery galleryid-13764 gallery-columns-4 gallery-size-thumbnail'><dl class='gallery-item'>\n\t\t\t<dt class='gallery-icon landscape'>\n\t\t\t\t<a href='https:\/\/www.ambienteyenergia.gob.ec\/ambiente\/tortuga-decomisada-en-ibarra\/1-51\/'><img loading=\"lazy\" decoding=\"async\" width=\"150\" height=\"150\" src=\"https:\/\/www.ambienteyenergia.gob.ec\/ambiente\/wp-content\/uploads\/sites\/2\/2013\/08\/12-150x150.jpg\" class=\"attachment-thumbnail size-thumbnail\" alt=\"\" \/><\/a>\n\t\t\t<\/dt><\/dl><dl class='gallery-item'>\n\t\t\t<dt class='gallery-icon landscape'>\n\t\t\t\t<a href='https:\/\/www.ambienteyenergia.gob.ec\/ambiente\/tortuga-decomisada-en-ibarra\/tortuga-1-2\/'><img loading=\"lazy\" decoding=\"async\" width=\"150\" height=\"150\" src=\"https:\/\/www.ambienteyenergia.gob.ec\/ambiente\/wp-content\/uploads\/sites\/2\/2013\/08\/tortuga-1-150x150.jpg\" class=\"attachment-thumbnail size-thumbnail\" alt=\"\" \/><\/a>\n\t\t\t<\/dt><\/dl><dl class='gallery-item'>\n\t\t\t<dt class='gallery-icon landscape'>\n\t\t\t\t<a href='https:\/\/www.ambienteyenergia.gob.ec\/ambiente\/tortuga-decomisada-en-ibarra\/tortuga-2\/'><img loading=\"lazy\" decoding=\"async\" width=\"150\" height=\"150\" src=\"https:\/\/www.ambienteyenergia.gob.ec\/ambiente\/wp-content\/uploads\/sites\/2\/2013\/08\/tortuga-2-150x150.jpg\" class=\"attachment-thumbnail size-thumbnail\" alt=\"\" \/><\/a>\n\t\t\t<\/dt><\/dl>\n\t\t\t<br style='clear: both' \/>\n\t\t<\/div>\n<\/p>\n","protected":false},"excerpt":{"rendered":"<p class=\"excerpt\">Ayer, el Ministerio del Ambiente (MAE), en coordinaci\u00f3n con personal del Destacamento Militar Soldado Domingo Y\u00e9pez, realiz\u00f3 un operativo de control de vida silvestre en el distrito Lita del cant\u00f3n Ibarra, provincia de Imbabura. \u00a0En este se decomis\u00f3 una tortuga de aproximadamente tres meses de vida que se encontraba en la bodega de un bus de la cooperativa Jumandi del&hellip; <a href=\"https:\/\/www.ambienteyenergia.gob.ec\/ambiente\/tortuga-decomisada-en-ibarra\/\">Read more &rarr;<\/a><\/p>\n","protected":false},"author":13,"featured_media":13765,"comment_status":"open","ping_status":"open","sticky":false,"template":"","format":"standard","meta":{"footnotes":""},"categories":[16,4],"tags":[],"class_list":["post-13764","post","type-post","status-publish","format-standard","has-post-thumbnail","hentry","category-comunicamos","category-noticias","xfolkentry"],"_links":{"self":[{"href":"https:\/\/www.ambienteyenergia.gob.ec\/ambiente\/wp-json\/wp\/v2\/posts\/13764","targetHints":{"allow":["GET"]}}],"collection":[{"href":"https:\/\/www.ambienteyenergia.gob.ec\/ambiente\/wp-json\/wp\/v2\/posts"}],"about":[{"href":"https:\/\/www.ambienteyenergia.gob.ec\/ambiente\/wp-json\/wp\/v2\/types\/post"}],"author":[{"embeddable":true,"href":"https:\/\/www.ambienteyenergia.gob.ec\/ambiente\/wp-json\/wp\/v2\/users\/13"}],"replies":[{"embeddable":true,"href":"https:\/\/www.ambienteyenergia.gob.ec\/ambiente\/wp-json\/wp\/v2\/comments?post=13764"}],"version-history":[{"count":0,"href":"https:\/\/www.ambienteyenergia.gob.ec\/ambiente\/wp-json\/wp\/v2\/posts\/13764\/revisions"}],"wp:featuredmedia":[{"embeddable":true,"href":"https:\/\/www.ambienteyenergia.gob.ec\/ambiente\/wp-json\/wp\/v2\/media\/13765"}],"wp:attachment":[{"href":"https:\/\/www.ambienteyenergia.gob.ec\/ambiente\/wp-json\/wp\/v2\/media?parent=13764"}],"wp:term":[{"taxonomy":"category","embeddable":true,"href":"https:\/\/www.ambienteyenergia.gob.ec\/ambiente\/wp-json\/wp\/v2\/categories?post=13764"},{"taxonomy":"post_tag","embeddable":true,"href":"https:\/\/www.ambienteyenergia.gob.ec\/ambiente\/wp-json\/wp\/v2\/tags?post=13764"}],"curies":[{"name":"wp","href":"https:\/\/api.w.org\/{rel}","templated":true}]}}