{"id":13761,"date":"2013-08-02T11:41:22","date_gmt":"2013-08-02T16:41:22","guid":{"rendered":"http:\/\/www.ambiente.gob.ec\/?p=13761"},"modified":"2013-08-02T11:41:22","modified_gmt":"2013-08-02T16:41:22","slug":"operativo-de-rescate-y-liberacion-de-cervicabra-en-imbabura-2","status":"publish","type":"post","link":"https:\/\/www.ambienteyenergia.gob.ec\/ambiente\/operativo-de-rescate-y-liberacion-de-cervicabra-en-imbabura-2\/","title":{"rendered":"Operativo de rescate y liberaci\u00f3n de cervicabra en Imbabura"},"content":{"rendered":"<p style=\"text-align: justify;\">El Ministerio del Ambiente (MAE), en coordinaci\u00f3n con la Unidad de Protecci\u00f3n del Medio Ambiente de la Polic\u00eda Nacional (UPMA), rescat\u00f3 ayer una cervicabra en el sector Guamirla del cant\u00f3n Cotacachi, provincia de Imbabura.<\/p>\n<p style=\"text-align: justify;\">Un habitante del sector encontr\u00f3 al ant\u00edlope en un bosque cercano y lo llev\u00f3 a su casa para entregarlo a las autoridades. La comunidad fue la que notific\u00f3 al MAE de la presencia de este animal en el sector. Una vez m\u00e1s, la poblaci\u00f3n se une para apoyar la iniciativa de proteger y conservar la fauna silvestre del pa\u00eds.<\/p>\n<p style=\"text-align: justify;\">Inmediatamente, guardaparques de la Reserva Ecol\u00f3gica Cotacachi Cayapas \u2013 Zona Alta se movilizaron a la zona para identificar al esp\u00e9cimen y verificar su estado de salud. El ejemplar estaba en buenas condiciones, por lo cual fue trasladado r\u00e1pidamente a la Reserva Ecol\u00f3gica Cotacachi Cayapas (RECC), mientras se defin\u00eda su destino final.<\/p>\n<p style=\"text-align: justify;\">Luego de un chequeo minucioso, la cervicabra fue liberada en el Islote Yerovi de la laguna de Cuicocha, ubicada al interior de la RECC. La Empresa de Turismo de Cotacachi y el Gobierno Aut\u00f3nomo Descentralizado Municipal de Cotacachi facilitaron el traslado del animal hasta el islote.<\/p>\n<p style=\"text-align: justify;\">El MAE continuar\u00e1 con los operativos de control y a la vez, seguir\u00e1 informando a la ciudadan\u00eda sobre la prohibici\u00f3n de tenencia de especies de vida silvestre.<\/p>\n","protected":false},"excerpt":{"rendered":"<p class=\"excerpt\">El Ministerio del Ambiente (MAE), en coordinaci\u00f3n con la Unidad de Protecci\u00f3n del Medio Ambiente de la Polic\u00eda Nacional (UPMA), rescat\u00f3 ayer una cervicabra en el sector Guamirla del cant\u00f3n Cotacachi, provincia de Imbabura. Un habitante del sector encontr\u00f3 al ant\u00edlope en un bosque cercano y lo llev\u00f3 a su casa para entregarlo a las autoridades. La comunidad fue la&hellip; <a href=\"https:\/\/www.ambienteyenergia.gob.ec\/ambiente\/operativo-de-rescate-y-liberacion-de-cervicabra-en-imbabura-2\/\">Read more &rarr;<\/a><\/p>\n","protected":false},"author":13,"featured_media":13762,"comment_status":"open","ping_status":"open","sticky":false,"template":"","format":"standard","meta":{"footnotes":""},"categories":[16,4],"tags":[],"class_list":["post-13761","post","type-post","status-publish","format-standard","has-post-thumbnail","hentry","category-comunicamos","category-noticias","xfolkentry"],"_links":{"self":[{"href":"https:\/\/www.ambienteyenergia.gob.ec\/ambiente\/wp-json\/wp\/v2\/posts\/13761","targetHints":{"allow":["GET"]}}],"collection":[{"href":"https:\/\/www.ambienteyenergia.gob.ec\/ambiente\/wp-json\/wp\/v2\/posts"}],"about":[{"href":"https:\/\/www.ambienteyenergia.gob.ec\/ambiente\/wp-json\/wp\/v2\/types\/post"}],"author":[{"embeddable":true,"href":"https:\/\/www.ambienteyenergia.gob.ec\/ambiente\/wp-json\/wp\/v2\/users\/13"}],"replies":[{"embeddable":true,"href":"https:\/\/www.ambienteyenergia.gob.ec\/ambiente\/wp-json\/wp\/v2\/comments?post=13761"}],"version-history":[{"count":0,"href":"https:\/\/www.ambienteyenergia.gob.ec\/ambiente\/wp-json\/wp\/v2\/posts\/13761\/revisions"}],"wp:featuredmedia":[{"embeddable":true,"href":"https:\/\/www.ambienteyenergia.gob.ec\/ambiente\/wp-json\/wp\/v2\/media\/13762"}],"wp:attachment":[{"href":"https:\/\/www.ambienteyenergia.gob.ec\/ambiente\/wp-json\/wp\/v2\/media?parent=13761"}],"wp:term":[{"taxonomy":"category","embeddable":true,"href":"https:\/\/www.ambienteyenergia.gob.ec\/ambiente\/wp-json\/wp\/v2\/categories?post=13761"},{"taxonomy":"post_tag","embeddable":true,"href":"https:\/\/www.ambienteyenergia.gob.ec\/ambiente\/wp-json\/wp\/v2\/tags?post=13761"}],"curies":[{"name":"wp","href":"https:\/\/api.w.org\/{rel}","templated":true}]}}