{"id":13749,"date":"2013-08-02T09:44:55","date_gmt":"2013-08-02T14:44:55","guid":{"rendered":"http:\/\/www.ambiente.gob.ec\/?p=13749"},"modified":"2013-08-02T09:44:55","modified_gmt":"2013-08-02T14:44:55","slug":"exposicion-fotografica-de-areas-protegidas-marinas-y-costeras-se-exhibe-en-guayaquil","status":"publish","type":"post","link":"https:\/\/www.ambienteyenergia.gob.ec\/ambiente\/exposicion-fotografica-de-areas-protegidas-marinas-y-costeras-se-exhibe-en-guayaquil\/","title":{"rendered":"Exposici\u00f3n fotogr\u00e1fica de \u00e1reas protegidas marinas y costeras se exhibe en Guayaquil"},"content":{"rendered":"<p style=\"text-align: justify;\">Del 1 al 10 de agosto, est\u00e1 abierta al p\u00fablico la exposici\u00f3n fotogr\u00e1fica de las 16 \u00c1reas Protegidas Marinas y Costeras del Ecuador, en la planta baja del Mall del Sol de Guayaquil, desde las 10:00 hasta las 20:00. El objetivo es difundir entre los visitantes del centro comercial los espacios naturales que el Ministerio del Ambiente (MAE), a trav\u00e9s de la Subsecretar\u00eda de Gesti\u00f3n Marina y Costera, protege y conserva para el bienestar de los m\u00faltiples ecosistemas que all\u00ed habitan y para el disfrute de la las presentes y futuras generaciones.<\/p>\n<p style=\"text-align: justify;\">Gustavo Iturralde, Director de Normativas y Proyectos Marinos y Costeros del MAE, mencion\u00f3 que se busca informar a las personas sobre las \u00e1reas protegidas ubicadas en el perfil costero, para que conozcan cu\u00e1les son, las especies que ah\u00ed habitan y la importancia de protegerlas.<\/p>\n<p style=\"text-align: justify;\">\u201cComo lo menciona el slogan \u2018M\u00e1s gente que conoce es m\u00e1s gente que protege\u2019, por eso estamos aqu\u00ed con esta muestra fotogr\u00e1fica, en la que podemos apreciar todo lo hermoso que poseen estos ecosistemas, para que la gente se informe y asuma el compromiso de cuidarlas\u201d, argument\u00f3 Iturralde.<\/p>\n<p style=\"text-align: justify;\">Entre tanto, usuarios del centro comercial, durante su paso por el sector se detuvieron a observar la muestra, atra\u00eddos, principalmente, por las im\u00e1genes. Fue el caso de Graciela Chac\u00f3n, quien se detuvo a observar la informaci\u00f3n de la Reserva Ecol\u00f3gica Manglares Cayapas Mataje.<\/p>\n<p style=\"text-align: justify;\">Ella continu\u00f3 el recorrido de la exhibici\u00f3n guiada por un t\u00e9cnico del MAE, quien contest\u00f3 sus interrogantes y la indujo a conocer sobre las otras \u00e1reas protegidas como el Parque Nacional Machalilla, Refugio de Vida Silvestre Manglares El Morro, Reserva Marina Galera San Francisco, \u00c1rea Nacional de Recreaci\u00f3n Playas de Villamil, entre otras.<\/p>\n<p style=\"text-align: justify;\">En la labor de guianza tambi\u00e9n colaboran j\u00f3venes del Servicio Civil Ciudadano, quienes fueron previamente capacitados para poder informar al p\u00fablico sobre las bondades de las \u00e1reas protegidas.<\/p>\n<p style=\"text-align: justify;\">La exposici\u00f3n fotogr\u00e1fica e informativa continuar\u00e1 recorriendo otros espacios de gran afluencia de p\u00fablico, para educar a la comunidad sobre estos espacios naturales que son de gran importancia, no solo para el pa\u00eds, sino para el planeta.<\/p>\n<p style=\"text-align: justify;\">El MAE hace una cordial invitaci\u00f3n a toda la poblaci\u00f3n de la ciudad de Guayaquil para que visiten esta exhibici\u00f3n.<\/p>\n<p style=\"text-align: justify;\"><div id='gallery-1' class='gallery galleryid-13749 gallery-columns-4 gallery-size-thumbnail'><dl class='gallery-item'>\n\t\t\t<dt class='gallery-icon landscape'>\n\t\t\t\t<a href='https:\/\/www.ambienteyenergia.gob.ec\/ambiente\/exposicion-fotografica-de-areas-protegidas-marinas-y-costeras-se-exhibe-en-guayaquil\/img_6317\/'><img loading=\"lazy\" decoding=\"async\" width=\"150\" height=\"150\" src=\"https:\/\/www.ambienteyenergia.gob.ec\/ambiente\/wp-content\/uploads\/sites\/2\/2013\/08\/IMG_6317-150x150.jpg\" class=\"attachment-thumbnail size-thumbnail\" alt=\"\" \/><\/a>\n\t\t\t<\/dt><\/dl><dl class='gallery-item'>\n\t\t\t<dt class='gallery-icon landscape'>\n\t\t\t\t<a href='https:\/\/www.ambienteyenergia.gob.ec\/ambiente\/exposicion-fotografica-de-areas-protegidas-marinas-y-costeras-se-exhibe-en-guayaquil\/img_6311\/'><img loading=\"lazy\" decoding=\"async\" width=\"150\" height=\"150\" src=\"https:\/\/www.ambienteyenergia.gob.ec\/ambiente\/wp-content\/uploads\/sites\/2\/2013\/08\/IMG_6311-150x150.jpg\" class=\"attachment-thumbnail size-thumbnail\" alt=\"\" \/><\/a>\n\t\t\t<\/dt><\/dl><dl class='gallery-item'>\n\t\t\t<dt class='gallery-icon landscape'>\n\t\t\t\t<a href='https:\/\/www.ambienteyenergia.gob.ec\/ambiente\/exposicion-fotografica-de-areas-protegidas-marinas-y-costeras-se-exhibe-en-guayaquil\/img_6312\/'><img loading=\"lazy\" decoding=\"async\" width=\"150\" height=\"150\" src=\"https:\/\/www.ambienteyenergia.gob.ec\/ambiente\/wp-content\/uploads\/sites\/2\/2013\/08\/IMG_6312-150x150.jpg\" class=\"attachment-thumbnail size-thumbnail\" alt=\"\" \/><\/a>\n\t\t\t<\/dt><\/dl><dl class='gallery-item'>\n\t\t\t<dt class='gallery-icon landscape'>\n\t\t\t\t<a href='https:\/\/www.ambienteyenergia.gob.ec\/ambiente\/exposicion-fotografica-de-areas-protegidas-marinas-y-costeras-se-exhibe-en-guayaquil\/img_6316\/'><img loading=\"lazy\" decoding=\"async\" width=\"150\" height=\"150\" src=\"https:\/\/www.ambienteyenergia.gob.ec\/ambiente\/wp-content\/uploads\/sites\/2\/2013\/08\/IMG_6316-150x150.jpg\" class=\"attachment-thumbnail size-thumbnail\" alt=\"\" \/><\/a>\n\t\t\t<\/dt><\/dl><br style=\"clear: both\" \/><dl class='gallery-item'>\n\t\t\t<dt class='gallery-icon landscape'>\n\t\t\t\t<a href='https:\/\/www.ambienteyenergia.gob.ec\/ambiente\/exposicion-fotografica-de-areas-protegidas-marinas-y-costeras-se-exhibe-en-guayaquil\/img_6319\/'><img loading=\"lazy\" decoding=\"async\" width=\"150\" height=\"150\" src=\"https:\/\/www.ambienteyenergia.gob.ec\/ambiente\/wp-content\/uploads\/sites\/2\/2013\/08\/IMG_6319-150x150.jpg\" class=\"attachment-thumbnail size-thumbnail\" alt=\"\" \/><\/a>\n\t\t\t<\/dt><\/dl><dl class='gallery-item'>\n\t\t\t<dt class='gallery-icon landscape'>\n\t\t\t\t<a href='https:\/\/www.ambienteyenergia.gob.ec\/ambiente\/exposicion-fotografica-de-areas-protegidas-marinas-y-costeras-se-exhibe-en-guayaquil\/img_6320\/'><img loading=\"lazy\" decoding=\"async\" width=\"150\" height=\"150\" src=\"https:\/\/www.ambienteyenergia.gob.ec\/ambiente\/wp-content\/uploads\/sites\/2\/2013\/08\/IMG_6320-150x150.jpg\" class=\"attachment-thumbnail size-thumbnail\" alt=\"\" \/><\/a>\n\t\t\t<\/dt><\/dl><dl class='gallery-item'>\n\t\t\t<dt class='gallery-icon landscape'>\n\t\t\t\t<a href='https:\/\/www.ambienteyenergia.gob.ec\/ambiente\/exposicion-fotografica-de-areas-protegidas-marinas-y-costeras-se-exhibe-en-guayaquil\/img_6321\/'><img loading=\"lazy\" decoding=\"async\" width=\"150\" height=\"150\" src=\"https:\/\/www.ambienteyenergia.gob.ec\/ambiente\/wp-content\/uploads\/sites\/2\/2013\/08\/IMG_6321-150x150.jpg\" class=\"attachment-thumbnail size-thumbnail\" alt=\"\" \/><\/a>\n\t\t\t<\/dt><\/dl><dl class='gallery-item'>\n\t\t\t<dt class='gallery-icon landscape'>\n\t\t\t\t<a href='https:\/\/www.ambienteyenergia.gob.ec\/ambiente\/exposicion-fotografica-de-areas-protegidas-marinas-y-costeras-se-exhibe-en-guayaquil\/img_6331\/'><img loading=\"lazy\" decoding=\"async\" width=\"150\" height=\"150\" src=\"https:\/\/www.ambienteyenergia.gob.ec\/ambiente\/wp-content\/uploads\/sites\/2\/2013\/08\/IMG_6331-150x150.jpg\" class=\"attachment-thumbnail size-thumbnail\" alt=\"\" \/><\/a>\n\t\t\t<\/dt><\/dl><br style=\"clear: both\" \/><dl class='gallery-item'>\n\t\t\t<dt class='gallery-icon landscape'>\n\t\t\t\t<a href='https:\/\/www.ambienteyenergia.gob.ec\/ambiente\/exposicion-fotografica-de-areas-protegidas-marinas-y-costeras-se-exhibe-en-guayaquil\/img_6345\/'><img loading=\"lazy\" decoding=\"async\" width=\"150\" height=\"150\" src=\"https:\/\/www.ambienteyenergia.gob.ec\/ambiente\/wp-content\/uploads\/sites\/2\/2013\/08\/IMG_6345-150x150.jpg\" class=\"attachment-thumbnail size-thumbnail\" alt=\"\" \/><\/a>\n\t\t\t<\/dt><\/dl>\n\t\t\t<br style='clear: both' \/>\n\t\t<\/div>\n<\/p>\n<p style=\"text-align: justify;\">\n","protected":false},"excerpt":{"rendered":"<p class=\"excerpt\">Del 1 al 10 de agosto, est\u00e1 abierta al p\u00fablico la exposici\u00f3n fotogr\u00e1fica de las 16 \u00c1reas Protegidas Marinas y Costeras del Ecuador, en la planta baja del Mall del Sol de Guayaquil, desde las 10:00 hasta las 20:00. El objetivo es difundir entre los visitantes del centro comercial los espacios naturales que el Ministerio del Ambiente (MAE), a trav\u00e9s&hellip; <a href=\"https:\/\/www.ambienteyenergia.gob.ec\/ambiente\/exposicion-fotografica-de-areas-protegidas-marinas-y-costeras-se-exhibe-en-guayaquil\/\">Read more &rarr;<\/a><\/p>\n","protected":false},"author":13,"featured_media":13750,"comment_status":"open","ping_status":"open","sticky":false,"template":"","format":"standard","meta":{"footnotes":""},"categories":[16,4],"tags":[],"class_list":["post-13749","post","type-post","status-publish","format-standard","has-post-thumbnail","hentry","category-comunicamos","category-noticias","xfolkentry"],"_links":{"self":[{"href":"https:\/\/www.ambienteyenergia.gob.ec\/ambiente\/wp-json\/wp\/v2\/posts\/13749","targetHints":{"allow":["GET"]}}],"collection":[{"href":"https:\/\/www.ambienteyenergia.gob.ec\/ambiente\/wp-json\/wp\/v2\/posts"}],"about":[{"href":"https:\/\/www.ambienteyenergia.gob.ec\/ambiente\/wp-json\/wp\/v2\/types\/post"}],"author":[{"embeddable":true,"href":"https:\/\/www.ambienteyenergia.gob.ec\/ambiente\/wp-json\/wp\/v2\/users\/13"}],"replies":[{"embeddable":true,"href":"https:\/\/www.ambienteyenergia.gob.ec\/ambiente\/wp-json\/wp\/v2\/comments?post=13749"}],"version-history":[{"count":0,"href":"https:\/\/www.ambienteyenergia.gob.ec\/ambiente\/wp-json\/wp\/v2\/posts\/13749\/revisions"}],"wp:featuredmedia":[{"embeddable":true,"href":"https:\/\/www.ambienteyenergia.gob.ec\/ambiente\/wp-json\/wp\/v2\/media\/13750"}],"wp:attachment":[{"href":"https:\/\/www.ambienteyenergia.gob.ec\/ambiente\/wp-json\/wp\/v2\/media?parent=13749"}],"wp:term":[{"taxonomy":"category","embeddable":true,"href":"https:\/\/www.ambienteyenergia.gob.ec\/ambiente\/wp-json\/wp\/v2\/categories?post=13749"},{"taxonomy":"post_tag","embeddable":true,"href":"https:\/\/www.ambienteyenergia.gob.ec\/ambiente\/wp-json\/wp\/v2\/tags?post=13749"}],"curies":[{"name":"wp","href":"https:\/\/api.w.org\/{rel}","templated":true}]}}