{"id":13744,"date":"2013-08-02T09:37:39","date_gmt":"2013-08-02T14:37:39","guid":{"rendered":"http:\/\/www.ambiente.gob.ec\/?p=13744"},"modified":"2013-08-02T09:37:39","modified_gmt":"2013-08-02T14:37:39","slug":"mae-lidera-reunion-interinstitucional-para-mejorar-capacidad-de-respuesta-ante-incendios-forestales-en-tungurahua","status":"publish","type":"post","link":"https:\/\/www.ambienteyenergia.gob.ec\/ambiente\/mae-lidera-reunion-interinstitucional-para-mejorar-capacidad-de-respuesta-ante-incendios-forestales-en-tungurahua\/","title":{"rendered":"MAE lidera reuni\u00f3n interinstitucional para mejorar capacidad de respuesta ante incendios forestales en Tungurahua"},"content":{"rendered":"<p style=\"text-align: justify;\">Ante los incendios forestales que se produjeron en la ciudad de Ambato en las \u00faltimas semanas y con el fin de fortalecer las capacidades de respuesta, el Ministerio del Ambiente (MAE) tom\u00f3 la iniciativa de coordinar acciones de trabajo, combate y prevenci\u00f3n de incendios forestales, en una reuni\u00f3n interinstitucional que se desarroll\u00f3 en la Gobernaci\u00f3n de Tungurahua, el pasado 31 de julio.<\/p>\n<p style=\"text-align: justify;\">En la asamblea participaron representantes de la Secretar\u00eda Nacional del Agua, Ministerio del Interior, Secretar\u00eda Nacional de Gesti\u00f3n de Riesgos, Cuerpo de Bomberos de Tungurahua y la Polic\u00eda Nacional del Ecuador, quienes plantearon la elaboraci\u00f3n de un Plan de Acci\u00f3n que contenga un protocolo de actuaci\u00f3n para atender emergencias de flagelos forestales a nivel local, de acuerdo a las capacidades y competencias institucionales.<\/p>\n<p style=\"text-align: justify;\">Tambi\u00e9n se consider\u00f3 la necesidad de capacitar\u00a0 y socializar a la poblaci\u00f3n en la prevenci\u00f3n de incendios, especialmente en los puntos m\u00e1s vulnerables de la ciudad de Ambato como es la cuenca del r\u00edo Ambato, laderas y colinas con cobertura vegetal nativa, \u00a0plantaciones forestales\u00a0 comerciales y el Parque Nacional Llanganates.<\/p>\n<p style=\"text-align: justify;\">En caso de que se produzca un nuevo incendio se activar\u00e1 el Comit\u00e9 de Operaciones de Emergencia (COE) a nivel cantonal, para atender inmediatamente la incidencia.<\/p>\n<p style=\"text-align: justify;\">Otro punto que se analiz\u00f3 es realizar un diagn\u00f3stico de las capacidades de respuesta, equipos y log\u00edstica que posee cada instituci\u00f3n para fortalecer sus debilidades.<\/p>\n<p style=\"text-align: justify;\">En los pr\u00f3ximos d\u00edas el MAE y la Subsecretar\u00eda Nacional de Gesti\u00f3n de Riesgos se reunir\u00e1n nuevamente para elaborar Plan de Acci\u00f3n y los protocolos para atender la emergencia de flagelos forestales.<\/p>\n<div id='gallery-1' class='gallery galleryid-13744 gallery-columns-4 gallery-size-thumbnail'><dl class='gallery-item'>\n\t\t\t<dt class='gallery-icon landscape'>\n\t\t\t\t<a href='https:\/\/www.ambienteyenergia.gob.ec\/ambiente\/mae-lidera-reunion-interinstitucional-para-mejorar-capacidad-de-respuesta-ante-incendios-forestales-en-tungurahua\/dsc_0004_1\/'><img loading=\"lazy\" decoding=\"async\" width=\"150\" height=\"150\" src=\"https:\/\/www.ambienteyenergia.gob.ec\/ambiente\/wp-content\/uploads\/sites\/2\/2013\/08\/DSC_0004_1-150x150.jpg\" class=\"attachment-thumbnail size-thumbnail\" alt=\"\" \/><\/a>\n\t\t\t<\/dt><\/dl><dl class='gallery-item'>\n\t\t\t<dt class='gallery-icon landscape'>\n\t\t\t\t<a href='https:\/\/www.ambienteyenergia.gob.ec\/ambiente\/mae-lidera-reunion-interinstitucional-para-mejorar-capacidad-de-respuesta-ante-incendios-forestales-en-tungurahua\/dsc_0001_1\/'><img loading=\"lazy\" decoding=\"async\" width=\"150\" height=\"150\" src=\"https:\/\/www.ambienteyenergia.gob.ec\/ambiente\/wp-content\/uploads\/sites\/2\/2013\/08\/DSC_0001_1-150x150.jpg\" class=\"attachment-thumbnail size-thumbnail\" alt=\"\" \/><\/a>\n\t\t\t<\/dt><\/dl><dl class='gallery-item'>\n\t\t\t<dt class='gallery-icon landscape'>\n\t\t\t\t<a href='https:\/\/www.ambienteyenergia.gob.ec\/ambiente\/mae-lidera-reunion-interinstitucional-para-mejorar-capacidad-de-respuesta-ante-incendios-forestales-en-tungurahua\/dsc_0007_1\/'><img loading=\"lazy\" decoding=\"async\" width=\"150\" height=\"150\" src=\"https:\/\/www.ambienteyenergia.gob.ec\/ambiente\/wp-content\/uploads\/sites\/2\/2013\/08\/DSC_0007_1-150x150.jpg\" class=\"attachment-thumbnail size-thumbnail\" alt=\"\" \/><\/a>\n\t\t\t<\/dt><\/dl>\n\t\t\t<br style='clear: both' \/>\n\t\t<\/div>\n\n","protected":false},"excerpt":{"rendered":"<p class=\"excerpt\">Ante los incendios forestales que se produjeron en la ciudad de Ambato en las \u00faltimas semanas y con el fin de fortalecer las capacidades de respuesta, el Ministerio del Ambiente (MAE) tom\u00f3 la iniciativa de coordinar acciones de trabajo, combate y prevenci\u00f3n de incendios forestales, en una reuni\u00f3n interinstitucional que se desarroll\u00f3 en la Gobernaci\u00f3n de Tungurahua, el pasado 31&hellip; <a href=\"https:\/\/www.ambienteyenergia.gob.ec\/ambiente\/mae-lidera-reunion-interinstitucional-para-mejorar-capacidad-de-respuesta-ante-incendios-forestales-en-tungurahua\/\">Read more &rarr;<\/a><\/p>\n","protected":false},"author":13,"featured_media":13747,"comment_status":"open","ping_status":"open","sticky":false,"template":"","format":"standard","meta":{"footnotes":""},"categories":[16,4],"tags":[],"class_list":["post-13744","post","type-post","status-publish","format-standard","has-post-thumbnail","hentry","category-comunicamos","category-noticias","xfolkentry"],"_links":{"self":[{"href":"https:\/\/www.ambienteyenergia.gob.ec\/ambiente\/wp-json\/wp\/v2\/posts\/13744","targetHints":{"allow":["GET"]}}],"collection":[{"href":"https:\/\/www.ambienteyenergia.gob.ec\/ambiente\/wp-json\/wp\/v2\/posts"}],"about":[{"href":"https:\/\/www.ambienteyenergia.gob.ec\/ambiente\/wp-json\/wp\/v2\/types\/post"}],"author":[{"embeddable":true,"href":"https:\/\/www.ambienteyenergia.gob.ec\/ambiente\/wp-json\/wp\/v2\/users\/13"}],"replies":[{"embeddable":true,"href":"https:\/\/www.ambienteyenergia.gob.ec\/ambiente\/wp-json\/wp\/v2\/comments?post=13744"}],"version-history":[{"count":0,"href":"https:\/\/www.ambienteyenergia.gob.ec\/ambiente\/wp-json\/wp\/v2\/posts\/13744\/revisions"}],"wp:featuredmedia":[{"embeddable":true,"href":"https:\/\/www.ambienteyenergia.gob.ec\/ambiente\/wp-json\/wp\/v2\/media\/13747"}],"wp:attachment":[{"href":"https:\/\/www.ambienteyenergia.gob.ec\/ambiente\/wp-json\/wp\/v2\/media?parent=13744"}],"wp:term":[{"taxonomy":"category","embeddable":true,"href":"https:\/\/www.ambienteyenergia.gob.ec\/ambiente\/wp-json\/wp\/v2\/categories?post=13744"},{"taxonomy":"post_tag","embeddable":true,"href":"https:\/\/www.ambienteyenergia.gob.ec\/ambiente\/wp-json\/wp\/v2\/tags?post=13744"}],"curies":[{"name":"wp","href":"https:\/\/api.w.org\/{rel}","templated":true}]}}