{"id":13733,"date":"2013-08-01T16:19:54","date_gmt":"2013-08-01T21:19:54","guid":{"rendered":"http:\/\/www.ambiente.gob.ec\/?p=13733"},"modified":"2013-08-01T16:19:54","modified_gmt":"2013-08-01T21:19:54","slug":"proyectos-ecologicos-de-estudiantes-fueron-premiados-en-galapagos","status":"publish","type":"post","link":"https:\/\/www.ambienteyenergia.gob.ec\/ambiente\/proyectos-ecologicos-de-estudiantes-fueron-premiados-en-galapagos\/","title":{"rendered":"Proyectos ecol\u00f3gicos de estudiantes fueron premiados en Gal\u00e1pagos"},"content":{"rendered":"<p style=\"text-align: justify;\"><strong>El proyecto ganador est\u00e1 relacionado con el cambio de la dieta de tortugas gigantes en Santa Cruz, entre 2009 y 2010.<\/strong><\/p>\n<p style=\"text-align: justify;\">Un total de 147 estudiantes de colegios locales participaron en iniciativas ecol\u00f3gicas vinculadas al ecosistema de Gal\u00e1pagos, a trav\u00e9s de trabajos conjuntos entre la Direcci\u00f3n del Parque Nacional Gal\u00e1pagos y Ecology Project Internacional (EPI), que en d\u00edas pasados premi\u00f3 a los mejores proyectos.<\/p>\n<p style=\"text-align: justify;\">Alumnos de los colegios Miguel \u00c1ngel Cazares, San Francisco y Nacional Gal\u00e1pagos presentaron sus proyectos, que fueron calificados por un jurado. El contenido, presentaci\u00f3n, dise\u00f1o y originalidad \u00a0fueron los par\u00e1metros que se tomaron en cuenta para calificar cada propuesta.<\/p>\n<p style=\"text-align: justify;\">El grupo integrado por Diana Moreta, G\u00e9nesis Cordero y Paty Tapia gan\u00f3 el\u00a0 primer lugar al mejor proyecto cient\u00edfico, relacionado con el cambio de la dieta de las tortugas gigantes de la isla Santa Cruz, entre los a\u00f1os 2009 y 2010.<\/p>\n<p style=\"text-align: justify;\">Los ganadores, adem\u00e1s de los premios, podr\u00e1n nombrar como deseen a una tortuga gigante, a la que se le colocar\u00e1 un dispositivo de rastreo satelital (GPS), para estudios de la Direcci\u00f3n del Parque Nacional Gal\u00e1pagos.<\/p>\n<p style=\"text-align: justify;\">Este trabajo realizado de manera conjunta ha generado inter\u00e9s entre los j\u00f3venes, que anualmente han incrementado su participaci\u00f3n; pues en el a\u00f1o 2010 inici\u00f3 con 40 estudiantes y este a\u00f1o participaron 147 colegiales.<\/p>\n<p style=\"text-align: justify;\">Los j\u00f3venes tambi\u00e9n han colaborado en varios programas, como erradicaci\u00f3n de plantas invasoras en el sector de Los Gemelos y medici\u00f3n de tortugas gigantes en el Centro de Crianza Fausto Llerena, en la isla Santa Cruz.<\/p>\n","protected":false},"excerpt":{"rendered":"<p class=\"excerpt\">El proyecto ganador est\u00e1 relacionado con el cambio de la dieta de tortugas gigantes en Santa Cruz, entre 2009 y 2010. Un total de 147 estudiantes de colegios locales participaron en iniciativas ecol\u00f3gicas vinculadas al ecosistema de Gal\u00e1pagos, a trav\u00e9s de trabajos conjuntos entre la Direcci\u00f3n del Parque Nacional Gal\u00e1pagos y Ecology Project Internacional (EPI), que en d\u00edas pasados premi\u00f3&hellip; <a href=\"https:\/\/www.ambienteyenergia.gob.ec\/ambiente\/proyectos-ecologicos-de-estudiantes-fueron-premiados-en-galapagos\/\">Read more &rarr;<\/a><\/p>\n","protected":false},"author":13,"featured_media":13734,"comment_status":"open","ping_status":"open","sticky":false,"template":"","format":"standard","meta":{"footnotes":""},"categories":[16,4],"tags":[],"class_list":["post-13733","post","type-post","status-publish","format-standard","has-post-thumbnail","hentry","category-comunicamos","category-noticias","xfolkentry"],"_links":{"self":[{"href":"https:\/\/www.ambienteyenergia.gob.ec\/ambiente\/wp-json\/wp\/v2\/posts\/13733","targetHints":{"allow":["GET"]}}],"collection":[{"href":"https:\/\/www.ambienteyenergia.gob.ec\/ambiente\/wp-json\/wp\/v2\/posts"}],"about":[{"href":"https:\/\/www.ambienteyenergia.gob.ec\/ambiente\/wp-json\/wp\/v2\/types\/post"}],"author":[{"embeddable":true,"href":"https:\/\/www.ambienteyenergia.gob.ec\/ambiente\/wp-json\/wp\/v2\/users\/13"}],"replies":[{"embeddable":true,"href":"https:\/\/www.ambienteyenergia.gob.ec\/ambiente\/wp-json\/wp\/v2\/comments?post=13733"}],"version-history":[{"count":0,"href":"https:\/\/www.ambienteyenergia.gob.ec\/ambiente\/wp-json\/wp\/v2\/posts\/13733\/revisions"}],"wp:featuredmedia":[{"embeddable":true,"href":"https:\/\/www.ambienteyenergia.gob.ec\/ambiente\/wp-json\/wp\/v2\/media\/13734"}],"wp:attachment":[{"href":"https:\/\/www.ambienteyenergia.gob.ec\/ambiente\/wp-json\/wp\/v2\/media?parent=13733"}],"wp:term":[{"taxonomy":"category","embeddable":true,"href":"https:\/\/www.ambienteyenergia.gob.ec\/ambiente\/wp-json\/wp\/v2\/categories?post=13733"},{"taxonomy":"post_tag","embeddable":true,"href":"https:\/\/www.ambienteyenergia.gob.ec\/ambiente\/wp-json\/wp\/v2\/tags?post=13733"}],"curies":[{"name":"wp","href":"https:\/\/api.w.org\/{rel}","templated":true}]}}