{"id":13721,"date":"2013-08-01T14:58:32","date_gmt":"2013-08-01T19:58:32","guid":{"rendered":"http:\/\/www.ambiente.gob.ec\/?p=13721"},"modified":"2013-08-01T14:58:32","modified_gmt":"2013-08-01T19:58:32","slug":"finalizo-el-ii-congreso-nacional-de-areas-protegidas","status":"publish","type":"post","link":"https:\/\/www.ambienteyenergia.gob.ec\/ambiente\/finalizo-el-ii-congreso-nacional-de-areas-protegidas\/","title":{"rendered":"Finaliz\u00f3 el II Congreso Nacional de \u00c1reas Protegidas"},"content":{"rendered":"<p style=\"text-align: justify;\">Ayer, se realiz\u00f3 la clausura del II Congreso Nacional de \u00c1reas Protegidas en el Auditorio de la Pontificia Universidad Cat\u00f3lica del Ecuador. El Congreso se desarroll\u00f3 del 29 al 31 de julio con el fin de fortalecer la gesti\u00f3n del Sistema Nacional de \u00c1reas Protegidas (SNAP).<\/p>\n<p style=\"text-align: justify;\">El congreso cont\u00f3 con centenares de participantes, funcionarios del Ministerio del Ambiente que administran las 48 \u00e1reas protegidas con las que cuenta el Ecuador, actores involucrados en instituciones p\u00fablicas, representantes de gobiernos aut\u00f3nomos descentralizados, organizaciones cooperantes internacionales, estudiantes, cient\u00edficos y sociedad civil.<\/p>\n<p style=\"text-align: justify;\">Este fue un espacio din\u00e1mico para el intercambio de ideas, proyectos y posturas, con el fin de que esta experiencia enriquezca la gesti\u00f3n del Sistema Nacional de \u00c1reas Protegidas (SNAP), fortalezca la conservaci\u00f3n y contribuya a mejorar la calidad de vida e intereses de la poblaci\u00f3n ecuatoriana.<\/p>\n<p style=\"text-align: justify;\">Son 49 \u00e1reas protegidas reconocidas por el Estado Ecuatoriano a trav\u00e9s del SNAP que representan el 19,44% del territorio nacional y comprende 4,9 millones de hect\u00e1reas, lo que convierte al pa\u00eds en referente internacional.<\/p>\n<p style=\"text-align: justify;\">Mauricio Castillo, Director Nacional de Biodiversidad, expres\u00f3 la necesidad de generar m\u00e1s programas que permitan involucrar a las comunidades locales en las \u00e1reas protegidas. Asimismo, promovi\u00f3 la conservaci\u00f3n como una plataforma social de equidad y respeto con la vida.<\/p>\n<p style=\"text-align: justify;\">Como parte de los quince puntos de la declaraci\u00f3n del congreso, se convoc\u00f3 a la integraci\u00f3n de sistemas regionales de conservaci\u00f3n con los ecosistemas terrestres y marinos con los pa\u00edses latinoamericanos. La clausura que cont\u00f3 con altos representantes para la Protecci\u00f3n de \u00c1reas Protegidas de Per\u00fa y Colombia, y del Programa de las Naciones Unidas para el Desarrollo, quienes premiaron a los ganadores del primer concurso de fotograf\u00eda \u201cNuestras \u00c1reas Protegidas\u201d, con el lema m\u00e1s gente que conoce es m\u00e1s gente que protege.<\/p>\n<p style=\"text-align: justify;\">De las 330 fotograf\u00edas que participaron los ganadores fueron Andr\u00e9s Verdesoto en el tercer puesto, Daniel Encalada en el segundo puesto y Andr\u00e9s V\u00e1squez en el primer puesto con su fotograf\u00eda \u201cGarrapateros muertos de fr\u00edo\u201d, captada en el Parque Nacional Podocarpus, provincia de Zamora.<\/p>\n<p style=\"text-align: justify;\">El Subsecretario de Patrimonio Natural, Christian Ter\u00e1n, clausur\u00f3 el evento y asegur\u00f3 que el trabajo del Ministerio del Ambiente es arduo y se ve reflejado en el crecimiento y cambio en la gesti\u00f3n de \u00c1reas Protegidas, resultados de los que el pa\u00eds se puede sentir orgulloso<\/p>\n<div id='gallery-1' class='gallery galleryid-13721 gallery-columns-4 gallery-size-thumbnail'><dl class='gallery-item'>\n\t\t\t<dt class='gallery-icon landscape'>\n\t\t\t\t<a href='https:\/\/www.ambienteyenergia.gob.ec\/ambiente\/finalizo-el-ii-congreso-nacional-de-areas-protegidas\/sony-dsc-47\/'><img loading=\"lazy\" decoding=\"async\" width=\"150\" height=\"150\" src=\"https:\/\/www.ambienteyenergia.gob.ec\/ambiente\/wp-content\/uploads\/sites\/2\/2013\/08\/z1-150x150.jpg\" class=\"attachment-thumbnail size-thumbnail\" alt=\"\" \/><\/a>\n\t\t\t<\/dt><\/dl><dl class='gallery-item'>\n\t\t\t<dt class='gallery-icon landscape'>\n\t\t\t\t<a href='https:\/\/www.ambienteyenergia.gob.ec\/ambiente\/finalizo-el-ii-congreso-nacional-de-areas-protegidas\/sony-dsc-48\/'><img loading=\"lazy\" decoding=\"async\" width=\"150\" height=\"150\" src=\"https:\/\/www.ambienteyenergia.gob.ec\/ambiente\/wp-content\/uploads\/sites\/2\/2013\/08\/z2-150x150.jpg\" class=\"attachment-thumbnail size-thumbnail\" alt=\"\" \/><\/a>\n\t\t\t<\/dt><\/dl><dl class='gallery-item'>\n\t\t\t<dt class='gallery-icon landscape'>\n\t\t\t\t<a href='https:\/\/www.ambienteyenergia.gob.ec\/ambiente\/finalizo-el-ii-congreso-nacional-de-areas-protegidas\/sony-dsc-49\/'><img loading=\"lazy\" decoding=\"async\" width=\"150\" height=\"150\" src=\"https:\/\/www.ambienteyenergia.gob.ec\/ambiente\/wp-content\/uploads\/sites\/2\/2013\/08\/z3-150x150.jpg\" class=\"attachment-thumbnail size-thumbnail\" alt=\"\" \/><\/a>\n\t\t\t<\/dt><\/dl><dl class='gallery-item'>\n\t\t\t<dt class='gallery-icon landscape'>\n\t\t\t\t<a href='https:\/\/www.ambienteyenergia.gob.ec\/ambiente\/finalizo-el-ii-congreso-nacional-de-areas-protegidas\/sony-dsc-50\/'><img loading=\"lazy\" decoding=\"async\" width=\"150\" height=\"150\" src=\"https:\/\/www.ambienteyenergia.gob.ec\/ambiente\/wp-content\/uploads\/sites\/2\/2013\/08\/z4-150x150.jpg\" class=\"attachment-thumbnail size-thumbnail\" alt=\"\" \/><\/a>\n\t\t\t<\/dt><\/dl><br style=\"clear: both\" \/>\n\t\t<\/div>\n\n<p style=\"text-align: justify;\">\n","protected":false},"excerpt":{"rendered":"<p class=\"excerpt\">Ayer, se realiz\u00f3 la clausura del II Congreso Nacional de \u00c1reas Protegidas en el Auditorio de la Pontificia Universidad Cat\u00f3lica del Ecuador. El Congreso se desarroll\u00f3 del 29 al 31 de julio con el fin de fortalecer la gesti\u00f3n del Sistema Nacional de \u00c1reas Protegidas (SNAP). El congreso cont\u00f3 con centenares de participantes, funcionarios del Ministerio del Ambiente que administran&hellip; <a href=\"https:\/\/www.ambienteyenergia.gob.ec\/ambiente\/finalizo-el-ii-congreso-nacional-de-areas-protegidas\/\">Read more &rarr;<\/a><\/p>\n","protected":false},"author":13,"featured_media":13723,"comment_status":"open","ping_status":"open","sticky":false,"template":"","format":"standard","meta":{"footnotes":""},"categories":[16,4],"tags":[],"class_list":["post-13721","post","type-post","status-publish","format-standard","has-post-thumbnail","hentry","category-comunicamos","category-noticias","xfolkentry"],"_links":{"self":[{"href":"https:\/\/www.ambienteyenergia.gob.ec\/ambiente\/wp-json\/wp\/v2\/posts\/13721","targetHints":{"allow":["GET"]}}],"collection":[{"href":"https:\/\/www.ambienteyenergia.gob.ec\/ambiente\/wp-json\/wp\/v2\/posts"}],"about":[{"href":"https:\/\/www.ambienteyenergia.gob.ec\/ambiente\/wp-json\/wp\/v2\/types\/post"}],"author":[{"embeddable":true,"href":"https:\/\/www.ambienteyenergia.gob.ec\/ambiente\/wp-json\/wp\/v2\/users\/13"}],"replies":[{"embeddable":true,"href":"https:\/\/www.ambienteyenergia.gob.ec\/ambiente\/wp-json\/wp\/v2\/comments?post=13721"}],"version-history":[{"count":0,"href":"https:\/\/www.ambienteyenergia.gob.ec\/ambiente\/wp-json\/wp\/v2\/posts\/13721\/revisions"}],"wp:featuredmedia":[{"embeddable":true,"href":"https:\/\/www.ambienteyenergia.gob.ec\/ambiente\/wp-json\/wp\/v2\/media\/13723"}],"wp:attachment":[{"href":"https:\/\/www.ambienteyenergia.gob.ec\/ambiente\/wp-json\/wp\/v2\/media?parent=13721"}],"wp:term":[{"taxonomy":"category","embeddable":true,"href":"https:\/\/www.ambienteyenergia.gob.ec\/ambiente\/wp-json\/wp\/v2\/categories?post=13721"},{"taxonomy":"post_tag","embeddable":true,"href":"https:\/\/www.ambienteyenergia.gob.ec\/ambiente\/wp-json\/wp\/v2\/tags?post=13721"}],"curies":[{"name":"wp","href":"https:\/\/api.w.org\/{rel}","templated":true}]}}