{"id":13709,"date":"2013-08-01T10:32:42","date_gmt":"2013-08-01T15:32:42","guid":{"rendered":"http:\/\/www.ambiente.gob.ec\/?p=13709"},"modified":"2013-08-01T15:06:14","modified_gmt":"2013-08-01T20:06:14","slug":"gads-municipales-se-capacitaron-en-temas-de-cambio-climatico","status":"publish","type":"post","link":"https:\/\/www.ambienteyenergia.gob.ec\/ambiente\/gads-municipales-se-capacitaron-en-temas-de-cambio-climatico\/","title":{"rendered":"T\u00e9cnicos de gobiernos provinciales se capacitaron en temas de cambio clim\u00e1tico"},"content":{"rendered":"<p style=\"text-align: justify;\">\u00bfQu\u00e9 es cambio clim\u00e1tico?, con esta pregunta inici\u00f3 el VII m\u00f3dulo \u201cMecanismos de mitigaci\u00f3n\u201d que se realiz\u00f3 en la ciudad de Cuenca, provincia del Azuay, los d\u00edas 30 y 31 de julio. Esto como parte del curso de capacitaci\u00f3n \u201cCambio clim\u00e1tico en la gesti\u00f3n provincial\u201d dirigida a t\u00e9cnicos de \u00e1reas ambientales de los diferentes Gobiernos Aut\u00f3nomos Descentralizados (GAD\u00b4S), iniciativa liderada por el Ministerio del Ambiente (MAE) y el Consorcio de Gobiernos Provinciales del Ecuador (CONGOPE).<\/p>\n<p>Las respuestas fueron acertadas. Paola Cer\u00f3n, t\u00e9cnica del GAD del Carchi, manifest\u00f3 que el cambio clim\u00e1tico \u201ces la variaci\u00f3n de los principales factores clim\u00e1ticos como son la temperatura y precipitaci\u00f3n causados principalmente por las actividades humanas que generan gases de efecto invernadero\u201d. Esta actividad fue el pre\u00e1mbulo para desarrollar el taller en torno a temas relacionados con mitigaci\u00f3n.<\/p>\n<p>Los asistentes conocieron m\u00e1s sobre los diferentes proyectos y mecanismos de mitigaci\u00f3n en los que trabaja el MAE, a trav\u00e9s de la Subsecretar\u00eda de Cambio Clim\u00e1tico. Estos son Reducci\u00f3n de Emisiones por Deforestaci\u00f3n y Degradaci\u00f3n de Bosques (REDD+), que actualmente se encuentra en fase de registro; Mecanismo de Desarrollo Limpio (MDL) y la Tercera Comunicaci\u00f3n de Cambio Clim\u00e1tico, entre otros.<\/p>\n<p>Una de las din\u00e1micas que se trabaj\u00f3 con los t\u00e9cnicos consisti\u00f3 en que dibujaran lo que es para ellos cambio clim\u00e1tico y cuales son medidas de adaptaci\u00f3n y mitigaci\u00f3n, esto permiti\u00f3 medir la comprensi\u00f3n de estos temas de una manera did\u00e1ctica.<\/p>\n<p><strong>Visita de campo<\/strong><\/p>\n<p>Los representantes de los GAD&#8217;s visitaron el proyecto hidroel\u00e9ctrico Mazar- Dudas, ubicado en las parroquias Rivera, Pindiling, Taday, Luis Cordero y Azoguez, en el cant\u00f3n Azoguez, provincia de Ca\u00f1ar. La hidroel\u00e9ctrica genera energ\u00eda limpia priorizando la protecci\u00f3n de los recursos naturales y fortalece las capacidades locales. Asimismo, disminuir\u00e1 71 000 toneladas de CO2 al ambiente en el a\u00f1o. El proyecto emblem\u00e1tico es una iniciativa de la Corporaci\u00f3n El\u00e9ctrica del Ecuador y otras instituciones gubernamentales comprometidas con la gesti\u00f3n ambiental.<\/p>\n<div id='gallery-1' class='gallery galleryid-13709 gallery-columns-4 gallery-size-thumbnail'><dl class='gallery-item'>\n\t\t\t<dt class='gallery-icon landscape'>\n\t\t\t\t<a href='https:\/\/www.ambienteyenergia.gob.ec\/ambiente\/gads-municipales-se-capacitaron-en-temas-de-cambio-climatico\/foto-cuenca-2\/'><img loading=\"lazy\" decoding=\"async\" width=\"150\" height=\"150\" src=\"https:\/\/www.ambienteyenergia.gob.ec\/ambiente\/wp-content\/uploads\/sites\/2\/2013\/08\/foto-cuenca-2-150x150.jpg\" class=\"attachment-thumbnail size-thumbnail\" alt=\"\" \/><\/a>\n\t\t\t<\/dt><\/dl><dl class='gallery-item'>\n\t\t\t<dt class='gallery-icon landscape'>\n\t\t\t\t<a href='https:\/\/www.ambienteyenergia.gob.ec\/ambiente\/gads-municipales-se-capacitaron-en-temas-de-cambio-climatico\/foto-cuenca-5\/'><img loading=\"lazy\" decoding=\"async\" width=\"150\" height=\"150\" src=\"https:\/\/www.ambienteyenergia.gob.ec\/ambiente\/wp-content\/uploads\/sites\/2\/2013\/08\/foto-cuenca-5-150x150.jpg\" class=\"attachment-thumbnail size-thumbnail\" alt=\"\" \/><\/a>\n\t\t\t<\/dt><\/dl><dl class='gallery-item'>\n\t\t\t<dt class='gallery-icon landscape'>\n\t\t\t\t<a href='https:\/\/www.ambienteyenergia.gob.ec\/ambiente\/gads-municipales-se-capacitaron-en-temas-de-cambio-climatico\/foto-cuenca-6\/'><img loading=\"lazy\" decoding=\"async\" width=\"150\" height=\"150\" src=\"https:\/\/www.ambienteyenergia.gob.ec\/ambiente\/wp-content\/uploads\/sites\/2\/2013\/08\/foto-cuenca-6-150x150.jpg\" class=\"attachment-thumbnail size-thumbnail\" alt=\"\" \/><\/a>\n\t\t\t<\/dt><\/dl><dl class='gallery-item'>\n\t\t\t<dt class='gallery-icon landscape'>\n\t\t\t\t<a href='https:\/\/www.ambienteyenergia.gob.ec\/ambiente\/gads-municipales-se-capacitaron-en-temas-de-cambio-climatico\/foto-cuenca-7\/'><img loading=\"lazy\" decoding=\"async\" width=\"150\" height=\"150\" src=\"https:\/\/www.ambienteyenergia.gob.ec\/ambiente\/wp-content\/uploads\/sites\/2\/2013\/08\/foto-cuenca-7-150x150.jpg\" class=\"attachment-thumbnail size-thumbnail\" alt=\"\" \/><\/a>\n\t\t\t<\/dt><\/dl><br style=\"clear: both\" \/>\n\t\t<\/div>\n\n<p style=\"text-align: justify;\" align=\"JUSTIFY\">\n","protected":false},"excerpt":{"rendered":"<p class=\"excerpt\">\u00bfQu\u00e9 es cambio clim\u00e1tico?, con esta pregunta inici\u00f3 el VII m\u00f3dulo \u201cMecanismos de mitigaci\u00f3n\u201d que se realiz\u00f3 en la ciudad de Cuenca, provincia del Azuay, los d\u00edas 30 y 31 de julio. Esto como parte del curso de capacitaci\u00f3n \u201cCambio clim\u00e1tico en la gesti\u00f3n provincial\u201d dirigida a t\u00e9cnicos de \u00e1reas ambientales de los diferentes Gobiernos Aut\u00f3nomos Descentralizados (GAD\u00b4S), iniciativa liderada&hellip; <a href=\"https:\/\/www.ambienteyenergia.gob.ec\/ambiente\/gads-municipales-se-capacitaron-en-temas-de-cambio-climatico\/\">Read more &rarr;<\/a><\/p>\n","protected":false},"author":13,"featured_media":13713,"comment_status":"open","ping_status":"open","sticky":false,"template":"","format":"standard","meta":{"footnotes":""},"categories":[16,4],"tags":[],"class_list":["post-13709","post","type-post","status-publish","format-standard","has-post-thumbnail","hentry","category-comunicamos","category-noticias","xfolkentry"],"_links":{"self":[{"href":"https:\/\/www.ambienteyenergia.gob.ec\/ambiente\/wp-json\/wp\/v2\/posts\/13709","targetHints":{"allow":["GET"]}}],"collection":[{"href":"https:\/\/www.ambienteyenergia.gob.ec\/ambiente\/wp-json\/wp\/v2\/posts"}],"about":[{"href":"https:\/\/www.ambienteyenergia.gob.ec\/ambiente\/wp-json\/wp\/v2\/types\/post"}],"author":[{"embeddable":true,"href":"https:\/\/www.ambienteyenergia.gob.ec\/ambiente\/wp-json\/wp\/v2\/users\/13"}],"replies":[{"embeddable":true,"href":"https:\/\/www.ambienteyenergia.gob.ec\/ambiente\/wp-json\/wp\/v2\/comments?post=13709"}],"version-history":[{"count":0,"href":"https:\/\/www.ambienteyenergia.gob.ec\/ambiente\/wp-json\/wp\/v2\/posts\/13709\/revisions"}],"wp:featuredmedia":[{"embeddable":true,"href":"https:\/\/www.ambienteyenergia.gob.ec\/ambiente\/wp-json\/wp\/v2\/media\/13713"}],"wp:attachment":[{"href":"https:\/\/www.ambienteyenergia.gob.ec\/ambiente\/wp-json\/wp\/v2\/media?parent=13709"}],"wp:term":[{"taxonomy":"category","embeddable":true,"href":"https:\/\/www.ambienteyenergia.gob.ec\/ambiente\/wp-json\/wp\/v2\/categories?post=13709"},{"taxonomy":"post_tag","embeddable":true,"href":"https:\/\/www.ambienteyenergia.gob.ec\/ambiente\/wp-json\/wp\/v2\/tags?post=13709"}],"curies":[{"name":"wp","href":"https:\/\/api.w.org\/{rel}","templated":true}]}}