{"id":13705,"date":"2013-08-01T10:03:50","date_gmt":"2013-08-01T15:03:50","guid":{"rendered":"http:\/\/www.ambiente.gob.ec\/?p=13705"},"modified":"2013-08-01T10:03:50","modified_gmt":"2013-08-01T15:03:50","slug":"mae-presento-la-gestion-de-reserva-ecologica-cotacachi-cayapas","status":"publish","type":"post","link":"https:\/\/www.ambienteyenergia.gob.ec\/ambiente\/mae-presento-la-gestion-de-reserva-ecologica-cotacachi-cayapas\/","title":{"rendered":"MAE present\u00f3 la gesti\u00f3n de Reserva Ecol\u00f3gica Cotacachi Cayapas"},"content":{"rendered":"<p style=\"text-align: justify;\">Ayer, en el marco del II Congreso Nacional de \u00c1reas Protegidas, el Ministerio de Ambiente (MAE), a trav\u00e9s de la Direcci\u00f3n Provincial de Imbabura, present\u00f3 la ponencia Turismo sostenible, una respuesta acertada para el buen vivir, tomando como ejemplo la gesti\u00f3n de la Reserva Ecol\u00f3gica Cotacachi Cayapas.<\/p>\n<p style=\"text-align: justify;\">En la exposici\u00f3n se presentaron algunos insumos t\u00e9cnicos y lecciones aprendidas, que permitir\u00e1n evaluar e insertar elementos de mejora para ser aplicados en otras \u00e1reas protegidas a nivel del pa\u00eds.<\/p>\n<p style=\"text-align: justify;\">El evento organizado por el MAE se desarroll\u00f3 en el Auditorio del Centro Cultural de la Pontificia Universidad Cat\u00f3lica del Ecuador, en Quito. El objetivo fue revisar los avances alcanzados en materia de gesti\u00f3n de las \u00e1reas naturales.<\/p>\n<p style=\"text-align: justify;\">Este espacio servir\u00e1 para el intercambio de ideas, proyectos y posturas, con el fin de que esta experiencia enriquezca la gesti\u00f3n del Sistema Nacional de \u00c1reas Protegidas (SNAP), fortalezca la conservaci\u00f3n y contribuya a mejorar la calidad de vida e intereses de la poblaci\u00f3n ecuatoriana.<\/p>\n<p style=\"text-align: justify;\">\u00a0<a href=\"http:\/\/www.ambienteyenergia.gob.ec\/ambiente\/wp-content\/uploads\/2013\/08\/2.jpg\"><img loading=\"lazy\" decoding=\"async\" class=\"aligncenter size-full wp-image-13707\" title=\"MAE present\u00f3 la gesti\u00f3n de Reserva Ecol\u00f3gica Cotacachi Cayapas \" src=\"http:\/\/www.ambienteyenergia.gob.ec\/ambiente\/wp-content\/uploads\/2013\/08\/2.jpg\" alt=\"\" width=\"300\" height=\"199\" \/><\/a><\/p>\n<p style=\"text-align: justify;\">\n","protected":false},"excerpt":{"rendered":"<p class=\"excerpt\">Ayer, en el marco del II Congreso Nacional de \u00c1reas Protegidas, el Ministerio de Ambiente (MAE), a trav\u00e9s de la Direcci\u00f3n Provincial de Imbabura, present\u00f3 la ponencia Turismo sostenible, una respuesta acertada para el buen vivir, tomando como ejemplo la gesti\u00f3n de la Reserva Ecol\u00f3gica Cotacachi Cayapas. En la exposici\u00f3n se presentaron algunos insumos t\u00e9cnicos y lecciones aprendidas, que permitir\u00e1n&hellip; <a href=\"https:\/\/www.ambienteyenergia.gob.ec\/ambiente\/mae-presento-la-gestion-de-reserva-ecologica-cotacachi-cayapas\/\">Read more &rarr;<\/a><\/p>\n","protected":false},"author":13,"featured_media":13706,"comment_status":"open","ping_status":"open","sticky":false,"template":"","format":"standard","meta":{"footnotes":""},"categories":[16,4],"tags":[],"class_list":["post-13705","post","type-post","status-publish","format-standard","has-post-thumbnail","hentry","category-comunicamos","category-noticias","xfolkentry"],"_links":{"self":[{"href":"https:\/\/www.ambienteyenergia.gob.ec\/ambiente\/wp-json\/wp\/v2\/posts\/13705","targetHints":{"allow":["GET"]}}],"collection":[{"href":"https:\/\/www.ambienteyenergia.gob.ec\/ambiente\/wp-json\/wp\/v2\/posts"}],"about":[{"href":"https:\/\/www.ambienteyenergia.gob.ec\/ambiente\/wp-json\/wp\/v2\/types\/post"}],"author":[{"embeddable":true,"href":"https:\/\/www.ambienteyenergia.gob.ec\/ambiente\/wp-json\/wp\/v2\/users\/13"}],"replies":[{"embeddable":true,"href":"https:\/\/www.ambienteyenergia.gob.ec\/ambiente\/wp-json\/wp\/v2\/comments?post=13705"}],"version-history":[{"count":0,"href":"https:\/\/www.ambienteyenergia.gob.ec\/ambiente\/wp-json\/wp\/v2\/posts\/13705\/revisions"}],"wp:featuredmedia":[{"embeddable":true,"href":"https:\/\/www.ambienteyenergia.gob.ec\/ambiente\/wp-json\/wp\/v2\/media\/13706"}],"wp:attachment":[{"href":"https:\/\/www.ambienteyenergia.gob.ec\/ambiente\/wp-json\/wp\/v2\/media?parent=13705"}],"wp:term":[{"taxonomy":"category","embeddable":true,"href":"https:\/\/www.ambienteyenergia.gob.ec\/ambiente\/wp-json\/wp\/v2\/categories?post=13705"},{"taxonomy":"post_tag","embeddable":true,"href":"https:\/\/www.ambienteyenergia.gob.ec\/ambiente\/wp-json\/wp\/v2\/tags?post=13705"}],"curies":[{"name":"wp","href":"https:\/\/api.w.org\/{rel}","templated":true}]}}