{"id":13696,"date":"2013-07-31T16:29:41","date_gmt":"2013-07-31T21:29:41","guid":{"rendered":"http:\/\/www.ambiente.gob.ec\/?p=13696"},"modified":"2013-07-31T16:29:41","modified_gmt":"2013-07-31T21:29:41","slug":"socializacion-para-prevenir-incendios-forestales-en-imbabura","status":"publish","type":"post","link":"https:\/\/www.ambienteyenergia.gob.ec\/ambiente\/socializacion-para-prevenir-incendios-forestales-en-imbabura\/","title":{"rendered":"Socializaci\u00f3n para prevenir incendios forestales en Imbabura"},"content":{"rendered":"<p style=\"text-align: justify;\">Ayer, el Ministerio del Ambiente (MAE) realiz\u00f3 una socializaci\u00f3n sobre incendios forestales puerta a puerta, en la zona de amortiguamiento de la Reserva Ecol\u00f3gica Cotacachi Cayapas, ubicada en la provincia de Imbabura. El objetivo de esta jornada fue prevenir posibles flagelos que afecten a los ecosistemas del sector.<\/p>\n<p style=\"text-align: justify;\">La problem\u00e1tica de los incendios forestales se agudiz\u00f3 en la provincia de Imbabura desde el a\u00f1o pasado, ocasionando grandes da\u00f1os y perjuicios de \u00edndole social, econ\u00f3mico y ecol\u00f3gico, en \u00e1reas altamente vulnerables.<\/p>\n<p style=\"text-align: justify;\">Por esta raz\u00f3n, el MAE durante todo el a\u00f1o ejecuta varias acciones con la finalidad de prevenir incendios, que en su mayor\u00eda son producidos por causas humanas. Por ejemplo, en varias zonas agr\u00edcolas, el fuego es utilizado como herramienta de trabajo para preparar la tierra, eliminar rastrojos y limpiar el terreno, entre otros. Pero por una mala utilizaci\u00f3n, los ecosistemas pueden sufrir da\u00f1os irreparables.<\/p>\n<div id='gallery-1' class='gallery galleryid-13696 gallery-columns-4 gallery-size-thumbnail'><dl class='gallery-item'>\n\t\t\t<dt class='gallery-icon landscape'>\n\t\t\t\t<a href='https:\/\/www.ambienteyenergia.gob.ec\/ambiente\/socializacion-para-prevenir-incendios-forestales-en-imbabura\/i1\/'><img loading=\"lazy\" decoding=\"async\" width=\"150\" height=\"150\" src=\"https:\/\/www.ambienteyenergia.gob.ec\/ambiente\/wp-content\/uploads\/sites\/2\/2013\/07\/i1-150x150.jpg\" class=\"attachment-thumbnail size-thumbnail\" alt=\"\" \/><\/a>\n\t\t\t<\/dt><\/dl><dl class='gallery-item'>\n\t\t\t<dt class='gallery-icon landscape'>\n\t\t\t\t<a href='https:\/\/www.ambienteyenergia.gob.ec\/ambiente\/socializacion-para-prevenir-incendios-forestales-en-imbabura\/i2\/'><img loading=\"lazy\" decoding=\"async\" width=\"150\" height=\"150\" src=\"https:\/\/www.ambienteyenergia.gob.ec\/ambiente\/wp-content\/uploads\/sites\/2\/2013\/07\/i2-150x150.jpg\" class=\"attachment-thumbnail size-thumbnail\" alt=\"\" \/><\/a>\n\t\t\t<\/dt><\/dl>\n\t\t\t<br style='clear: both' \/>\n\t\t<\/div>\n\n","protected":false},"excerpt":{"rendered":"<p class=\"excerpt\">Ayer, el Ministerio del Ambiente (MAE) realiz\u00f3 una socializaci\u00f3n sobre incendios forestales puerta a puerta, en la zona de amortiguamiento de la Reserva Ecol\u00f3gica Cotacachi Cayapas, ubicada en la provincia de Imbabura. El objetivo de esta jornada fue prevenir posibles flagelos que afecten a los ecosistemas del sector. La problem\u00e1tica de los incendios forestales se agudiz\u00f3 en la provincia de&hellip; <a href=\"https:\/\/www.ambienteyenergia.gob.ec\/ambiente\/socializacion-para-prevenir-incendios-forestales-en-imbabura\/\">Read more &rarr;<\/a><\/p>\n","protected":false},"author":13,"featured_media":13697,"comment_status":"open","ping_status":"open","sticky":false,"template":"","format":"standard","meta":{"footnotes":""},"categories":[16,4],"tags":[],"class_list":["post-13696","post","type-post","status-publish","format-standard","has-post-thumbnail","hentry","category-comunicamos","category-noticias","xfolkentry"],"_links":{"self":[{"href":"https:\/\/www.ambienteyenergia.gob.ec\/ambiente\/wp-json\/wp\/v2\/posts\/13696","targetHints":{"allow":["GET"]}}],"collection":[{"href":"https:\/\/www.ambienteyenergia.gob.ec\/ambiente\/wp-json\/wp\/v2\/posts"}],"about":[{"href":"https:\/\/www.ambienteyenergia.gob.ec\/ambiente\/wp-json\/wp\/v2\/types\/post"}],"author":[{"embeddable":true,"href":"https:\/\/www.ambienteyenergia.gob.ec\/ambiente\/wp-json\/wp\/v2\/users\/13"}],"replies":[{"embeddable":true,"href":"https:\/\/www.ambienteyenergia.gob.ec\/ambiente\/wp-json\/wp\/v2\/comments?post=13696"}],"version-history":[{"count":0,"href":"https:\/\/www.ambienteyenergia.gob.ec\/ambiente\/wp-json\/wp\/v2\/posts\/13696\/revisions"}],"wp:featuredmedia":[{"embeddable":true,"href":"https:\/\/www.ambienteyenergia.gob.ec\/ambiente\/wp-json\/wp\/v2\/media\/13697"}],"wp:attachment":[{"href":"https:\/\/www.ambienteyenergia.gob.ec\/ambiente\/wp-json\/wp\/v2\/media?parent=13696"}],"wp:term":[{"taxonomy":"category","embeddable":true,"href":"https:\/\/www.ambienteyenergia.gob.ec\/ambiente\/wp-json\/wp\/v2\/categories?post=13696"},{"taxonomy":"post_tag","embeddable":true,"href":"https:\/\/www.ambienteyenergia.gob.ec\/ambiente\/wp-json\/wp\/v2\/tags?post=13696"}],"curies":[{"name":"wp","href":"https:\/\/api.w.org\/{rel}","templated":true}]}}