{"id":13691,"date":"2013-07-31T10:06:59","date_gmt":"2013-07-31T15:06:59","guid":{"rendered":"http:\/\/www.ambiente.gob.ec\/?p=13691"},"modified":"2013-07-31T10:06:59","modified_gmt":"2013-07-31T15:06:59","slug":"mae-y-representantes-de-comunas-coordinan-acciones-en-beneficio-del-ambiente","status":"publish","type":"post","link":"https:\/\/www.ambienteyenergia.gob.ec\/ambiente\/mae-y-representantes-de-comunas-coordinan-acciones-en-beneficio-del-ambiente\/","title":{"rendered":"MAE y representantes de comunas  coordinan acciones en beneficio del ambiente"},"content":{"rendered":"<p style=\"text-align: justify;\">Dirigentes de las comunas Las Tunas, Puerto Rico y Ayampe de Puerto L\u00f3pez, Las Gilces de Crucita,\u00a0\u00a0Santa Teresa y San Antonio de Sucre y La Segua de Chone se reunieron\u00a0\u00a0con el coordinador zonal 4 del MAE, \u00c1ngelo Traverso, con el objetivo de hacer conocer el desarrollo de proyectos ambientales entre ellos un Biocorredor.<\/p>\n<p style=\"text-align: justify;\">El Biocorredor, tambi\u00e9n conocido como Corredor Ecol\u00f3gico\u00a0\u00a0se lo define como un espacio geogr\u00e1fico delimitado en el que existe un equilibrio entre paisajes, ecosistemas y h\u00e1bitat naturales, donde a\u00fan existe la diversidad biol\u00f3gica como procesos ecol\u00f3gicos y evolutivos.<\/p>\n<p style=\"text-align: justify;\">Los habitantes de Las Tunas, Puerto Rico y Ayampe, por encontrarse en el sector de influencia al\u00a0\u00a0\u00e1rea protegida del Parque Nacional Machalilla,\u00a0\u00a0conocen de la necesidad de respetar las normas ambientales para desarrollar sus actividades, por lo que esperan el apoyo del MAE, para la implementaci\u00f3n de proyectos biocerredores para el Buen Vivir.<\/p>\n<p style=\"text-align: justify;\">Uno de los componentes de intervenci\u00f3n\u00a0\u00a0es la organizaci\u00f3n de programas\u00a0\u00a0de reforestaci\u00f3n en la cuenca alta del rio Ayampe con arboles maderables y de c\u00edtricos. Esto permitir\u00e1, posteriormente, trabajar a las mujeres del sector aprovechar el rubro de\u00a0\u00a0valor agregado a las frutas en la elaboraci\u00f3n de conservas\u00a0\u00a0tomando\u00a0\u00a0en cuenta todas las especificaciones t\u00e9cnicas.<\/p>\n<p style=\"text-align: justify;\">En cuanto al estuario del rio Chone, se tiene proyectado la cr\u00eda de moluscos y crust\u00e1ceos, as\u00ed como programas de reforestaci\u00f3n de manglar en este ecosistema.<\/p>\n<p style=\"text-align: justify;\">Tanto la cr\u00eda de moluscos y crust\u00e1ceos como el Biocorredor, cuentan con financiamiento del Programas de Peque\u00f1as Donaciones\u00a0\u00a0de las\u00a0\u00a0Naciones Unidas.<\/p>\n<p style=\"text-align: justify;\">El coordinador zonal del MAE, \u00c1ngelo Traverso, destac\u00f3 que una de los objetivos es que todo proyecto que se realice,\u00a0\u00a0debe\u00a0\u00a0cumplir\u00a0\u00a0con las especificaciones t\u00e9cnicas que establece el Ministerio del Ambiente. Conmin\u00f3 a los dirigentes a trabajar en cada uno de los proyectos\u00a0\u00a0de\u00a0\u00a0conservaci\u00f3n del ambiente, apegados a las normas legales. \u00abEsta Cartera de Estado as\u00ed como el Gobierno Central, jam\u00e1s desconocer\u00e1 el derecho a las comunidades a vivir en un ambiente sano y ecol\u00f3gicamente equilibrado\u00bb.<\/p>\n","protected":false},"excerpt":{"rendered":"<p class=\"excerpt\">Dirigentes de las comunas Las Tunas, Puerto Rico y Ayampe de Puerto L\u00f3pez, Las Gilces de Crucita,\u00a0\u00a0Santa Teresa y San Antonio de Sucre y La Segua de Chone se reunieron\u00a0\u00a0con el coordinador zonal 4 del MAE, \u00c1ngelo Traverso, con el objetivo de hacer conocer el desarrollo de proyectos ambientales entre ellos un Biocorredor. El Biocorredor, tambi\u00e9n conocido como Corredor Ecol\u00f3gico\u00a0\u00a0se&hellip; <a href=\"https:\/\/www.ambienteyenergia.gob.ec\/ambiente\/mae-y-representantes-de-comunas-coordinan-acciones-en-beneficio-del-ambiente\/\">Read more &rarr;<\/a><\/p>\n","protected":false},"author":13,"featured_media":13692,"comment_status":"open","ping_status":"open","sticky":false,"template":"","format":"standard","meta":{"footnotes":""},"categories":[16,4],"tags":[],"class_list":["post-13691","post","type-post","status-publish","format-standard","has-post-thumbnail","hentry","category-comunicamos","category-noticias","xfolkentry"],"_links":{"self":[{"href":"https:\/\/www.ambienteyenergia.gob.ec\/ambiente\/wp-json\/wp\/v2\/posts\/13691","targetHints":{"allow":["GET"]}}],"collection":[{"href":"https:\/\/www.ambienteyenergia.gob.ec\/ambiente\/wp-json\/wp\/v2\/posts"}],"about":[{"href":"https:\/\/www.ambienteyenergia.gob.ec\/ambiente\/wp-json\/wp\/v2\/types\/post"}],"author":[{"embeddable":true,"href":"https:\/\/www.ambienteyenergia.gob.ec\/ambiente\/wp-json\/wp\/v2\/users\/13"}],"replies":[{"embeddable":true,"href":"https:\/\/www.ambienteyenergia.gob.ec\/ambiente\/wp-json\/wp\/v2\/comments?post=13691"}],"version-history":[{"count":0,"href":"https:\/\/www.ambienteyenergia.gob.ec\/ambiente\/wp-json\/wp\/v2\/posts\/13691\/revisions"}],"wp:featuredmedia":[{"embeddable":true,"href":"https:\/\/www.ambienteyenergia.gob.ec\/ambiente\/wp-json\/wp\/v2\/media\/13692"}],"wp:attachment":[{"href":"https:\/\/www.ambienteyenergia.gob.ec\/ambiente\/wp-json\/wp\/v2\/media?parent=13691"}],"wp:term":[{"taxonomy":"category","embeddable":true,"href":"https:\/\/www.ambienteyenergia.gob.ec\/ambiente\/wp-json\/wp\/v2\/categories?post=13691"},{"taxonomy":"post_tag","embeddable":true,"href":"https:\/\/www.ambienteyenergia.gob.ec\/ambiente\/wp-json\/wp\/v2\/tags?post=13691"}],"curies":[{"name":"wp","href":"https:\/\/api.w.org\/{rel}","templated":true}]}}