{"id":13680,"date":"2013-07-31T09:35:30","date_gmt":"2013-07-31T14:35:30","guid":{"rendered":"http:\/\/www.ambiente.gob.ec\/?p=13680"},"modified":"2013-07-31T10:03:19","modified_gmt":"2013-07-31T15:03:19","slug":"mae-controla-incendio-en-la-reserva-de-produccion-de-fauna-chimborazo-2","status":"publish","type":"post","link":"https:\/\/www.ambienteyenergia.gob.ec\/ambiente\/mae-controla-incendio-en-la-reserva-de-produccion-de-fauna-chimborazo-2\/","title":{"rendered":"Incendio controlado en la Reserva Chimborazo"},"content":{"rendered":"<p style=\"text-align: justify;\">Aproximadamente, a las 16:00 del\u00a029 de julio, el personal de la Reserva Chimborazo report\u00f3 a la Direcci\u00f3n Provincial un flagelo en los p\u00e1ramos de las comunidades Kullki Surkuna, ubicadas dentro del \u00e1rea protegida. El incendio pudo ser controlado en su totalidad a las 00h30, del martes\u00a030 de julio.<\/p>\n<p style=\"text-align: justify;\">Es importante indicar que el fuego se logr\u00f3 controlar gracias el apoyo brindado por los comuneros, quienes acudieron al sector para prestar su ayuda y controlar las llamas que en esos instantes parec\u00edan dif\u00edciles de extinguir por el fuerte viento de la noche.<\/p>\n<p style=\"text-align: justify;\">Alrededor de 18,21 has de pajonal fueron afectadas en los p\u00e1ramos de las\u00a0 mencionadas comunidades de Santa Teresita, Parroquia San Juan del cant\u00f3n Riobamba, ubicadas a una altitud de 4100 msnm.\u00a0 Al lugar acudieron tres brigadas de guardaparques y t\u00e9cnicos forestales, equipados con lo necesario para controlar el suceso. Adem\u00e1s, bomberos, personal de la Secretaria de Gesti\u00f3n de Riesgos y Polic\u00eda Nacional se sumaron a las acciones de control del fuego.<\/p>\n<p style=\"text-align: justify;\">La Direcci\u00f3n Provincial de Ambiente de Chimborazo, iniciar\u00e1\u00a0 procesos legales correspondientes en contra de los presuntos infractores.<\/p>\n<div id='gallery-1' class='gallery galleryid-13680 gallery-columns-4 gallery-size-thumbnail'><dl class='gallery-item'>\n\t\t\t<dt class='gallery-icon landscape'>\n\t\t\t\t<a href='https:\/\/www.ambienteyenergia.gob.ec\/ambiente\/mae-controla-incendio-en-la-reserva-de-produccion-de-fauna-chimborazo-2\/6-16\/'><img loading=\"lazy\" decoding=\"async\" width=\"150\" height=\"150\" src=\"https:\/\/www.ambienteyenergia.gob.ec\/ambiente\/wp-content\/uploads\/sites\/2\/2013\/07\/6-150x150.jpg\" class=\"attachment-thumbnail size-thumbnail\" alt=\"\" \/><\/a>\n\t\t\t<\/dt><\/dl><dl class='gallery-item'>\n\t\t\t<dt class='gallery-icon landscape'>\n\t\t\t\t<a href='https:\/\/www.ambienteyenergia.gob.ec\/ambiente\/mae-controla-incendio-en-la-reserva-de-produccion-de-fauna-chimborazo-2\/10-8\/'><img loading=\"lazy\" decoding=\"async\" width=\"150\" height=\"150\" src=\"https:\/\/www.ambienteyenergia.gob.ec\/ambiente\/wp-content\/uploads\/sites\/2\/2013\/07\/10-150x150.jpg\" class=\"attachment-thumbnail size-thumbnail\" alt=\"\" \/><\/a>\n\t\t\t<\/dt><\/dl><dl class='gallery-item'>\n\t\t\t<dt class='gallery-icon landscape'>\n\t\t\t\t<a href='https:\/\/www.ambienteyenergia.gob.ec\/ambiente\/mae-controla-incendio-en-la-reserva-de-produccion-de-fauna-chimborazo-2\/15-3\/'><img loading=\"lazy\" decoding=\"async\" width=\"150\" height=\"150\" src=\"https:\/\/www.ambienteyenergia.gob.ec\/ambiente\/wp-content\/uploads\/sites\/2\/2013\/07\/15-150x150.jpg\" class=\"attachment-thumbnail size-thumbnail\" alt=\"\" \/><\/a>\n\t\t\t<\/dt><\/dl><dl class='gallery-item'>\n\t\t\t<dt class='gallery-icon landscape'>\n\t\t\t\t<a href='https:\/\/www.ambienteyenergia.gob.ec\/ambiente\/mae-controla-incendio-en-la-reserva-de-produccion-de-fauna-chimborazo-2\/16-2\/'><img loading=\"lazy\" decoding=\"async\" width=\"150\" height=\"150\" src=\"https:\/\/www.ambienteyenergia.gob.ec\/ambiente\/wp-content\/uploads\/sites\/2\/2013\/07\/16-150x150.jpg\" class=\"attachment-thumbnail size-thumbnail\" alt=\"\" \/><\/a>\n\t\t\t<\/dt><\/dl><br style=\"clear: both\" \/><dl class='gallery-item'>\n\t\t\t<dt class='gallery-icon landscape'>\n\t\t\t\t<a href='https:\/\/www.ambienteyenergia.gob.ec\/ambiente\/mae-controla-incendio-en-la-reserva-de-produccion-de-fauna-chimborazo-2\/attachment\/24\/'><img loading=\"lazy\" decoding=\"async\" width=\"150\" height=\"150\" src=\"https:\/\/www.ambienteyenergia.gob.ec\/ambiente\/wp-content\/uploads\/sites\/2\/2013\/07\/24-150x150.jpg\" class=\"attachment-thumbnail size-thumbnail\" alt=\"\" \/><\/a>\n\t\t\t<\/dt><\/dl>\n\t\t\t<br style='clear: both' \/>\n\t\t<\/div>\n\n","protected":false},"excerpt":{"rendered":"<p class=\"excerpt\">Aproximadamente, a las 16:00 del\u00a029 de julio, el personal de la Reserva Chimborazo report\u00f3 a la Direcci\u00f3n Provincial un flagelo en los p\u00e1ramos de las comunidades Kullki Surkuna, ubicadas dentro del \u00e1rea protegida. El incendio pudo ser controlado en su totalidad a las 00h30, del martes\u00a030 de julio. Es importante indicar que el fuego se logr\u00f3 controlar gracias el apoyo&hellip; <a href=\"https:\/\/www.ambienteyenergia.gob.ec\/ambiente\/mae-controla-incendio-en-la-reserva-de-produccion-de-fauna-chimborazo-2\/\">Read more &rarr;<\/a><\/p>\n","protected":false},"author":13,"featured_media":13688,"comment_status":"open","ping_status":"open","sticky":false,"template":"","format":"standard","meta":{"footnotes":""},"categories":[16,4],"tags":[],"class_list":["post-13680","post","type-post","status-publish","format-standard","has-post-thumbnail","hentry","category-comunicamos","category-noticias","xfolkentry"],"_links":{"self":[{"href":"https:\/\/www.ambienteyenergia.gob.ec\/ambiente\/wp-json\/wp\/v2\/posts\/13680","targetHints":{"allow":["GET"]}}],"collection":[{"href":"https:\/\/www.ambienteyenergia.gob.ec\/ambiente\/wp-json\/wp\/v2\/posts"}],"about":[{"href":"https:\/\/www.ambienteyenergia.gob.ec\/ambiente\/wp-json\/wp\/v2\/types\/post"}],"author":[{"embeddable":true,"href":"https:\/\/www.ambienteyenergia.gob.ec\/ambiente\/wp-json\/wp\/v2\/users\/13"}],"replies":[{"embeddable":true,"href":"https:\/\/www.ambienteyenergia.gob.ec\/ambiente\/wp-json\/wp\/v2\/comments?post=13680"}],"version-history":[{"count":0,"href":"https:\/\/www.ambienteyenergia.gob.ec\/ambiente\/wp-json\/wp\/v2\/posts\/13680\/revisions"}],"wp:featuredmedia":[{"embeddable":true,"href":"https:\/\/www.ambienteyenergia.gob.ec\/ambiente\/wp-json\/wp\/v2\/media\/13688"}],"wp:attachment":[{"href":"https:\/\/www.ambienteyenergia.gob.ec\/ambiente\/wp-json\/wp\/v2\/media?parent=13680"}],"wp:term":[{"taxonomy":"category","embeddable":true,"href":"https:\/\/www.ambienteyenergia.gob.ec\/ambiente\/wp-json\/wp\/v2\/categories?post=13680"},{"taxonomy":"post_tag","embeddable":true,"href":"https:\/\/www.ambienteyenergia.gob.ec\/ambiente\/wp-json\/wp\/v2\/tags?post=13680"}],"curies":[{"name":"wp","href":"https:\/\/api.w.org\/{rel}","templated":true}]}}