{"id":13661,"date":"2013-07-30T19:41:05","date_gmt":"2013-07-31T00:41:05","guid":{"rendered":"http:\/\/www.ambiente.gob.ec\/?p=13661"},"modified":"2013-07-30T19:41:05","modified_gmt":"2013-07-31T00:41:05","slug":"se-conmemoro-el-dia-internacional-del-manglar-con-la-siembra-de-5-000-plantulas-de-mangle-rojo-en-guayaquil","status":"publish","type":"post","link":"https:\/\/www.ambienteyenergia.gob.ec\/ambiente\/se-conmemoro-el-dia-internacional-del-manglar-con-la-siembra-de-5-000-plantulas-de-mangle-rojo-en-guayaquil\/","title":{"rendered":"Se conmemor\u00f3 el D\u00eda Internacional del Manglar con la siembra de 5 000 pl\u00e1ntulas de mangle rojo en Guayaquil"},"content":{"rendered":"<p style=\"text-align: justify;\">El Ministerio del Ambiente (MAE), a trav\u00e9s del Proyecto Guayaquil Ecol\u00f3gico \u2013 Componente Estero Salado, realiz\u00f3 una jornada de reforestaci\u00f3n, en la que se sembraron 5 000 pl\u00e1ntulas de mangle rojo (<strong>Rhizophora mangle<\/strong>), en las riberas del Estero del Muerto (Isla Trinitaria), provincia de Guayaquil. La actividad se desarroll\u00f3 el pasado 26 de julio, en conmemoraci\u00f3n del D\u00eda Internacional del Manglar, que tiene como objetivo sensibilizar a la ciudadan\u00eda de la importancia de esta especie.<\/p>\n<p style=\"text-align: justify;\">En esta actividad se reforestaron dos hect\u00e1reas con la cooperaci\u00f3n representantes de la asociaci\u00f3n de Cangrejeros del cant\u00f3n Balao, moradores del sector y alrededor de 35 estudiantes del Colegio Fiscal Rosal\u00eda Arteaga.<\/p>\n<p style=\"text-align: justify;\">Habitantes de las comunidades aleda\u00f1as al Estero Salado, expresaron su agradecimiento por esta iniciativa. Est\u00e1n seguros de que con el tiempo las riberas volver\u00e1n hacer como a\u00f1os atr\u00e1s y podr\u00e1n respirar un aire menos contaminado.<\/p>\n<p style=\"text-align: justify;\">Otra de las actividades que se realizaron fue el Foro Ambiental por el D\u00eda del Manglar, con diversos temas, tales como avances en la investigaci\u00f3n taxon\u00f3mica de las plantas de los manglares, evaluaci\u00f3n de impactos antropog\u00e9nicos en dos sectores del Estero Salado y difusi\u00f3n del Proyecto Guayaquil Ecol\u00f3gico.<\/p>\n<p style=\"text-align: justify;\">David Pasquel, Gerente del Proyecto Guayaquil Ecol\u00f3gico, particip\u00f3 como expositor informando las acciones que se ejecutan para la recuperaci\u00f3n del Estero Salado, entre ellas el proceso de reforestaci\u00f3n de mangle.<\/p>\n<p style=\"text-align: justify;\">Estudiantes de la Escuela Superior Polit\u00e9cnica del Litoral, j\u00f3venes de Servicio Civil Ciudadano, la Agrupaci\u00f3n de Amigos del Estero, entre otras organizaciones e instituciones, participaron de este evento para conocer m\u00e1s acerca de las concesiones del Manglar.<\/p>\n<div id='gallery-1' class='gallery galleryid-13661 gallery-columns-4 gallery-size-thumbnail'><dl class='gallery-item'>\n\t\t\t<dt class='gallery-icon landscape'>\n\t\t\t\t<a href='https:\/\/www.ambienteyenergia.gob.ec\/ambiente\/se-conmemoro-el-dia-internacional-del-manglar-con-la-siembra-de-5-000-plantulas-de-mangle-rojo-en-guayaquil\/x1\/'><img loading=\"lazy\" decoding=\"async\" width=\"150\" height=\"150\" src=\"https:\/\/www.ambienteyenergia.gob.ec\/ambiente\/wp-content\/uploads\/sites\/2\/2013\/07\/x1-150x150.jpg\" class=\"attachment-thumbnail size-thumbnail\" alt=\"\" \/><\/a>\n\t\t\t<\/dt><\/dl><dl class='gallery-item'>\n\t\t\t<dt class='gallery-icon landscape'>\n\t\t\t\t<a href='https:\/\/www.ambienteyenergia.gob.ec\/ambiente\/se-conmemoro-el-dia-internacional-del-manglar-con-la-siembra-de-5-000-plantulas-de-mangle-rojo-en-guayaquil\/x2\/'><img loading=\"lazy\" decoding=\"async\" width=\"150\" height=\"150\" src=\"https:\/\/www.ambienteyenergia.gob.ec\/ambiente\/wp-content\/uploads\/sites\/2\/2013\/07\/x2-150x150.jpg\" class=\"attachment-thumbnail size-thumbnail\" alt=\"\" \/><\/a>\n\t\t\t<\/dt><\/dl><dl class='gallery-item'>\n\t\t\t<dt class='gallery-icon landscape'>\n\t\t\t\t<a href='https:\/\/www.ambienteyenergia.gob.ec\/ambiente\/se-conmemoro-el-dia-internacional-del-manglar-con-la-siembra-de-5-000-plantulas-de-mangle-rojo-en-guayaquil\/x3\/'><img loading=\"lazy\" decoding=\"async\" width=\"150\" height=\"150\" src=\"https:\/\/www.ambienteyenergia.gob.ec\/ambiente\/wp-content\/uploads\/sites\/2\/2013\/07\/x3-150x150.jpg\" class=\"attachment-thumbnail size-thumbnail\" alt=\"\" \/><\/a>\n\t\t\t<\/dt><\/dl><dl class='gallery-item'>\n\t\t\t<dt class='gallery-icon landscape'>\n\t\t\t\t<a href='https:\/\/www.ambienteyenergia.gob.ec\/ambiente\/se-conmemoro-el-dia-internacional-del-manglar-con-la-siembra-de-5-000-plantulas-de-mangle-rojo-en-guayaquil\/x4\/'><img loading=\"lazy\" decoding=\"async\" width=\"150\" height=\"150\" src=\"https:\/\/www.ambienteyenergia.gob.ec\/ambiente\/wp-content\/uploads\/sites\/2\/2013\/07\/x4-150x150.jpg\" class=\"attachment-thumbnail size-thumbnail\" alt=\"\" \/><\/a>\n\t\t\t<\/dt><\/dl><br style=\"clear: both\" \/><dl class='gallery-item'>\n\t\t\t<dt class='gallery-icon landscape'>\n\t\t\t\t<a href='https:\/\/www.ambienteyenergia.gob.ec\/ambiente\/se-conmemoro-el-dia-internacional-del-manglar-con-la-siembra-de-5-000-plantulas-de-mangle-rojo-en-guayaquil\/x5\/'><img loading=\"lazy\" decoding=\"async\" width=\"150\" height=\"150\" src=\"https:\/\/www.ambienteyenergia.gob.ec\/ambiente\/wp-content\/uploads\/sites\/2\/2013\/07\/x5-150x150.jpg\" class=\"attachment-thumbnail size-thumbnail\" alt=\"\" \/><\/a>\n\t\t\t<\/dt><\/dl>\n\t\t\t<br style='clear: both' \/>\n\t\t<\/div>\n\n<p>&nbsp;<\/p>\n<p style=\"text-align: justify;\">\n<p>&nbsp;<\/p>\n","protected":false},"excerpt":{"rendered":"<p class=\"excerpt\">El Ministerio del Ambiente (MAE), a trav\u00e9s del Proyecto Guayaquil Ecol\u00f3gico \u2013 Componente Estero Salado, realiz\u00f3 una jornada de reforestaci\u00f3n, en la que se sembraron 5 000 pl\u00e1ntulas de mangle rojo (Rhizophora mangle), en las riberas del Estero del Muerto (Isla Trinitaria), provincia de Guayaquil. La actividad se desarroll\u00f3 el pasado 26 de julio, en conmemoraci\u00f3n del D\u00eda Internacional del&hellip; <a href=\"https:\/\/www.ambienteyenergia.gob.ec\/ambiente\/se-conmemoro-el-dia-internacional-del-manglar-con-la-siembra-de-5-000-plantulas-de-mangle-rojo-en-guayaquil\/\">Read more &rarr;<\/a><\/p>\n","protected":false},"author":13,"featured_media":13662,"comment_status":"open","ping_status":"open","sticky":false,"template":"","format":"standard","meta":{"footnotes":""},"categories":[16,4],"tags":[],"class_list":["post-13661","post","type-post","status-publish","format-standard","has-post-thumbnail","hentry","category-comunicamos","category-noticias","xfolkentry"],"_links":{"self":[{"href":"https:\/\/www.ambienteyenergia.gob.ec\/ambiente\/wp-json\/wp\/v2\/posts\/13661","targetHints":{"allow":["GET"]}}],"collection":[{"href":"https:\/\/www.ambienteyenergia.gob.ec\/ambiente\/wp-json\/wp\/v2\/posts"}],"about":[{"href":"https:\/\/www.ambienteyenergia.gob.ec\/ambiente\/wp-json\/wp\/v2\/types\/post"}],"author":[{"embeddable":true,"href":"https:\/\/www.ambienteyenergia.gob.ec\/ambiente\/wp-json\/wp\/v2\/users\/13"}],"replies":[{"embeddable":true,"href":"https:\/\/www.ambienteyenergia.gob.ec\/ambiente\/wp-json\/wp\/v2\/comments?post=13661"}],"version-history":[{"count":0,"href":"https:\/\/www.ambienteyenergia.gob.ec\/ambiente\/wp-json\/wp\/v2\/posts\/13661\/revisions"}],"wp:featuredmedia":[{"embeddable":true,"href":"https:\/\/www.ambienteyenergia.gob.ec\/ambiente\/wp-json\/wp\/v2\/media\/13662"}],"wp:attachment":[{"href":"https:\/\/www.ambienteyenergia.gob.ec\/ambiente\/wp-json\/wp\/v2\/media?parent=13661"}],"wp:term":[{"taxonomy":"category","embeddable":true,"href":"https:\/\/www.ambienteyenergia.gob.ec\/ambiente\/wp-json\/wp\/v2\/categories?post=13661"},{"taxonomy":"post_tag","embeddable":true,"href":"https:\/\/www.ambienteyenergia.gob.ec\/ambiente\/wp-json\/wp\/v2\/tags?post=13661"}],"curies":[{"name":"wp","href":"https:\/\/api.w.org\/{rel}","templated":true}]}}