{"id":13658,"date":"2013-07-30T19:32:11","date_gmt":"2013-07-31T00:32:11","guid":{"rendered":"http:\/\/www.ambiente.gob.ec\/?p=13658"},"modified":"2013-07-31T08:17:47","modified_gmt":"2013-07-31T13:17:47","slug":"ministra-del-ambiente-lorena-tapia-anuncia-creacion-de-un-centro-de-rescate-publico-de-fauna-silvestre","status":"publish","type":"post","link":"https:\/\/www.ambienteyenergia.gob.ec\/ambiente\/ministra-del-ambiente-lorena-tapia-anuncia-creacion-de-un-centro-de-rescate-publico-de-fauna-silvestre\/","title":{"rendered":"Ministra del Ambiente, Lorena Tapia, anuncia creaci\u00f3n de un Centro de Rescate p\u00fablico de fauna silvestre"},"content":{"rendered":"<p style=\"text-align: justify;\">Hoy, la Ministra del Ambiente, Lorena Tapia, en rueda de prensa, se refiri\u00f3 al rescate del osezno de anteojos \u201cPinocho\u201d, encontrado el pasado 25 de julio en Cotopaxi y sobre el delito cometido contra un c\u00f3ndor en los p\u00e1ramos del Azuay.<\/p>\n<p style=\"text-align: justify;\">Respecto al caso del c\u00f3ndor muerto en el Bosque Protector Irquis \u2013Yanuncay, provincia del Azuay, la Ministra declar\u00f3 que \u201cel sospechoso de la muerte de este esp\u00e9cimen est\u00e1 dispuesto a declararse culpable\u201d.<\/p>\n<p style=\"text-align: justify;\">Adem\u00e1s, la Ministra Lorena Tapia afirm\u00f3 que este es un precedente importante en el Ecuador. \u201cNadie demand\u00f3, ni sigui\u00f3 un proceso penal tan emblem\u00e1tico como este. Como Autoridad Ambiental hemos presentado una acusaci\u00f3n particular, exigimos al fiscal en su momento que dictara la orden de detenci\u00f3n y solicitamos al juez que se siga el caso con mucha rigurosidad como la normativa ambiental lo establece\u201d, asegur\u00f3.<\/p>\n<p style=\"text-align: justify;\">Sobre el osezno de anteojos, aclar\u00f3 que el objetivo fundamental de esta intervenci\u00f3n fue precautelar la salud del mam\u00edfero. Los reportes diarios de la salud del esp\u00e9cimen son positivos. \u201cEl osezno ingres\u00f3 con malas condiciones de salud, desnutrici\u00f3n y estr\u00e9s, entre otras caracter\u00edsticas. Ahora tiene mejor apetito, se equilibr\u00f3 su temperatura y juega, esa es una buena se\u00f1al, seg\u00fan el veterinario\u201d, explic\u00f3 Tapia.<\/p>\n<p style=\"text-align: justify;\">La Autoridad Ambiental ha actuado responsablemente frente a estos casos, pero tambi\u00e9n es responsabilidad de todos los ecuatorianos proteger el ambiente y sus recursos.<\/p>\n<p style=\"text-align: justify;\"><strong>En el Ecuador hay 21 centros de rescate de vida silvestre con patente<\/strong><\/p>\n<p style=\"text-align: justify;\">La Ministra, Lorena Tapia, tambi\u00e9n mencion\u00f3 sobre la obligaci\u00f3n que tienen todos los centros de rescate de cumplir con la normativa legal como patentes y permisos de funcionamiento, entre otros documentos que validen su operatividad.<\/p>\n<p style=\"text-align: justify;\">En Ecuador existen 39 zool\u00f3gicos, 21 centros de rescate que cumplen los par\u00e1metros legales y t\u00e9cnicos, y 15 zoocriaderos con patentes autorizadas. Tenemos casos exitosos de centros que cumplen con todos los par\u00e1metros. De estos, la mayor cantidad est\u00e1n en las provincias de Pichincha, Guayas y Pastaza.<\/p>\n<p style=\"text-align: justify;\">Asimismo, inst\u00f3 al sector p\u00fablico y privado a unir esfuerzos para trabajar en favor de los derechos de la naturaleza. Puntualmente, la Ministra del Ambiente invit\u00f3 a Alejandro Castellanos, veterinario de la Fundaci\u00f3n Oso Andino, a sumarse a la labor del MAE. \u201cQueremos que la Autoridad Ambiental sea para \u00e9l un punto de apoyo, por nuestra parte tiene las puertas abiertas para coordinar y fortalecer acuerdos que construyan y sumen en pro de la conservaci\u00f3n de la vida silvestre\u201d<\/p>\n<p style=\"text-align: justify;\"><strong>Pr\u00f3ximo centro de rescate p\u00fablico<\/strong><\/p>\n<p style=\"text-align: justify;\">\u201cHemos decidido trabajar y gestionar el funcionamiento de un centro financiado desde la Autoridad Nacional para el funcionamiento de vida silvestre. Este va a ser un proyecto pionero en Am\u00e9rica Latina, probablemente \u00fanico\u201d asegur\u00f3 la M\u00e1xima Autoridad Ambiental.<\/p>\n<p style=\"text-align: justify;\">Este centro est\u00e1 pensado de manera integral, es decir, que maneje criterios de sostenibilidad en el manejo de vida silvestre, conflicto gente-fauna y aspectos sanitarios, entre otros. Adem\u00e1s, \u201cse generar\u00e1 un hito relevante porque se adquirir\u00e1 una unidad m\u00f3vil para el rescate y traslado de vida silvestre y se contar\u00e1 con un sistema de vigilancia de epidemiolog\u00eda\u201d, manifest\u00f3 la Ministra.<\/p>\n<p style=\"text-align: justify;\">La idea es crear un modelo que sea replicado como un centro \u00f3ptimo, integral, desde la Autoridad Ambiental. \u201cEn el pasado se invirtieron aproximadamente USD 50 mil al a\u00f1o, hoy hablamos alrededor de USD 200 mil\u201d afirm\u00f3 Tapia.<\/p>\n<p>&nbsp;<\/p>\n<p>&nbsp;<\/p>\n<p>&nbsp;<\/p>\n<p>&nbsp;<\/p>\n<p>&nbsp;<\/p>\n","protected":false},"excerpt":{"rendered":"<p class=\"excerpt\">Hoy, la Ministra del Ambiente, Lorena Tapia, en rueda de prensa, se refiri\u00f3 al rescate del osezno de anteojos \u201cPinocho\u201d, encontrado el pasado 25 de julio en Cotopaxi y sobre el delito cometido contra un c\u00f3ndor en los p\u00e1ramos del Azuay. Respecto al caso del c\u00f3ndor muerto en el Bosque Protector Irquis \u2013Yanuncay, provincia del Azuay, la Ministra declar\u00f3 que&hellip; <a href=\"https:\/\/www.ambienteyenergia.gob.ec\/ambiente\/ministra-del-ambiente-lorena-tapia-anuncia-creacion-de-un-centro-de-rescate-publico-de-fauna-silvestre\/\">Read more &rarr;<\/a><\/p>\n","protected":false},"author":13,"featured_media":13674,"comment_status":"open","ping_status":"open","sticky":false,"template":"","format":"standard","meta":{"footnotes":""},"categories":[16,4],"tags":[],"class_list":["post-13658","post","type-post","status-publish","format-standard","has-post-thumbnail","hentry","category-comunicamos","category-noticias","xfolkentry"],"_links":{"self":[{"href":"https:\/\/www.ambienteyenergia.gob.ec\/ambiente\/wp-json\/wp\/v2\/posts\/13658","targetHints":{"allow":["GET"]}}],"collection":[{"href":"https:\/\/www.ambienteyenergia.gob.ec\/ambiente\/wp-json\/wp\/v2\/posts"}],"about":[{"href":"https:\/\/www.ambienteyenergia.gob.ec\/ambiente\/wp-json\/wp\/v2\/types\/post"}],"author":[{"embeddable":true,"href":"https:\/\/www.ambienteyenergia.gob.ec\/ambiente\/wp-json\/wp\/v2\/users\/13"}],"replies":[{"embeddable":true,"href":"https:\/\/www.ambienteyenergia.gob.ec\/ambiente\/wp-json\/wp\/v2\/comments?post=13658"}],"version-history":[{"count":0,"href":"https:\/\/www.ambienteyenergia.gob.ec\/ambiente\/wp-json\/wp\/v2\/posts\/13658\/revisions"}],"wp:featuredmedia":[{"embeddable":true,"href":"https:\/\/www.ambienteyenergia.gob.ec\/ambiente\/wp-json\/wp\/v2\/media\/13674"}],"wp:attachment":[{"href":"https:\/\/www.ambienteyenergia.gob.ec\/ambiente\/wp-json\/wp\/v2\/media?parent=13658"}],"wp:term":[{"taxonomy":"category","embeddable":true,"href":"https:\/\/www.ambienteyenergia.gob.ec\/ambiente\/wp-json\/wp\/v2\/categories?post=13658"},{"taxonomy":"post_tag","embeddable":true,"href":"https:\/\/www.ambienteyenergia.gob.ec\/ambiente\/wp-json\/wp\/v2\/tags?post=13658"}],"curies":[{"name":"wp","href":"https:\/\/api.w.org\/{rel}","templated":true}]}}