{"id":13655,"date":"2013-07-30T16:01:50","date_gmt":"2013-07-30T21:01:50","guid":{"rendered":"http:\/\/www.ambiente.gob.ec\/?p=13655"},"modified":"2013-07-30T16:01:50","modified_gmt":"2013-07-30T21:01:50","slug":"primer-dialogo-nacional-sobre-manejo-sostenible-de-tierras-se-realizo-en-riobamba","status":"publish","type":"post","link":"https:\/\/www.ambienteyenergia.gob.ec\/ambiente\/primer-dialogo-nacional-sobre-manejo-sostenible-de-tierras-se-realizo-en-riobamba\/","title":{"rendered":"Primer Di\u00e1logo Nacional sobre manejo sostenible de tierras se realiz\u00f3 en Riobamba"},"content":{"rendered":"<p lang=\"es-ES\" align=\"JUSTIFY\"><span style=\"color: #000000;\"><span style=\"font-family: Arial,sans-serif;\">El pasado 26 de julio, se desarroll\u00f3 el Primer Di\u00e1logo Nacional sobre el manejo sostenible de la tierra, en la ciudad de Riobamba, evento liderado por la Subsecretar\u00eda de Cambio Clim\u00e1tico del Ministerio del Ambiente (MAE).<\/span><\/span><\/p>\n<p lang=\"es-ES\" align=\"JUSTIFY\"><span style=\"font-family: Arial,sans-serif;\">El objetivo de esta actividad es contar con un espacio de intercambio de conocimientos y debate creativo y pr\u00e1ctico de la problem\u00e1tica de la degradaci\u00f3n de la tierra en el Ecuador. Para de esta forma fortalecer procesos participativos de lucha contra la degradaci\u00f3n de tierras, a trav\u00e9s de la implementaci\u00f3n de iniciativas de manejo sostenible y conservaci\u00f3n de los recursos agua y suelo.<\/span><\/p>\n<p align=\"JUSTIFY\"><span style=\"font-family: Arial,sans-serif;\">El MAE, en coordinaci\u00f3n con la Universidad T\u00e9cnica Particular de Loja, la Universidad Nacional de Loja, la Universidad T\u00e9cnica de Manab\u00ed y la Escuela Superior Polit\u00e9cnica del Chimborazo, han unido esfuerzos para desarrollar tres di\u00e1logos nacionales durante el a\u00f1o 2013, cuyo tema principal es el Manejo Sostenible de la Tierra con enfoque de Cuencas Hidrogr\u00e1ficas y Ecosistemas.<\/span><\/p>\n<p lang=\"es-ES\" align=\"JUSTIFY\"><span style=\"color: #000000;\"><span style=\"font-family: Arial,sans-serif;\">Estos di\u00e1logos est\u00e1n dirigidos a los funcionarios de organismos gubernamentales, gobiernos aut\u00f3nomos descentralizados, profesionales, docentes, gremios de profesionales de las \u00e1reas agropecuarias y de los recursos naturales renovables, estudiantes de pre y post grado, empresas p\u00fablicas y privadas, organizaciones territoriales de base, entre otras.<\/span><\/span><\/p>\n<p lang=\"es-ES\" align=\"JUSTIFY\"><span style=\"color: #000000;\"><span style=\"font-family: Arial,sans-serif;\">Los procesos de desertificaci\u00f3n, degradaci\u00f3n de la tierra y sequ\u00eda, est\u00e1n \u00edntimamente relacionados con los de cambio clim\u00e1tico global, por esta raz\u00f3n la Subsecretar\u00eda de Cambio Clim\u00e1tico lidera este proceso a nivel nacional.<\/span><\/span><\/p>\n<p align=\"JUSTIFY\"><span style=\"color: #000000;\"><span style=\"font-family: Century Gothic,sans-serif;\"><span style=\"font-family: Arial,sans-serif;\">Entre los principales puntos tratados en la agenda podemos mencionar la cuenca hidrogr\u00e1fica como unidad de planificaci\u00f3n y desarrollo, las competencias inclusivas de los Gobiernos Aut\u00f3nomos Descentralizados en el manejo del suelo y agua con fines de uso dom\u00e9stico, la gesti\u00f3n de los recursos h\u00eddricos con fines de riego en cuencas hidrogr\u00e1ficas.<\/span><\/span><\/span><\/p>\n<p align=\"JUSTIFY\"><span style=\"color: #000000;\"><span style=\"font-family: Century Gothic,sans-serif;\"><span style=\"font-family: Arial,sans-serif;\">La Convenci\u00f3n Internacional de las Naciones Unidas de Lucha Contra la Desertificaci\u00f3n y la Sequ\u00eda (UNCCD\/PNUMA 1995), define la <\/span><span style=\"font-family: Arial,sans-serif;\"><strong>desertificaci\u00f3n<\/strong><\/span><span style=\"font-family: Arial,sans-serif;\"> como \u201cla degradaci\u00f3n de las tierras en zonas \u00e1ridas, semi\u00e1ridas y subh\u00famedas secas resultante de diversos factores tales como las variaciones clim\u00e1ticas y las actividades humanas\u201d; mientras que, la <\/span><strong><span style=\"font-family: Arial,sans-serif;\">degradaci\u00f3n de las tierras<\/span><\/strong><span style=\"font-family: Arial,sans-serif;\"> es el proceso de disminuci\u00f3n de la capacidad actual y potencial de la tierra y sus componentes (suelo, agua, bosques, sistemas agr\u00edcolas) para producir cuantitativa y cualitativamente bienes y servicios (L\u00f3pez, M.F., 2008), causados en su mayor\u00eda por los sistemas de utilizaci\u00f3n de la tierra o por un proceso o una combinaci\u00f3n de procesos, incluidos los resultantes de actividades humanas y pautas de poblamiento, tales como:<\/span><\/span><\/span><\/p>\n<ul>\n<li><span style=\"font-family: Arial,sans-serif;\">La erosi\u00f3n del suelo causada por el viento o el agua,<\/span><\/li>\n<li><span style=\"font-family: Arial,sans-serif;\">El deterioro de las propiedades f\u00edsicas, qu\u00edmicas y biol\u00f3gicas o de las propiedades econ\u00f3micas del suelo, y<\/span><\/li>\n<li>\n<p align=\"JUSTIFY\"><span style=\"font-family: Arial,sans-serif;\">La p\u00e9rdida duradera de vegetaci\u00f3n natural<\/span><\/p>\n<\/li>\n<\/ul>\n","protected":false},"excerpt":{"rendered":"<p class=\"excerpt\">El pasado 26 de julio, se desarroll\u00f3 el Primer Di\u00e1logo Nacional sobre el manejo sostenible de la tierra, en la ciudad de Riobamba, evento liderado por la Subsecretar\u00eda de Cambio Clim\u00e1tico del Ministerio del Ambiente (MAE). El objetivo de esta actividad es contar con un espacio de intercambio de conocimientos y debate creativo y pr\u00e1ctico de la problem\u00e1tica de la&hellip; <a href=\"https:\/\/www.ambienteyenergia.gob.ec\/ambiente\/primer-dialogo-nacional-sobre-manejo-sostenible-de-tierras-se-realizo-en-riobamba\/\">Read more &rarr;<\/a><\/p>\n","protected":false},"author":13,"featured_media":13656,"comment_status":"open","ping_status":"open","sticky":false,"template":"","format":"standard","meta":{"footnotes":""},"categories":[16,4],"tags":[],"class_list":["post-13655","post","type-post","status-publish","format-standard","has-post-thumbnail","hentry","category-comunicamos","category-noticias","xfolkentry"],"_links":{"self":[{"href":"https:\/\/www.ambienteyenergia.gob.ec\/ambiente\/wp-json\/wp\/v2\/posts\/13655","targetHints":{"allow":["GET"]}}],"collection":[{"href":"https:\/\/www.ambienteyenergia.gob.ec\/ambiente\/wp-json\/wp\/v2\/posts"}],"about":[{"href":"https:\/\/www.ambienteyenergia.gob.ec\/ambiente\/wp-json\/wp\/v2\/types\/post"}],"author":[{"embeddable":true,"href":"https:\/\/www.ambienteyenergia.gob.ec\/ambiente\/wp-json\/wp\/v2\/users\/13"}],"replies":[{"embeddable":true,"href":"https:\/\/www.ambienteyenergia.gob.ec\/ambiente\/wp-json\/wp\/v2\/comments?post=13655"}],"version-history":[{"count":0,"href":"https:\/\/www.ambienteyenergia.gob.ec\/ambiente\/wp-json\/wp\/v2\/posts\/13655\/revisions"}],"wp:featuredmedia":[{"embeddable":true,"href":"https:\/\/www.ambienteyenergia.gob.ec\/ambiente\/wp-json\/wp\/v2\/media\/13656"}],"wp:attachment":[{"href":"https:\/\/www.ambienteyenergia.gob.ec\/ambiente\/wp-json\/wp\/v2\/media?parent=13655"}],"wp:term":[{"taxonomy":"category","embeddable":true,"href":"https:\/\/www.ambienteyenergia.gob.ec\/ambiente\/wp-json\/wp\/v2\/categories?post=13655"},{"taxonomy":"post_tag","embeddable":true,"href":"https:\/\/www.ambienteyenergia.gob.ec\/ambiente\/wp-json\/wp\/v2\/tags?post=13655"}],"curies":[{"name":"wp","href":"https:\/\/api.w.org\/{rel}","templated":true}]}}