{"id":13652,"date":"2013-07-30T15:06:35","date_gmt":"2013-07-30T20:06:35","guid":{"rendered":"http:\/\/www.ambiente.gob.ec\/?p=13652"},"modified":"2013-07-30T15:06:35","modified_gmt":"2013-07-30T20:06:35","slug":"mae-participa-en-ii-dialogo-regional-sobre-las-finanzas-del-clima-en-america-latina-y-el-caribe","status":"publish","type":"post","link":"https:\/\/www.ambienteyenergia.gob.ec\/ambiente\/mae-participa-en-ii-dialogo-regional-sobre-las-finanzas-del-clima-en-america-latina-y-el-caribe\/","title":{"rendered":"MAE participa en II Di\u00e1logo Regional sobre las Finanzas del Clima en Am\u00e9rica Latina y el Caribe"},"content":{"rendered":"<p style=\"text-align: justify;\">El Ministerio del Ambiente (MAE) participa en el II Di\u00e1logo Regional sobre las Finanzas del Clima en Am\u00e9rica Latina y el Caribe que se realiza este 29 y 30 de julio, en la Rep\u00fablica de El Salvador.<\/p>\n<p style=\"text-align: justify;\">\nA la delegaci\u00f3n de Ecuador, se suman 125 participantes provenientes de alrededor de 20 gobiernos de Am\u00e9rica Latina y el Caribe, 15 organismos multilaterales y agencias bilaterales, organizaciones de la sociedad civil y la academia. Adem\u00e1s, en este encuentro internacional participan Gobiernos de Asia-Pac\u00edfico y \u00c1frica, ambos pioneros en la tem\u00e1tica relacionada con las fianzas del clima.<\/p>\n<p style=\"text-align: justify;\">\nLos temas del encuentro son mecanismos e instrumentos financieros para el clima,\u00a0 coordinaci\u00f3n interinstitucional sobre el financiamiento clim\u00e1tico y potencial del sector privado para las finanzas del clima.<\/p>\n<p style=\"text-align: justify;\">\nEl evento se realiza con el apoyo del Banco Interamericano de Desarrollo (BID), el Banco Centroamericano de Integraci\u00f3n Econ\u00f3mica (BCIE), el Banco de Desarrollo de Am\u00e9rica Latina (CAF), la Comisi\u00f3n Europea, el Ministerio Federal de Cooperaci\u00f3n Econ\u00f3mica y Desarrollo (BMZ), el Programa de las Naciones Unidas para el Desarrollo (PNUD) y el Programa de las Naciones Unidas para el Medio Ambiente (PNUMA).<\/p>\n<p>Para mayor informaci\u00f3n sobre el II Di\u00e1logo Regional sobre Finanzas del Clima puede ingresar a: http:\/\/climatefinance.info\/dialogo2013<\/p>\n<p>Taller de Coordinaci\u00f3n EUROCLIMA<\/p>\n<p>Asimismo, se llevar\u00e1 a cabo la Reuni\u00f3n de Coordinaci\u00f3n Regional del Programa EUROCLIMA, un programa ambiental conjunto entre la Uni\u00f3n Europea y Am\u00e9rica Latina, enfocado especialmente en el cambio clim\u00e1tico. Esta asamblea contar\u00e1 con delegados de los ministerios de ambiente de toda Am\u00e9rica Latina.<\/p>\n<p style=\"text-align: justify;\">\nDe acuerdo con Jan Karremans, Director de la Asistencia T\u00e9cnica de EUROCLIMA, la esta reuni\u00f3n de coordinaci\u00f3n sirve de plataforma para conocer y analizar los avances y los productos del programa, as\u00ed como el futuro de EUROCLIMA, el cual est\u00e1 previsto finalizar su segunda fase en el 2016.<\/p>\n<p style=\"text-align: justify;\">\nPara mayor detalle sobre el Programa y los resultados de esta Reuni\u00f3n de Coordinaci\u00f3n puede ingresar a:\u00a0 http:\/\/www.euroclima.org\/<\/p>\n","protected":false},"excerpt":{"rendered":"<p class=\"excerpt\">El Ministerio del Ambiente (MAE) participa en el II Di\u00e1logo Regional sobre las Finanzas del Clima en Am\u00e9rica Latina y el Caribe que se realiza este 29 y 30 de julio, en la Rep\u00fablica de El Salvador. A la delegaci\u00f3n de Ecuador, se suman 125 participantes provenientes de alrededor de 20 gobiernos de Am\u00e9rica Latina y el Caribe, 15 organismos&hellip; <a href=\"https:\/\/www.ambienteyenergia.gob.ec\/ambiente\/mae-participa-en-ii-dialogo-regional-sobre-las-finanzas-del-clima-en-america-latina-y-el-caribe\/\">Read more &rarr;<\/a><\/p>\n","protected":false},"author":13,"featured_media":13653,"comment_status":"open","ping_status":"open","sticky":false,"template":"","format":"standard","meta":{"footnotes":""},"categories":[16,4],"tags":[],"class_list":["post-13652","post","type-post","status-publish","format-standard","has-post-thumbnail","hentry","category-comunicamos","category-noticias","xfolkentry"],"_links":{"self":[{"href":"https:\/\/www.ambienteyenergia.gob.ec\/ambiente\/wp-json\/wp\/v2\/posts\/13652","targetHints":{"allow":["GET"]}}],"collection":[{"href":"https:\/\/www.ambienteyenergia.gob.ec\/ambiente\/wp-json\/wp\/v2\/posts"}],"about":[{"href":"https:\/\/www.ambienteyenergia.gob.ec\/ambiente\/wp-json\/wp\/v2\/types\/post"}],"author":[{"embeddable":true,"href":"https:\/\/www.ambienteyenergia.gob.ec\/ambiente\/wp-json\/wp\/v2\/users\/13"}],"replies":[{"embeddable":true,"href":"https:\/\/www.ambienteyenergia.gob.ec\/ambiente\/wp-json\/wp\/v2\/comments?post=13652"}],"version-history":[{"count":0,"href":"https:\/\/www.ambienteyenergia.gob.ec\/ambiente\/wp-json\/wp\/v2\/posts\/13652\/revisions"}],"wp:featuredmedia":[{"embeddable":true,"href":"https:\/\/www.ambienteyenergia.gob.ec\/ambiente\/wp-json\/wp\/v2\/media\/13653"}],"wp:attachment":[{"href":"https:\/\/www.ambienteyenergia.gob.ec\/ambiente\/wp-json\/wp\/v2\/media?parent=13652"}],"wp:term":[{"taxonomy":"category","embeddable":true,"href":"https:\/\/www.ambienteyenergia.gob.ec\/ambiente\/wp-json\/wp\/v2\/categories?post=13652"},{"taxonomy":"post_tag","embeddable":true,"href":"https:\/\/www.ambienteyenergia.gob.ec\/ambiente\/wp-json\/wp\/v2\/tags?post=13652"}],"curies":[{"name":"wp","href":"https:\/\/api.w.org\/{rel}","templated":true}]}}