{"id":13639,"date":"2013-07-30T13:51:09","date_gmt":"2013-07-30T18:51:09","guid":{"rendered":"http:\/\/www.ambiente.gob.ec\/?p=13639"},"modified":"2013-07-30T14:39:18","modified_gmt":"2013-07-30T19:39:18","slug":"mapa-de-ecosistemas-del-ecuador-continental-permite-una-gestion-ambiental-estrategica","status":"publish","type":"post","link":"https:\/\/www.ambienteyenergia.gob.ec\/ambiente\/mapa-de-ecosistemas-del-ecuador-continental-permite-una-gestion-ambiental-estrategica\/","title":{"rendered":"\u2018Mapa de Ecosistemas del Ecuador Continental\u2019 permite una gesti\u00f3n ambiental estrat\u00e9gica"},"content":{"rendered":"<p style=\"text-align: justify;\">Con el objetivo de mejorar la planificaci\u00f3n, ordenamiento del territorio y proveer de informaci\u00f3n oficial a los diferentes niveles de administraci\u00f3n estatal, el Ministerio del Ambiente (MAE), a trav\u00e9s de la Subsecretaria de Patrimonio Natural, present\u00f3 hoy el \u201cMapa de Ecosistemas del Ecuador Continental\u201d. La iniciativa pretende homogenizar conceptos para todos los actores que trabajan en el sector ambiental.<\/p>\n<p style=\"text-align: justify;\">En la presentaci\u00f3n, la Ministra del Ambiente, Lorena Tapia, afirm\u00f3 que \u201cel<strong> <\/strong>Mapa de Ecosistemas del Ecuador Continental genera informaci\u00f3n espacial, actualizada y oficial de los ecosistemas existentes en el territorio continental de nuestro majestuoso pa\u00eds que posee 91 ecosistemas, de ellos, 65\u00a0 son\u00a0 boscosos, 12 arbustivos y 14 ecosistemas hern\u00e1ceos\u201d. Asimismo,\u00a0 el MAE dispone de un total de 20 637 registros de platas levantadas en el proyecto las cuales se encuentran en la base nacional de datos de vegetaci\u00f3n.<\/p>\n<p style=\"text-align: justify;\">El plan constituye una herramienta fundamental y de car\u00e1cter oficial para el mapeo, caracterizaci\u00f3n y conceptualizaci\u00f3n de los ecosistemas a nivel nacional. Adem\u00e1s, representa un hito, pues plantea la informaci\u00f3n de forma jer\u00e1rquica, trabajando desde escalas gruesas (globales, continentales) a escalas finas (paisaje, locales).<\/p>\n<p style=\"text-align: justify;\">En ese sentido, la Ministra Lorena Tapia asegur\u00f3 que \u201cantes, la informaci\u00f3n concerniente a flora y ecosistemas en el pa\u00eds se encontraba desactualizada, desorganizada y dispersa. Es por ello, que creamos el proyecto \u201c<strong>Mapa de Vegetaci\u00f3n del Ecuador<\/strong>\u201d, el cual otorga informaci\u00f3n geogr\u00e1fica actualizada que contribuir\u00e1 a la formulaci\u00f3n de pol\u00edticas, estrategias y proyectos ambientales coherentes con los procesos de planificaci\u00f3n y ordenamiento territorial, en el marco del mantenimiento de \u00e1reas prioritarias para conservaci\u00f3n y manejo sostenible de los recursos naturales\u201d<\/p>\n<p style=\"text-align: justify;\">Ra\u00fal Galeas, responsable del proyecto \u2018Mapa de Vegetaci\u00f3n\u2019, explic\u00f3 que esta investigaci\u00f3n servir\u00e1 principalmente para procesos de planificaci\u00f3n y ordenamiento del territorio, conservaci\u00f3n y manejo sostenible de los recursos naturales. \u201cEs una l\u00ednea base generada por el Estado, un instrumento oficial que se coloca a disposici\u00f3n de todos los ecuatorianos\u201d, dijo.<\/p>\n<p style=\"text-align: justify;\">Esta investigaci\u00f3n permite un sistema de monitoreo de cambio en los ecosistemas y presenta una plataforma de informaci\u00f3n que determinar\u00e1 el estado de conservaci\u00f3n, tanto de ecosistemas como de especies particulares de los mismos.<\/p>\n<p style=\"text-align: justify;\"><strong>Datos importantes <\/strong><\/p>\n<p style=\"text-align: justify;\">En base a estos estudios, el territorio ecuatoriano se divide en 91 ecosistemas, que se agrupan en tres regiones naturales conocidas y grupos menores (Provincia y Sector biogeogr\u00e1fico).<\/p>\n<p style=\"text-align: justify;\">El sistema actual permite conocer la biodiversidad y su interrelaci\u00f3n con factores abi\u00f3ticos (sin vida) del medioambiente y al mismo tiempo, consolidar la descripci\u00f3n de cada ecosistema en el pa\u00eds, as\u00ed como definirlo conceptual y espacialmente.<\/p>\n<div id='gallery-1' class='gallery galleryid-13639 gallery-columns-4 gallery-size-thumbnail'><dl class='gallery-item'>\n\t\t\t<dt class='gallery-icon landscape'>\n\t\t\t\t<a href='https:\/\/www.ambienteyenergia.gob.ec\/ambiente\/mapa-de-ecosistemas-del-ecuador-continental-permite-una-gestion-ambiental-estrategica\/_mg_1691\/'><img loading=\"lazy\" decoding=\"async\" width=\"150\" height=\"150\" src=\"https:\/\/www.ambienteyenergia.gob.ec\/ambiente\/wp-content\/uploads\/sites\/2\/2013\/07\/MG_1691-150x150.jpg\" class=\"attachment-thumbnail size-thumbnail\" alt=\"\" \/><\/a>\n\t\t\t<\/dt><\/dl><dl class='gallery-item'>\n\t\t\t<dt class='gallery-icon landscape'>\n\t\t\t\t<a href='https:\/\/www.ambienteyenergia.gob.ec\/ambiente\/mapa-de-ecosistemas-del-ecuador-continental-permite-una-gestion-ambiental-estrategica\/_mg_1703\/'><img loading=\"lazy\" decoding=\"async\" width=\"150\" height=\"150\" src=\"https:\/\/www.ambienteyenergia.gob.ec\/ambiente\/wp-content\/uploads\/sites\/2\/2013\/07\/MG_1703-150x150.jpg\" class=\"attachment-thumbnail size-thumbnail\" alt=\"\" \/><\/a>\n\t\t\t<\/dt><\/dl><dl class='gallery-item'>\n\t\t\t<dt class='gallery-icon landscape'>\n\t\t\t\t<a href='https:\/\/www.ambienteyenergia.gob.ec\/ambiente\/mapa-de-ecosistemas-del-ecuador-continental-permite-una-gestion-ambiental-estrategica\/_mg_1715\/'><img loading=\"lazy\" decoding=\"async\" width=\"150\" height=\"150\" src=\"https:\/\/www.ambienteyenergia.gob.ec\/ambiente\/wp-content\/uploads\/sites\/2\/2013\/07\/MG_1715-150x150.jpg\" class=\"attachment-thumbnail size-thumbnail\" alt=\"\" \/><\/a>\n\t\t\t<\/dt><\/dl><dl class='gallery-item'>\n\t\t\t<dt class='gallery-icon landscape'>\n\t\t\t\t<a href='https:\/\/www.ambienteyenergia.gob.ec\/ambiente\/mapa-de-ecosistemas-del-ecuador-continental-permite-una-gestion-ambiental-estrategica\/_mg_1722\/'><img loading=\"lazy\" decoding=\"async\" width=\"150\" height=\"150\" src=\"https:\/\/www.ambienteyenergia.gob.ec\/ambiente\/wp-content\/uploads\/sites\/2\/2013\/07\/MG_1722-150x150.jpg\" class=\"attachment-thumbnail size-thumbnail\" alt=\"\" \/><\/a>\n\t\t\t<\/dt><\/dl><br style=\"clear: both\" \/><dl class='gallery-item'>\n\t\t\t<dt class='gallery-icon landscape'>\n\t\t\t\t<a href='https:\/\/www.ambienteyenergia.gob.ec\/ambiente\/mapa-de-ecosistemas-del-ecuador-continental-permite-una-gestion-ambiental-estrategica\/_mg_1745\/'><img loading=\"lazy\" decoding=\"async\" width=\"150\" height=\"150\" src=\"https:\/\/www.ambienteyenergia.gob.ec\/ambiente\/wp-content\/uploads\/sites\/2\/2013\/07\/MG_1745-150x150.jpg\" class=\"attachment-thumbnail size-thumbnail\" alt=\"\" \/><\/a>\n\t\t\t<\/dt><\/dl><dl class='gallery-item'>\n\t\t\t<dt class='gallery-icon landscape'>\n\t\t\t\t<a href='https:\/\/www.ambienteyenergia.gob.ec\/ambiente\/mapa-de-ecosistemas-del-ecuador-continental-permite-una-gestion-ambiental-estrategica\/_mg_1765\/'><img loading=\"lazy\" decoding=\"async\" width=\"150\" height=\"150\" src=\"https:\/\/www.ambienteyenergia.gob.ec\/ambiente\/wp-content\/uploads\/sites\/2\/2013\/07\/MG_1765-150x150.jpg\" class=\"attachment-thumbnail size-thumbnail\" alt=\"\" \/><\/a>\n\t\t\t<\/dt><\/dl><dl class='gallery-item'>\n\t\t\t<dt class='gallery-icon landscape'>\n\t\t\t\t<a href='https:\/\/www.ambienteyenergia.gob.ec\/ambiente\/mapa-de-ecosistemas-del-ecuador-continental-permite-una-gestion-ambiental-estrategica\/_mg_1771\/'><img loading=\"lazy\" decoding=\"async\" width=\"150\" height=\"150\" src=\"https:\/\/www.ambienteyenergia.gob.ec\/ambiente\/wp-content\/uploads\/sites\/2\/2013\/07\/MG_1771-150x150.jpg\" class=\"attachment-thumbnail size-thumbnail\" alt=\"\" \/><\/a>\n\t\t\t<\/dt><\/dl><dl class='gallery-item'>\n\t\t\t<dt class='gallery-icon landscape'>\n\t\t\t\t<a href='https:\/\/www.ambienteyenergia.gob.ec\/ambiente\/mapa-de-ecosistemas-del-ecuador-continental-permite-una-gestion-ambiental-estrategica\/_mg_1843\/'><img loading=\"lazy\" decoding=\"async\" width=\"150\" height=\"150\" src=\"https:\/\/www.ambienteyenergia.gob.ec\/ambiente\/wp-content\/uploads\/sites\/2\/2013\/07\/MG_1843-150x150.jpg\" class=\"attachment-thumbnail size-thumbnail\" alt=\"\" \/><\/a>\n\t\t\t<\/dt><\/dl><br style=\"clear: both\" \/><dl class='gallery-item'>\n\t\t\t<dt class='gallery-icon landscape'>\n\t\t\t\t<a href='https:\/\/www.ambienteyenergia.gob.ec\/ambiente\/mapa-de-ecosistemas-del-ecuador-continental-permite-una-gestion-ambiental-estrategica\/_mg_1713\/'><img loading=\"lazy\" decoding=\"async\" width=\"150\" height=\"150\" src=\"https:\/\/www.ambienteyenergia.gob.ec\/ambiente\/wp-content\/uploads\/sites\/2\/2013\/07\/MG_1713-150x150.jpg\" class=\"attachment-thumbnail size-thumbnail\" alt=\"\" \/><\/a>\n\t\t\t<\/dt><\/dl><dl class='gallery-item'>\n\t\t\t<dt class='gallery-icon landscape'>\n\t\t\t\t<a href='https:\/\/www.ambienteyenergia.gob.ec\/ambiente\/mapa-de-ecosistemas-del-ecuador-continental-permite-una-gestion-ambiental-estrategica\/mapa-de-vegetacion\/'><img loading=\"lazy\" decoding=\"async\" width=\"150\" height=\"150\" src=\"https:\/\/www.ambienteyenergia.gob.ec\/ambiente\/wp-content\/uploads\/sites\/2\/2013\/07\/mapa-de-vegetacion-150x150.jpg\" class=\"attachment-thumbnail size-thumbnail\" alt=\"\" \/><\/a>\n\t\t\t<\/dt><\/dl>\n\t\t\t<br style='clear: both' \/>\n\t\t<\/div>\n\n","protected":false},"excerpt":{"rendered":"<p class=\"excerpt\">Con el objetivo de mejorar la planificaci\u00f3n, ordenamiento del territorio y proveer de informaci\u00f3n oficial a los diferentes niveles de administraci\u00f3n estatal, el Ministerio del Ambiente (MAE), a trav\u00e9s de la Subsecretaria de Patrimonio Natural, present\u00f3 hoy el \u201cMapa de Ecosistemas del Ecuador Continental\u201d. La iniciativa pretende homogenizar conceptos para todos los actores que trabajan en el sector ambiental. En&hellip; <a href=\"https:\/\/www.ambienteyenergia.gob.ec\/ambiente\/mapa-de-ecosistemas-del-ecuador-continental-permite-una-gestion-ambiental-estrategica\/\">Read more &rarr;<\/a><\/p>\n","protected":false},"author":13,"featured_media":13648,"comment_status":"open","ping_status":"open","sticky":false,"template":"","format":"standard","meta":{"footnotes":""},"categories":[16,4],"tags":[],"class_list":["post-13639","post","type-post","status-publish","format-standard","has-post-thumbnail","hentry","category-comunicamos","category-noticias","xfolkentry"],"_links":{"self":[{"href":"https:\/\/www.ambienteyenergia.gob.ec\/ambiente\/wp-json\/wp\/v2\/posts\/13639","targetHints":{"allow":["GET"]}}],"collection":[{"href":"https:\/\/www.ambienteyenergia.gob.ec\/ambiente\/wp-json\/wp\/v2\/posts"}],"about":[{"href":"https:\/\/www.ambienteyenergia.gob.ec\/ambiente\/wp-json\/wp\/v2\/types\/post"}],"author":[{"embeddable":true,"href":"https:\/\/www.ambienteyenergia.gob.ec\/ambiente\/wp-json\/wp\/v2\/users\/13"}],"replies":[{"embeddable":true,"href":"https:\/\/www.ambienteyenergia.gob.ec\/ambiente\/wp-json\/wp\/v2\/comments?post=13639"}],"version-history":[{"count":0,"href":"https:\/\/www.ambienteyenergia.gob.ec\/ambiente\/wp-json\/wp\/v2\/posts\/13639\/revisions"}],"wp:featuredmedia":[{"embeddable":true,"href":"https:\/\/www.ambienteyenergia.gob.ec\/ambiente\/wp-json\/wp\/v2\/media\/13648"}],"wp:attachment":[{"href":"https:\/\/www.ambienteyenergia.gob.ec\/ambiente\/wp-json\/wp\/v2\/media?parent=13639"}],"wp:term":[{"taxonomy":"category","embeddable":true,"href":"https:\/\/www.ambienteyenergia.gob.ec\/ambiente\/wp-json\/wp\/v2\/categories?post=13639"},{"taxonomy":"post_tag","embeddable":true,"href":"https:\/\/www.ambienteyenergia.gob.ec\/ambiente\/wp-json\/wp\/v2\/tags?post=13639"}],"curies":[{"name":"wp","href":"https:\/\/api.w.org\/{rel}","templated":true}]}}