{"id":13620,"date":"2013-07-29T18:51:30","date_gmt":"2013-07-29T23:51:30","guid":{"rendered":"http:\/\/www.ambiente.gob.ec\/?p=13620"},"modified":"2013-07-29T19:36:33","modified_gmt":"2013-07-30T00:36:33","slug":"mae-apoya-la-ratificacion-del-ecuador-en-protocolo-de-nagoya","status":"publish","type":"post","link":"https:\/\/www.ambienteyenergia.gob.ec\/ambiente\/mae-apoya-la-ratificacion-del-ecuador-en-protocolo-de-nagoya\/","title":{"rendered":"MAE apoya la ratificaci\u00f3n del Ecuador en Protocolo de Nagoya"},"content":{"rendered":"<p style=\"text-align: justify;\">Hoy, la Viceminstra del Ambiente, M\u00f3nica Hidalgo, particip\u00f3 en la reuni\u00f3n que dar\u00e1 inicio al pedido de aprobaci\u00f3n del Protocolo de Nagoya sobre el acceso a los Recursos Gen\u00e9ticos y Participaci\u00f3n Justa y Equitativa. La Comisi\u00f3n de Soberan\u00eda, Integraci\u00f3n, Relaciones Internacionales y Seguridad Integral,\u00a0 presidida por el asamble\u00edsta Fernando Bustamante, extendi\u00f3 la invitaci\u00f3n al Ministerio del Ambiente, como principal rector ambiental del pa\u00eds, para que explique su posici\u00f3n frente a este acuerdo.<\/p>\n<p style=\"text-align: justify;\">\u201cEl Protocolo de Nagoya es un marco regulatorio global de todo acceso, uso y reparto de recursos gen\u00e9ticos. Para su implementaci\u00f3n necesita que 50 pa\u00edses lo ratifiquen, 18 ya lo han hecho, entre ellos Colombia y Per\u00fa, de Am\u00e9rica Latina\u201d, explic\u00f3 la Viceministra.<\/p>\n<p style=\"text-align: justify;\">Actualmente, el Ecuador se encuentra en un proceso de negociaci\u00f3n para suscribir este protocolo. \u201cLo que garantiza esta suscripci\u00f3n es un acceso justo y equitativo a todo lo que son recursos gen\u00e9ticos y los beneficios que demanden o que se deriven de los mismos\u201d, ratific\u00f3 Hidalgo.<\/p>\n<p style=\"text-align: justify;\">La posici\u00f3n del MAE es apoyar la ratificaci\u00f3n del Protocolo de Nagoya. \u201cPero para ello, necesitamos que haya una redistribuci\u00f3n equitativa y adecuada de los recursos que provienen de la biodiversidad del Ecuador\u201d, afirm\u00f3 la Autoridad Ambiental.<\/p>\n<p style=\"text-align: justify;\">El objetivo principal de este protocolo es la consagraci\u00f3n de la diversidad biol\u00f3gica. \u201cEl Ecuador es uno de los pa\u00edses m\u00e1s megadiversos, es un etnocentro, donde en un km\u00b2 podemos encontrar el mayor n\u00famero de especies de flora y fauna que en ninguna otra parte del mundo\u201d, afirm\u00f3 Hidalgo. Por ello, resulta fundamental suscribirlo.<\/p>\n<p style=\"text-align: justify;\">Otro de los objetivos es la utilizaci\u00f3n sostenible. \u201cEn este punto, queremos aplicar un marco que permita que estos recursos tengan un uso racional, que pueda transmitirse a las futuras generaciones y tambi\u00e9n que conlleve una responsabilidad social, econ\u00f3mica y ambiental, que antes no ten\u00eda importancia\u201d, asever\u00f3 la Hidalgo.<\/p>\n<p style=\"text-align: justify;\">Y finalmente, se busca la participaci\u00f3n justa y equitativa de los beneficios de la diversidad biol\u00f3gica y el aprovechamiento y utilizaci\u00f3n de los recursos gen\u00e9ticos, a trav\u00e9s del acceso apropiado de los mismos y de la transferencia adecuada de tecnolog\u00eda, contribuyendo principalmente a la conservaci\u00f3n biol\u00f3gica y al uso sostenible de sus componentes.<\/p>\n<div id='gallery-1' class='gallery galleryid-13620 gallery-columns-4 gallery-size-thumbnail'><dl class='gallery-item'>\n\t\t\t<dt class='gallery-icon landscape'>\n\t\t\t\t<a href='https:\/\/www.ambienteyenergia.gob.ec\/ambiente\/mae-apoya-la-ratificacion-del-ecuador-en-protocolo-de-nagoya\/_mg_1671\/'><img loading=\"lazy\" decoding=\"async\" width=\"150\" height=\"150\" src=\"https:\/\/www.ambienteyenergia.gob.ec\/ambiente\/wp-content\/uploads\/sites\/2\/2013\/07\/MG_1671-150x150.jpg\" class=\"attachment-thumbnail size-thumbnail\" alt=\"\" \/><\/a>\n\t\t\t<\/dt><\/dl><dl class='gallery-item'>\n\t\t\t<dt class='gallery-icon landscape'>\n\t\t\t\t<a href='https:\/\/www.ambienteyenergia.gob.ec\/ambiente\/mae-apoya-la-ratificacion-del-ecuador-en-protocolo-de-nagoya\/_mg_1673\/'><img loading=\"lazy\" decoding=\"async\" width=\"150\" height=\"150\" src=\"https:\/\/www.ambienteyenergia.gob.ec\/ambiente\/wp-content\/uploads\/sites\/2\/2013\/07\/MG_1673-150x150.jpg\" class=\"attachment-thumbnail size-thumbnail\" alt=\"\" \/><\/a>\n\t\t\t<\/dt><\/dl><dl class='gallery-item'>\n\t\t\t<dt class='gallery-icon landscape'>\n\t\t\t\t<a href='https:\/\/www.ambienteyenergia.gob.ec\/ambiente\/mae-apoya-la-ratificacion-del-ecuador-en-protocolo-de-nagoya\/_mg_1675\/'><img loading=\"lazy\" decoding=\"async\" width=\"150\" height=\"150\" src=\"https:\/\/www.ambienteyenergia.gob.ec\/ambiente\/wp-content\/uploads\/sites\/2\/2013\/07\/MG_1675-150x150.jpg\" class=\"attachment-thumbnail size-thumbnail\" alt=\"\" \/><\/a>\n\t\t\t<\/dt><\/dl><dl class='gallery-item'>\n\t\t\t<dt class='gallery-icon landscape'>\n\t\t\t\t<a href='https:\/\/www.ambienteyenergia.gob.ec\/ambiente\/mae-apoya-la-ratificacion-del-ecuador-en-protocolo-de-nagoya\/_mg_1676\/'><img loading=\"lazy\" decoding=\"async\" width=\"150\" height=\"150\" src=\"https:\/\/www.ambienteyenergia.gob.ec\/ambiente\/wp-content\/uploads\/sites\/2\/2013\/07\/MG_1676-150x150.jpg\" class=\"attachment-thumbnail size-thumbnail\" alt=\"\" \/><\/a>\n\t\t\t<\/dt><\/dl><br style=\"clear: both\" \/>\n\t\t<\/div>\n\n","protected":false},"excerpt":{"rendered":"<p class=\"excerpt\">Hoy, la Viceminstra del Ambiente, M\u00f3nica Hidalgo, particip\u00f3 en la reuni\u00f3n que dar\u00e1 inicio al pedido de aprobaci\u00f3n del Protocolo de Nagoya sobre el acceso a los Recursos Gen\u00e9ticos y Participaci\u00f3n Justa y Equitativa. La Comisi\u00f3n de Soberan\u00eda, Integraci\u00f3n, Relaciones Internacionales y Seguridad Integral,\u00a0 presidida por el asamble\u00edsta Fernando Bustamante, extendi\u00f3 la invitaci\u00f3n al Ministerio del Ambiente, como principal rector&hellip; <a href=\"https:\/\/www.ambienteyenergia.gob.ec\/ambiente\/mae-apoya-la-ratificacion-del-ecuador-en-protocolo-de-nagoya\/\">Read more &rarr;<\/a><\/p>\n","protected":false},"author":13,"featured_media":13623,"comment_status":"open","ping_status":"open","sticky":false,"template":"","format":"standard","meta":{"footnotes":""},"categories":[16,4],"tags":[],"class_list":["post-13620","post","type-post","status-publish","format-standard","has-post-thumbnail","hentry","category-comunicamos","category-noticias","xfolkentry"],"_links":{"self":[{"href":"https:\/\/www.ambienteyenergia.gob.ec\/ambiente\/wp-json\/wp\/v2\/posts\/13620","targetHints":{"allow":["GET"]}}],"collection":[{"href":"https:\/\/www.ambienteyenergia.gob.ec\/ambiente\/wp-json\/wp\/v2\/posts"}],"about":[{"href":"https:\/\/www.ambienteyenergia.gob.ec\/ambiente\/wp-json\/wp\/v2\/types\/post"}],"author":[{"embeddable":true,"href":"https:\/\/www.ambienteyenergia.gob.ec\/ambiente\/wp-json\/wp\/v2\/users\/13"}],"replies":[{"embeddable":true,"href":"https:\/\/www.ambienteyenergia.gob.ec\/ambiente\/wp-json\/wp\/v2\/comments?post=13620"}],"version-history":[{"count":0,"href":"https:\/\/www.ambienteyenergia.gob.ec\/ambiente\/wp-json\/wp\/v2\/posts\/13620\/revisions"}],"wp:featuredmedia":[{"embeddable":true,"href":"https:\/\/www.ambienteyenergia.gob.ec\/ambiente\/wp-json\/wp\/v2\/media\/13623"}],"wp:attachment":[{"href":"https:\/\/www.ambienteyenergia.gob.ec\/ambiente\/wp-json\/wp\/v2\/media?parent=13620"}],"wp:term":[{"taxonomy":"category","embeddable":true,"href":"https:\/\/www.ambienteyenergia.gob.ec\/ambiente\/wp-json\/wp\/v2\/categories?post=13620"},{"taxonomy":"post_tag","embeddable":true,"href":"https:\/\/www.ambienteyenergia.gob.ec\/ambiente\/wp-json\/wp\/v2\/tags?post=13620"}],"curies":[{"name":"wp","href":"https:\/\/api.w.org\/{rel}","templated":true}]}}