{"id":13605,"date":"2013-07-29T13:57:44","date_gmt":"2013-07-29T18:57:44","guid":{"rendered":"http:\/\/www.ambiente.gob.ec\/?p=13605"},"modified":"2013-07-29T13:57:44","modified_gmt":"2013-07-29T18:57:44","slug":"feria-ecointegracion-cerro-las-fiestas-julianas-de-guayaquil","status":"publish","type":"post","link":"https:\/\/www.ambienteyenergia.gob.ec\/ambiente\/feria-ecointegracion-cerro-las-fiestas-julianas-de-guayaquil\/","title":{"rendered":"Feria Ecointegraci\u00f3n cerr\u00f3 las fiestas julianas de Guayaquil"},"content":{"rendered":"<p style=\"text-align: justify;\">El Ministerio del Ambiente (MAE), en conmemoraci\u00f3n a los 478 a\u00f1os de fundaci\u00f3n de Guayaquil, organiz\u00f3 el pasado 27 de julio, la Expo feria Ecointegraci\u00f3n, en el colegio r\u00e9plica Aguirre Abad, con la presencia de la comunidad educativa y moradores del sector. El objetivo del evento fue dar a conocer las buenas pr\u00e1cticas ambientales para la protecci\u00f3n y conservaci\u00f3n de los ecosistemas.<\/p>\n<p style=\"text-align: justify;\">Una exhibici\u00f3n fotogr\u00e1fica record\u00f3 a los presentes las \u00e1reas protegidas marino costeras que est\u00e1n ubicadas en Guayaquil y la provincia de Guayas. J\u00f3venes del Servicio Civil Ciudadano fueron los gu\u00edas de esta exposici\u00f3n en la que se describ\u00eda las bondades de la Reserva de Producci\u00f3n Faun\u00edstica Manglares El Salado, \u00c1rea Nacional de Recreaci\u00f3n Isla Santay e Isla del Gallo, Refugio de Vida Silvestre Manglares El Morro y \u00c1rea Nacional de Recreaci\u00f3n Playas de Villamil.<\/p>\n<p style=\"text-align: justify;\">La meta es que cada vez m\u00e1s ciudadanos, principalmente los j\u00f3venes, aporten con la recuperaci\u00f3n del Estero Salado y la conservaci\u00f3n de las \u00e1reas protegidas, pues son el h\u00e1bitat de cientos de especies y el pulm\u00f3n de la cuidad, explic\u00f3 Gustavo Iturralde, Director de Normativas y Proyectos Marino Costeros del MAE.<\/p>\n<p style=\"text-align: justify;\">Con charlas interactivas y juegos sobre la recuperaci\u00f3n del Estero Salado, se atrajo a decenas de visitantes, quienes interactuaron y conocieron de la importancia de rehabilitar este brazo de mar al eliminar la mala disposici\u00f3n de la basura y aguas servidas domiciliarias e industriales, la reubicaci\u00f3n de viviendas asentadas a orillas del estero para la reforestaci\u00f3n del manglar, entre otras actividades que se emprenden en el estuario.<\/p>\n<p style=\"text-align: justify;\">Otro atractivo de la expo fueron el papagayo de Guayaquil y el oso perezoso, que se mostraron a la ciudadan\u00eda bajo el mensaje \u201cNo al tr\u00e1fico y compra de especies silvestres\u201d. Estas son especies de exhibici\u00f3n del Parque Hist\u00f3rico de Guayaquil.<\/p>\n<p style=\"text-align: justify;\">La t\u00e9cnica Gretel Campi, mientras sosten\u00eda al oso perezoso, indic\u00f3 a los presentes que estas son especies silvestres que deben permanecer en su h\u00e1bitat para el equilibrio de la naturaleza. Como ejemplo, ella cit\u00f3 el caso del papagayo de Guayaquil, una especie nativa que est\u00e1 en peligro de extinci\u00f3n debido a la tala indiscriminada del bosque nativo en donde anida y el tr\u00e1fico de esta especie que tiene una baja reproducci\u00f3n, debido a que es un animal mon\u00f3gamo, que permanece con una sola pareja toda su vida.<\/p>\n<p style=\"text-align: justify;\">Para Mart\u00edn Salazar, estudiante, esta iniciativa es buena porque as\u00ed todos conocen las especies y las consecuencias de botar basura indiscriminadamente.<\/p>\n<p style=\"text-align: justify;\">El show art\u00edstico estuvo a cargo de la Banda Blanca de la Armada y artistas con capacidades especiales de la Misi\u00f3n Manuela Espejo, quienes demostraron sus destrezas para tocar instrumentos y cantar. Un ejemplo de ello, fue la ni\u00f1a Marieta Guayas, quien cant\u00f3 y toc\u00f3 el teclado,<\/p>\n<p style=\"text-align: justify;\">Asimismo, la Corporaci\u00f3n Nacional de Telecomunicaci\u00f3n (CNT), la Empresa P\u00fablica de Parques y Espacios, el Servicio Ecuatoriano de Capacitaci\u00f3n Profesional (Secap) y agremiados de la Asociaci\u00f3n de cangrejeros, mostraron los servicios que ofrecen a la comunidad.<\/p>\n<div id='gallery-1' class='gallery galleryid-13605 gallery-columns-4 gallery-size-thumbnail'><dl class='gallery-item'>\n\t\t\t<dt class='gallery-icon landscape'>\n\t\t\t\t<a href='https:\/\/www.ambienteyenergia.gob.ec\/ambiente\/feria-ecointegracion-cerro-las-fiestas-julianas-de-guayaquil\/exposicio%cc%82n-u%cc%88reas-protegidas-marino-costeras\/'><img loading=\"lazy\" decoding=\"async\" width=\"150\" height=\"150\" src=\"https:\/\/www.ambienteyenergia.gob.ec\/ambiente\/wp-content\/uploads\/sites\/2\/2013\/07\/EXPOSICI+o\u0302N-+u\u0308REAS-PROTEGIDAS-MARINO-COSTERAS-150x150.jpg\" class=\"attachment-thumbnail size-thumbnail\" alt=\"\" \/><\/a>\n\t\t\t<\/dt><\/dl><dl class='gallery-item'>\n\t\t\t<dt class='gallery-icon landscape'>\n\t\t\t\t<a href='https:\/\/www.ambienteyenergia.gob.ec\/ambiente\/feria-ecointegracion-cerro-las-fiestas-julianas-de-guayaquil\/juego-del-estero-salado\/'><img loading=\"lazy\" decoding=\"async\" width=\"150\" height=\"150\" src=\"https:\/\/www.ambienteyenergia.gob.ec\/ambiente\/wp-content\/uploads\/sites\/2\/2013\/07\/JUEGO-DEL-ESTERO-SALADO-150x150.jpg\" class=\"attachment-thumbnail size-thumbnail\" alt=\"\" \/><\/a>\n\t\t\t<\/dt><\/dl><dl class='gallery-item'>\n\t\t\t<dt class='gallery-icon landscape'>\n\t\t\t\t<a href='https:\/\/www.ambienteyenergia.gob.ec\/ambiente\/feria-ecointegracion-cerro-las-fiestas-julianas-de-guayaquil\/oso-perezoso-3\/'><img loading=\"lazy\" decoding=\"async\" width=\"150\" height=\"150\" src=\"https:\/\/www.ambienteyenergia.gob.ec\/ambiente\/wp-content\/uploads\/sites\/2\/2013\/07\/OSO-PEREZOSO-150x150.jpg\" class=\"attachment-thumbnail size-thumbnail\" alt=\"\" \/><\/a>\n\t\t\t<\/dt><\/dl><dl class='gallery-item'>\n\t\t\t<dt class='gallery-icon landscape'>\n\t\t\t\t<a href='https:\/\/www.ambienteyenergia.gob.ec\/ambiente\/feria-ecointegracion-cerro-las-fiestas-julianas-de-guayaquil\/papagayo-de-guayaquil\/'><img loading=\"lazy\" decoding=\"async\" width=\"150\" height=\"150\" src=\"https:\/\/www.ambienteyenergia.gob.ec\/ambiente\/wp-content\/uploads\/sites\/2\/2013\/07\/PAPAGAYO-DE-GUAYAQUIL-150x150.jpg\" class=\"attachment-thumbnail size-thumbnail\" alt=\"\" srcset=\"https:\/\/www.ambienteyenergia.gob.ec\/ambiente\/wp-content\/uploads\/sites\/2\/2013\/07\/PAPAGAYO-DE-GUAYAQUIL-150x150.jpg 150w, https:\/\/www.ambienteyenergia.gob.ec\/ambiente\/wp-content\/uploads\/sites\/2\/2013\/07\/PAPAGAYO-DE-GUAYAQUIL-300x300.jpg 300w, https:\/\/www.ambienteyenergia.gob.ec\/ambiente\/wp-content\/uploads\/sites\/2\/2013\/07\/PAPAGAYO-DE-GUAYAQUIL.jpg 400w\" sizes=\"auto, (max-width: 150px) 100vw, 150px\" \/><\/a>\n\t\t\t<\/dt><\/dl><br style=\"clear: both\" \/><dl class='gallery-item'>\n\t\t\t<dt class='gallery-icon landscape'>\n\t\t\t\t<a href='https:\/\/www.ambienteyenergia.gob.ec\/ambiente\/feria-ecointegracion-cerro-las-fiestas-julianas-de-guayaquil\/show-arti%cc%80stico-banda-blanca\/'><img loading=\"lazy\" decoding=\"async\" width=\"150\" height=\"150\" src=\"https:\/\/www.ambienteyenergia.gob.ec\/ambiente\/wp-content\/uploads\/sites\/2\/2013\/07\/SHOW-ART+i\u0300STICO-BANDA-BLANCA-150x150.jpg\" class=\"attachment-thumbnail size-thumbnail\" alt=\"\" \/><\/a>\n\t\t\t<\/dt><\/dl><dl class='gallery-item'>\n\t\t\t<dt class='gallery-icon landscape'>\n\t\t\t\t<a href='https:\/\/www.ambienteyenergia.gob.ec\/ambiente\/feria-ecointegracion-cerro-las-fiestas-julianas-de-guayaquil\/show-arti%cc%80stico-banda-blanca-01\/'><img loading=\"lazy\" decoding=\"async\" width=\"150\" height=\"150\" src=\"https:\/\/www.ambienteyenergia.gob.ec\/ambiente\/wp-content\/uploads\/sites\/2\/2013\/07\/SHOW-ART+i\u0300STICO-BANDA-BLANCA-01-150x150.jpg\" class=\"attachment-thumbnail size-thumbnail\" alt=\"\" \/><\/a>\n\t\t\t<\/dt><\/dl><dl class='gallery-item'>\n\t\t\t<dt class='gallery-icon landscape'>\n\t\t\t\t<a href='https:\/\/www.ambienteyenergia.gob.ec\/ambiente\/feria-ecointegracion-cerro-las-fiestas-julianas-de-guayaquil\/show-jo%cc%82venes-capacidades-especiales\/'><img loading=\"lazy\" decoding=\"async\" width=\"150\" height=\"150\" src=\"https:\/\/www.ambienteyenergia.gob.ec\/ambiente\/wp-content\/uploads\/sites\/2\/2013\/07\/SHOW-J+o\u0302VENES-CAPACIDADES-ESPECIALES-150x150.jpg\" class=\"attachment-thumbnail size-thumbnail\" alt=\"\" \/><\/a>\n\t\t\t<\/dt><\/dl>\n\t\t\t<br style='clear: both' \/>\n\t\t<\/div>\n\n","protected":false},"excerpt":{"rendered":"<p class=\"excerpt\">El Ministerio del Ambiente (MAE), en conmemoraci\u00f3n a los 478 a\u00f1os de fundaci\u00f3n de Guayaquil, organiz\u00f3 el pasado 27 de julio, la Expo feria Ecointegraci\u00f3n, en el colegio r\u00e9plica Aguirre Abad, con la presencia de la comunidad educativa y moradores del sector. El objetivo del evento fue dar a conocer las buenas pr\u00e1cticas ambientales para la protecci\u00f3n y conservaci\u00f3n de&hellip; <a href=\"https:\/\/www.ambienteyenergia.gob.ec\/ambiente\/feria-ecointegracion-cerro-las-fiestas-julianas-de-guayaquil\/\">Read more &rarr;<\/a><\/p>\n","protected":false},"author":13,"featured_media":13612,"comment_status":"open","ping_status":"open","sticky":false,"template":"","format":"standard","meta":{"footnotes":""},"categories":[16,4],"tags":[],"class_list":["post-13605","post","type-post","status-publish","format-standard","has-post-thumbnail","hentry","category-comunicamos","category-noticias","xfolkentry"],"_links":{"self":[{"href":"https:\/\/www.ambienteyenergia.gob.ec\/ambiente\/wp-json\/wp\/v2\/posts\/13605","targetHints":{"allow":["GET"]}}],"collection":[{"href":"https:\/\/www.ambienteyenergia.gob.ec\/ambiente\/wp-json\/wp\/v2\/posts"}],"about":[{"href":"https:\/\/www.ambienteyenergia.gob.ec\/ambiente\/wp-json\/wp\/v2\/types\/post"}],"author":[{"embeddable":true,"href":"https:\/\/www.ambienteyenergia.gob.ec\/ambiente\/wp-json\/wp\/v2\/users\/13"}],"replies":[{"embeddable":true,"href":"https:\/\/www.ambienteyenergia.gob.ec\/ambiente\/wp-json\/wp\/v2\/comments?post=13605"}],"version-history":[{"count":0,"href":"https:\/\/www.ambienteyenergia.gob.ec\/ambiente\/wp-json\/wp\/v2\/posts\/13605\/revisions"}],"wp:featuredmedia":[{"embeddable":true,"href":"https:\/\/www.ambienteyenergia.gob.ec\/ambiente\/wp-json\/wp\/v2\/media\/13612"}],"wp:attachment":[{"href":"https:\/\/www.ambienteyenergia.gob.ec\/ambiente\/wp-json\/wp\/v2\/media?parent=13605"}],"wp:term":[{"taxonomy":"category","embeddable":true,"href":"https:\/\/www.ambienteyenergia.gob.ec\/ambiente\/wp-json\/wp\/v2\/categories?post=13605"},{"taxonomy":"post_tag","embeddable":true,"href":"https:\/\/www.ambienteyenergia.gob.ec\/ambiente\/wp-json\/wp\/v2\/tags?post=13605"}],"curies":[{"name":"wp","href":"https:\/\/api.w.org\/{rel}","templated":true}]}}