{"id":13599,"date":"2013-07-29T13:07:18","date_gmt":"2013-07-29T18:07:18","guid":{"rendered":"http:\/\/www.ambiente.gob.ec\/?p=13599"},"modified":"2013-07-29T16:48:07","modified_gmt":"2013-07-29T21:48:07","slug":"refugios-en-el-chimborazo-inician-mantenimiento","status":"publish","type":"post","link":"https:\/\/www.ambienteyenergia.gob.ec\/ambiente\/refugios-en-el-chimborazo-inician-mantenimiento\/","title":{"rendered":"Refugios en el Chimborazo inician mantenimiento"},"content":{"rendered":"<p style=\"text-align: justify;\">El Ministerio del Ambiente (MAE), en coordinaci\u00f3n con el Ministerio de Turismo, acordaron realizar el \u201cEstudio de mejoramiento de los refugios de la Reserva de Producci\u00f3n de Fauna Chimborazo\u201d, con el objetivo de modernizar las instalaciones para que turistas nacionales y extranjeros disfruten de estos hermosos lugares. El proyecto est\u00e1 a cargo del cuerpo de Ingenieros del Ej\u00e9rcito y la fiscalizaci\u00f3n de la obra ser\u00e1 dirigida por el Instituto de Contrataci\u00f3n de Obras (ICO).<\/p>\n<p style=\"text-align: justify;\">El deterioro de las instalaciones internas y externas, y la mala distribuci\u00f3n de \u00e1reas, as\u00ed como la falta de mantenimiento de los refugios son algunos de los conflictos que poseen los refugios Hermanos Carrel (4 850 msnm) y Edward Whimper (5 006 msnm), ubicados en el nevado Chimborazo.<\/p>\n<p style=\"text-align: justify;\">La propuesta de remodelaci\u00f3n y construcci\u00f3n se basa en aspectos de sostenibilidad, tales como aislamiento t\u00e9rmico, uso de maderas provenientes de plantaciones forestales, tratamiento de aguas negras y desechos s\u00f3lidos, uso de energ\u00edas limpias y mitigaci\u00f3n de impactos visuales. De tal manera, que armonice paisaj\u00edsticamente con el entorno y guarde las medidas de seguridad de alta monta\u00f1a.<\/p>\n<p style=\"text-align: justify;\">Debido a que las obras civiles se ejecutar\u00e1n simult\u00e1neamente en los dos refugios, se ha coordinado colocar casetas provisionales, en las que se brindar\u00e1 asistencia e informaci\u00f3n a los visitantes sobre un albergue temporal, con el fin de no suspender la visitaci\u00f3n tur\u00edstica.<\/p>\n<p style=\"text-align: justify;\">Las obras de mejoramiento iniciaron el pasado 26 de julio y se estima que durar\u00e1n alrededor de ocho meses. Por esta raz\u00f3n, el MAE sugiere a los visitantes y en especial a los amantes del deporte de alta monta\u00f1a, tomar todas las consideraciones respectivas al momento de visitar el \u00e1rea protegida.<\/p>\n<div id='gallery-1' class='gallery galleryid-13599 gallery-columns-4 gallery-size-thumbnail'><dl class='gallery-item'>\n\t\t\t<dt class='gallery-icon landscape'>\n\t\t\t\t<a href='https:\/\/www.ambienteyenergia.gob.ec\/ambiente\/refugios-en-el-chimborazo-inician-mantenimiento\/chimborazo1\/'><img loading=\"lazy\" decoding=\"async\" width=\"150\" height=\"150\" src=\"https:\/\/www.ambienteyenergia.gob.ec\/ambiente\/wp-content\/uploads\/sites\/2\/2013\/07\/chimborazo1-150x150.jpg\" class=\"attachment-thumbnail size-thumbnail\" alt=\"\" \/><\/a>\n\t\t\t<\/dt><\/dl><dl class='gallery-item'>\n\t\t\t<dt class='gallery-icon landscape'>\n\t\t\t\t<a href='https:\/\/www.ambienteyenergia.gob.ec\/ambiente\/refugios-en-el-chimborazo-inician-mantenimiento\/chimborazo2\/'><img loading=\"lazy\" decoding=\"async\" width=\"150\" height=\"150\" src=\"https:\/\/www.ambienteyenergia.gob.ec\/ambiente\/wp-content\/uploads\/sites\/2\/2013\/07\/chimborazo2-150x150.jpg\" class=\"attachment-thumbnail size-thumbnail\" alt=\"\" \/><\/a>\n\t\t\t<\/dt><\/dl><dl class='gallery-item'>\n\t\t\t<dt class='gallery-icon landscape'>\n\t\t\t\t<a href='https:\/\/www.ambienteyenergia.gob.ec\/ambiente\/refugios-en-el-chimborazo-inician-mantenimiento\/chimborazo3\/'><img loading=\"lazy\" decoding=\"async\" width=\"150\" height=\"150\" src=\"https:\/\/www.ambienteyenergia.gob.ec\/ambiente\/wp-content\/uploads\/sites\/2\/2013\/07\/chimborazo3-150x150.jpg\" class=\"attachment-thumbnail size-thumbnail\" alt=\"\" \/><\/a>\n\t\t\t<\/dt><\/dl>\n\t\t\t<br style='clear: both' \/>\n\t\t<\/div>\n\n","protected":false},"excerpt":{"rendered":"<p class=\"excerpt\">El Ministerio del Ambiente (MAE), en coordinaci\u00f3n con el Ministerio de Turismo, acordaron realizar el \u201cEstudio de mejoramiento de los refugios de la Reserva de Producci\u00f3n de Fauna Chimborazo\u201d, con el objetivo de modernizar las instalaciones para que turistas nacionales y extranjeros disfruten de estos hermosos lugares. El proyecto est\u00e1 a cargo del cuerpo de Ingenieros del Ej\u00e9rcito y la&hellip; <a href=\"https:\/\/www.ambienteyenergia.gob.ec\/ambiente\/refugios-en-el-chimborazo-inician-mantenimiento\/\">Read more &rarr;<\/a><\/p>\n","protected":false},"author":13,"featured_media":13616,"comment_status":"open","ping_status":"open","sticky":false,"template":"","format":"standard","meta":{"footnotes":""},"categories":[16,4],"tags":[],"class_list":["post-13599","post","type-post","status-publish","format-standard","has-post-thumbnail","hentry","category-comunicamos","category-noticias","xfolkentry"],"_links":{"self":[{"href":"https:\/\/www.ambienteyenergia.gob.ec\/ambiente\/wp-json\/wp\/v2\/posts\/13599","targetHints":{"allow":["GET"]}}],"collection":[{"href":"https:\/\/www.ambienteyenergia.gob.ec\/ambiente\/wp-json\/wp\/v2\/posts"}],"about":[{"href":"https:\/\/www.ambienteyenergia.gob.ec\/ambiente\/wp-json\/wp\/v2\/types\/post"}],"author":[{"embeddable":true,"href":"https:\/\/www.ambienteyenergia.gob.ec\/ambiente\/wp-json\/wp\/v2\/users\/13"}],"replies":[{"embeddable":true,"href":"https:\/\/www.ambienteyenergia.gob.ec\/ambiente\/wp-json\/wp\/v2\/comments?post=13599"}],"version-history":[{"count":0,"href":"https:\/\/www.ambienteyenergia.gob.ec\/ambiente\/wp-json\/wp\/v2\/posts\/13599\/revisions"}],"wp:featuredmedia":[{"embeddable":true,"href":"https:\/\/www.ambienteyenergia.gob.ec\/ambiente\/wp-json\/wp\/v2\/media\/13616"}],"wp:attachment":[{"href":"https:\/\/www.ambienteyenergia.gob.ec\/ambiente\/wp-json\/wp\/v2\/media?parent=13599"}],"wp:term":[{"taxonomy":"category","embeddable":true,"href":"https:\/\/www.ambienteyenergia.gob.ec\/ambiente\/wp-json\/wp\/v2\/categories?post=13599"},{"taxonomy":"post_tag","embeddable":true,"href":"https:\/\/www.ambienteyenergia.gob.ec\/ambiente\/wp-json\/wp\/v2\/tags?post=13599"}],"curies":[{"name":"wp","href":"https:\/\/api.w.org\/{rel}","templated":true}]}}