{"id":13587,"date":"2013-07-29T12:53:05","date_gmt":"2013-07-29T17:53:05","guid":{"rendered":"http:\/\/www.ambiente.gob.ec\/?p=13587"},"modified":"2013-07-29T12:53:35","modified_gmt":"2013-07-29T17:53:35","slug":"hoy-se-inauguro-el-ii-congreso-nacional-de-areas-protegidas","status":"publish","type":"post","link":"https:\/\/www.ambienteyenergia.gob.ec\/ambiente\/hoy-se-inauguro-el-ii-congreso-nacional-de-areas-protegidas\/","title":{"rendered":"Hoy se inaugur\u00f3 el II Congreso Nacional de \u00c1reas Protegidas"},"content":{"rendered":"<p style=\"text-align: justify;\">Con la finalidad de revisar los avances alcanzados en materia de gesti\u00f3n de conservaci\u00f3n y manejo sostenible de la biodiversidad de las 49 \u00c1reas Protegidas (AP), como recurso estrat\u00e9gico de desarrollo del Ecuador, el Ministerio del Ambiente (MAE), en colaboraci\u00f3n con\u00a0 PNUD, GEF, Fondo Ambiental Nacional, GIZ Y KFW, inaugur\u00f3 el II Congreso Nacional de \u00c1reas Protegidas.<\/p>\n<p style=\"text-align: justify;\">Este congreso, que se realizar\u00e1 hasta el 31 de julio en el auditorio mayor de la Pontificia Universidad Cat\u00f3lica del Ecuador (PUCE), se efect\u00faa una d\u00e9cada despu\u00e9s de su primera edici\u00f3n. En 2003, se impuls\u00f3 el reconocimiento del Sistema Nacional de \u00c1reas Protegidas (SNAP), mismo que en la actualidad corresponde el 19,4% del territorio nacional. En estas jornadas se presentar\u00e1n los logros y se establecer\u00e1n lineamientos que contribuyan a la ejecuci\u00f3n de pol\u00edticas y herramientas de gesti\u00f3n del sistema en menci\u00f3n.<\/p>\n<p style=\"text-align: justify;\">En la oficializaci\u00f3n de la inauguraci\u00f3n, M\u00f3nica Hidalgo, Ministra del Ambiente (e) explic\u00f3 cu\u00e1l es la situaci\u00f3n actual de las AP dentro del contexto nacional. \u00abPensar los derechos de naturaleza ya no solo es teor\u00eda, es una realidad que la ejecutamos a trav\u00e9s del MAE. (&#8230;) Durante estos tres d\u00edas, profundizaremos en el conocimiento de la historia, situaci\u00f3n actual y acciones futuras del SNAP,\u00a0 bajo la comprensi\u00f3n del sistema como un mecanismo de inter\u00e9s p\u00fablico orientado a garantizar el derecho colectivo a vivir en un ambiente sano y ecol\u00f3gicamente equilibrado\u00bb.<\/p>\n<p style=\"text-align: justify;\">Asimismo, indic\u00f3 que el SNAP se convertir\u00e1 en un instrumento fundamental para la promoci\u00f3n de los derechos de la naturaleza y la transformaci\u00f3n de la matriz productiva del pa\u00eds porque ser\u00e1 un destino clave del turismo nacional. Por ello, esta Cartera de Estado impulsa la inclusi\u00f3n de nuevas \u00e1reas prioritarias con base en los principios de representatividad, complementariedad y precauci\u00f3n.<\/p>\n<p style=\"text-align: justify;\">Finalmente, explic\u00f3 que los ejes tem\u00e1ticos de este encuentro consideran prioridades nacionales como la investigaci\u00f3n, informaci\u00f3n,\u00a0 ciencia y tecnolog\u00eda (herramientas para la gesti\u00f3n del sistema) y la biodiversidad.<\/p>\n<p style=\"text-align: justify;\">Para Luis Borbor, responsable de la Reserva de Producci\u00f3n de Fauna Cuyabeno, el congreso es fundamental para la ejecuci\u00f3n de su trabajo. Seg\u00fan explic\u00f3, las ponencias contribuir\u00e1n a la actualizaci\u00f3n de sus conocimientos en cuanto al manejo del \u00c1rea Protegida. Adem\u00e1s, manifest\u00f3 que este es un espacio desde el cual se pueden exponer, a nivel internacional, los procesos que se desarrollan en favor de la naturaleza, como pa\u00eds y, particularmente, como Ministerio del Ambiente.<\/p>\n<p style=\"text-align: justify;\">En la jornada, Cristian Ter\u00e1n, Subsecretario de Patrimonio y Mar\u00eda Jos\u00e9 Montalvo, representante de Senplades, presentaron las ponencias \u00abMarco legal para el modelo de gobernanza de \u00c1reas Protegidas\u00bb y \u00abOrdenamiento territorial\u00bb, respectivamente. Luego de las presentaciones se realizaron rondas de preguntas.<\/p>\n<p style=\"text-align: justify;\">Hoy, hasta las 18:30, se presentar\u00e1n cinco ponencias y se realizaran tres paneles.<\/p>\n<div id='gallery-1' class='gallery galleryid-13587 gallery-columns-4 gallery-size-thumbnail'><dl class='gallery-item'>\n\t\t\t<dt class='gallery-icon landscape'>\n\t\t\t\t<a href='https:\/\/www.ambienteyenergia.gob.ec\/ambiente\/hoy-se-inauguro-el-ii-congreso-nacional-de-areas-protegidas\/_mg_1514\/'><img loading=\"lazy\" decoding=\"async\" width=\"150\" height=\"150\" src=\"https:\/\/www.ambienteyenergia.gob.ec\/ambiente\/wp-content\/uploads\/sites\/2\/2013\/07\/MG_1514-150x150.jpg\" class=\"attachment-thumbnail size-thumbnail\" alt=\"\" \/><\/a>\n\t\t\t<\/dt><\/dl><dl class='gallery-item'>\n\t\t\t<dt class='gallery-icon landscape'>\n\t\t\t\t<a href='https:\/\/www.ambienteyenergia.gob.ec\/ambiente\/hoy-se-inauguro-el-ii-congreso-nacional-de-areas-protegidas\/_mg_1519\/'><img loading=\"lazy\" decoding=\"async\" width=\"150\" height=\"150\" src=\"https:\/\/www.ambienteyenergia.gob.ec\/ambiente\/wp-content\/uploads\/sites\/2\/2013\/07\/MG_1519-150x150.jpg\" class=\"attachment-thumbnail size-thumbnail\" alt=\"\" \/><\/a>\n\t\t\t<\/dt><\/dl><dl class='gallery-item'>\n\t\t\t<dt class='gallery-icon landscape'>\n\t\t\t\t<a href='https:\/\/www.ambienteyenergia.gob.ec\/ambiente\/hoy-se-inauguro-el-ii-congreso-nacional-de-areas-protegidas\/_mg_1524\/'><img loading=\"lazy\" decoding=\"async\" width=\"150\" height=\"150\" src=\"https:\/\/www.ambienteyenergia.gob.ec\/ambiente\/wp-content\/uploads\/sites\/2\/2013\/07\/MG_1524-150x150.jpg\" class=\"attachment-thumbnail size-thumbnail\" alt=\"\" \/><\/a>\n\t\t\t<\/dt><\/dl><dl class='gallery-item'>\n\t\t\t<dt class='gallery-icon landscape'>\n\t\t\t\t<a href='https:\/\/www.ambienteyenergia.gob.ec\/ambiente\/hoy-se-inauguro-el-ii-congreso-nacional-de-areas-protegidas\/_mg_1537\/'><img loading=\"lazy\" decoding=\"async\" width=\"150\" height=\"150\" src=\"https:\/\/www.ambienteyenergia.gob.ec\/ambiente\/wp-content\/uploads\/sites\/2\/2013\/07\/MG_1537-150x150.jpg\" class=\"attachment-thumbnail size-thumbnail\" alt=\"\" \/><\/a>\n\t\t\t<\/dt><\/dl><br style=\"clear: both\" \/><dl class='gallery-item'>\n\t\t\t<dt class='gallery-icon landscape'>\n\t\t\t\t<a href='https:\/\/www.ambienteyenergia.gob.ec\/ambiente\/hoy-se-inauguro-el-ii-congreso-nacional-de-areas-protegidas\/_mg_1554\/'><img loading=\"lazy\" decoding=\"async\" width=\"150\" height=\"150\" src=\"https:\/\/www.ambienteyenergia.gob.ec\/ambiente\/wp-content\/uploads\/sites\/2\/2013\/07\/MG_1554-150x150.jpg\" class=\"attachment-thumbnail size-thumbnail\" alt=\"\" \/><\/a>\n\t\t\t<\/dt><\/dl><dl class='gallery-item'>\n\t\t\t<dt class='gallery-icon landscape'>\n\t\t\t\t<a href='https:\/\/www.ambienteyenergia.gob.ec\/ambiente\/hoy-se-inauguro-el-ii-congreso-nacional-de-areas-protegidas\/_mg_1595\/'><img loading=\"lazy\" decoding=\"async\" width=\"150\" height=\"150\" src=\"https:\/\/www.ambienteyenergia.gob.ec\/ambiente\/wp-content\/uploads\/sites\/2\/2013\/07\/MG_1595-150x150.jpg\" class=\"attachment-thumbnail size-thumbnail\" alt=\"\" \/><\/a>\n\t\t\t<\/dt><\/dl><dl class='gallery-item'>\n\t\t\t<dt class='gallery-icon landscape'>\n\t\t\t\t<a href='https:\/\/www.ambienteyenergia.gob.ec\/ambiente\/hoy-se-inauguro-el-ii-congreso-nacional-de-areas-protegidas\/_mg_1608\/'><img loading=\"lazy\" decoding=\"async\" width=\"150\" height=\"150\" src=\"https:\/\/www.ambienteyenergia.gob.ec\/ambiente\/wp-content\/uploads\/sites\/2\/2013\/07\/MG_1608-150x150.jpg\" class=\"attachment-thumbnail size-thumbnail\" alt=\"\" \/><\/a>\n\t\t\t<\/dt><\/dl><dl class='gallery-item'>\n\t\t\t<dt class='gallery-icon landscape'>\n\t\t\t\t<a href='https:\/\/www.ambienteyenergia.gob.ec\/ambiente\/hoy-se-inauguro-el-ii-congreso-nacional-de-areas-protegidas\/_mg_1642\/'><img loading=\"lazy\" decoding=\"async\" width=\"150\" height=\"150\" src=\"https:\/\/www.ambienteyenergia.gob.ec\/ambiente\/wp-content\/uploads\/sites\/2\/2013\/07\/MG_1642-150x150.jpg\" class=\"attachment-thumbnail size-thumbnail\" alt=\"\" \/><\/a>\n\t\t\t<\/dt><\/dl><br style=\"clear: both\" \/><dl class='gallery-item'>\n\t\t\t<dt class='gallery-icon landscape'>\n\t\t\t\t<a href='https:\/\/www.ambienteyenergia.gob.ec\/ambiente\/hoy-se-inauguro-el-ii-congreso-nacional-de-areas-protegidas\/_mg_1650\/'><img loading=\"lazy\" decoding=\"async\" width=\"150\" height=\"150\" src=\"https:\/\/www.ambienteyenergia.gob.ec\/ambiente\/wp-content\/uploads\/sites\/2\/2013\/07\/MG_1650-150x150.jpg\" class=\"attachment-thumbnail size-thumbnail\" alt=\"\" \/><\/a>\n\t\t\t<\/dt><\/dl>\n\t\t\t<br style='clear: both' \/>\n\t\t<\/div>\n\n","protected":false},"excerpt":{"rendered":"<p class=\"excerpt\">Con la finalidad de revisar los avances alcanzados en materia de gesti\u00f3n de conservaci\u00f3n y manejo sostenible de la biodiversidad de las 49 \u00c1reas Protegidas (AP), como recurso estrat\u00e9gico de desarrollo del Ecuador, el Ministerio del Ambiente (MAE), en colaboraci\u00f3n con\u00a0 PNUD, GEF, Fondo Ambiental Nacional, GIZ Y KFW, inaugur\u00f3 el II Congreso Nacional de \u00c1reas Protegidas. Este congreso, que&hellip; <a href=\"https:\/\/www.ambienteyenergia.gob.ec\/ambiente\/hoy-se-inauguro-el-ii-congreso-nacional-de-areas-protegidas\/\">Read more &rarr;<\/a><\/p>\n","protected":false},"author":13,"featured_media":13594,"comment_status":"open","ping_status":"open","sticky":false,"template":"","format":"standard","meta":{"footnotes":""},"categories":[16,4,10],"tags":[],"class_list":["post-13587","post","type-post","status-publish","format-standard","has-post-thumbnail","hentry","category-comunicamos","category-noticias","category-noticias-destacadas","xfolkentry"],"_links":{"self":[{"href":"https:\/\/www.ambienteyenergia.gob.ec\/ambiente\/wp-json\/wp\/v2\/posts\/13587","targetHints":{"allow":["GET"]}}],"collection":[{"href":"https:\/\/www.ambienteyenergia.gob.ec\/ambiente\/wp-json\/wp\/v2\/posts"}],"about":[{"href":"https:\/\/www.ambienteyenergia.gob.ec\/ambiente\/wp-json\/wp\/v2\/types\/post"}],"author":[{"embeddable":true,"href":"https:\/\/www.ambienteyenergia.gob.ec\/ambiente\/wp-json\/wp\/v2\/users\/13"}],"replies":[{"embeddable":true,"href":"https:\/\/www.ambienteyenergia.gob.ec\/ambiente\/wp-json\/wp\/v2\/comments?post=13587"}],"version-history":[{"count":0,"href":"https:\/\/www.ambienteyenergia.gob.ec\/ambiente\/wp-json\/wp\/v2\/posts\/13587\/revisions"}],"wp:featuredmedia":[{"embeddable":true,"href":"https:\/\/www.ambienteyenergia.gob.ec\/ambiente\/wp-json\/wp\/v2\/media\/13594"}],"wp:attachment":[{"href":"https:\/\/www.ambienteyenergia.gob.ec\/ambiente\/wp-json\/wp\/v2\/media?parent=13587"}],"wp:term":[{"taxonomy":"category","embeddable":true,"href":"https:\/\/www.ambienteyenergia.gob.ec\/ambiente\/wp-json\/wp\/v2\/categories?post=13587"},{"taxonomy":"post_tag","embeddable":true,"href":"https:\/\/www.ambienteyenergia.gob.ec\/ambiente\/wp-json\/wp\/v2\/tags?post=13587"}],"curies":[{"name":"wp","href":"https:\/\/api.w.org\/{rel}","templated":true}]}}