{"id":13573,"date":"2013-07-29T10:34:06","date_gmt":"2013-07-29T15:34:06","guid":{"rendered":"http:\/\/www.ambiente.gob.ec\/?p=13573"},"modified":"2013-07-29T10:34:06","modified_gmt":"2013-07-29T15:34:06","slug":"socializacion-para-prevenir-incendios-forestales-en-chimborazo","status":"publish","type":"post","link":"https:\/\/www.ambienteyenergia.gob.ec\/ambiente\/socializacion-para-prevenir-incendios-forestales-en-chimborazo\/","title":{"rendered":"Socializaci\u00f3n para prevenir incendios forestales en Chimborazo"},"content":{"rendered":"<p style=\"text-align: justify;\">El Ministerio del Ambiente (MAE), el pasado 26 de julio, realiz\u00f3 una socializaci\u00f3n sobre la prevenci\u00f3n de incendios forestales, con la finalidad de capacitar a la poblaci\u00f3n de los sectores m\u00e1s vulnerables frente a esta problem\u00e1tica ambiental. Al taller asistieron m\u00e1s de 150 personas de la comunidad de <em>Galte Jatun Loma<\/em><em>, <\/em>provincia de Chimborazo.<\/p>\n<p style=\"text-align: justify;\">Personal t\u00e9cnico del MAE incentiv\u00f3 a los presentes en el cuidado de los p\u00e1ramos y gener\u00f3 el compromiso de protecci\u00f3n de estos importantes ecosistemas.<\/p>\n<p style=\"text-align: justify;\">Milton Ordo\u00f1ez, funcionario de la Unidad de Direcci\u00f3n Nacional Forestal del MAE, enfatiz\u00f3 la importancia del programa de prevenci\u00f3n de incendios forestales en las comunidades. \u201cEste es un lugar estrat\u00e9gico donde podemos desarrollar actividades de manejo y conservaci\u00f3n de los recursos naturales\u201d, afirm\u00f3.<\/p>\n<p style=\"text-align: justify;\">Por otro lado German Daquilema, representante de este sector, agradeci\u00f3 esta importante iniciativa del MAE y motiv\u00f3 a sus pares a difundir los conocimientos adquiridos durante la capacitaci\u00f3n. Adem\u00e1s, se comprometi\u00f3 en el trabajo mancomunado y a la lucha diaria para evitar posibles flagelos en la comunidad. \u201cLas 1 200 personas que habitan en <em>Galte Jatun Loma<\/em> se sienten gustosas de trabajar en proyectos como estos\u201d, coment\u00f3.<\/p>\n<p style=\"text-align: justify;\"><div id='gallery-1' class='gallery galleryid-13573 gallery-columns-4 gallery-size-thumbnail'><dl class='gallery-item'>\n\t\t\t<dt class='gallery-icon landscape'>\n\t\t\t\t<a href='https:\/\/www.ambienteyenergia.gob.ec\/ambiente\/socializacion-para-prevenir-incendios-forestales-en-chimborazo\/dsc00956\/'><img loading=\"lazy\" decoding=\"async\" width=\"150\" height=\"150\" src=\"https:\/\/www.ambienteyenergia.gob.ec\/ambiente\/wp-content\/uploads\/sites\/2\/2013\/07\/DSC00956-150x150.jpg\" class=\"attachment-thumbnail size-thumbnail\" alt=\"\" \/><\/a>\n\t\t\t<\/dt><\/dl><dl class='gallery-item'>\n\t\t\t<dt class='gallery-icon landscape'>\n\t\t\t\t<a href='https:\/\/www.ambienteyenergia.gob.ec\/ambiente\/socializacion-para-prevenir-incendios-forestales-en-chimborazo\/dsc00974\/'><img loading=\"lazy\" decoding=\"async\" width=\"150\" height=\"150\" src=\"https:\/\/www.ambienteyenergia.gob.ec\/ambiente\/wp-content\/uploads\/sites\/2\/2013\/07\/DSC00974-150x150.jpg\" class=\"attachment-thumbnail size-thumbnail\" alt=\"\" \/><\/a>\n\t\t\t<\/dt><\/dl><dl class='gallery-item'>\n\t\t\t<dt class='gallery-icon landscape'>\n\t\t\t\t<a href='https:\/\/www.ambienteyenergia.gob.ec\/ambiente\/socializacion-para-prevenir-incendios-forestales-en-chimborazo\/dsc00996\/'><img loading=\"lazy\" decoding=\"async\" width=\"150\" height=\"150\" src=\"https:\/\/www.ambienteyenergia.gob.ec\/ambiente\/wp-content\/uploads\/sites\/2\/2013\/07\/DSC00996-150x150.jpg\" class=\"attachment-thumbnail size-thumbnail\" alt=\"\" \/><\/a>\n\t\t\t<\/dt><\/dl><dl class='gallery-item'>\n\t\t\t<dt class='gallery-icon landscape'>\n\t\t\t\t<a href='https:\/\/www.ambienteyenergia.gob.ec\/ambiente\/socializacion-para-prevenir-incendios-forestales-en-chimborazo\/dsc00997\/'><img loading=\"lazy\" decoding=\"async\" width=\"150\" height=\"150\" src=\"https:\/\/www.ambienteyenergia.gob.ec\/ambiente\/wp-content\/uploads\/sites\/2\/2013\/07\/DSC00997-150x150.jpg\" class=\"attachment-thumbnail size-thumbnail\" alt=\"\" \/><\/a>\n\t\t\t<\/dt><\/dl><br style=\"clear: both\" \/><dl class='gallery-item'>\n\t\t\t<dt class='gallery-icon landscape'>\n\t\t\t\t<a href='https:\/\/www.ambienteyenergia.gob.ec\/ambiente\/socializacion-para-prevenir-incendios-forestales-en-chimborazo\/dsc00998\/'><img loading=\"lazy\" decoding=\"async\" width=\"150\" height=\"150\" src=\"https:\/\/www.ambienteyenergia.gob.ec\/ambiente\/wp-content\/uploads\/sites\/2\/2013\/07\/DSC00998-150x150.jpg\" class=\"attachment-thumbnail size-thumbnail\" alt=\"\" \/><\/a>\n\t\t\t<\/dt><\/dl>\n\t\t\t<br style='clear: both' \/>\n\t\t<\/div>\n<\/p>\n<p style=\"text-align: justify;\">\n","protected":false},"excerpt":{"rendered":"<p class=\"excerpt\">El Ministerio del Ambiente (MAE), el pasado 26 de julio, realiz\u00f3 una socializaci\u00f3n sobre la prevenci\u00f3n de incendios forestales, con la finalidad de capacitar a la poblaci\u00f3n de los sectores m\u00e1s vulnerables frente a esta problem\u00e1tica ambiental. Al taller asistieron m\u00e1s de 150 personas de la comunidad de Galte Jatun Loma, provincia de Chimborazo. Personal t\u00e9cnico del MAE incentiv\u00f3 a&hellip; <a href=\"https:\/\/www.ambienteyenergia.gob.ec\/ambiente\/socializacion-para-prevenir-incendios-forestales-en-chimborazo\/\">Read more &rarr;<\/a><\/p>\n","protected":false},"author":13,"featured_media":13578,"comment_status":"open","ping_status":"open","sticky":false,"template":"","format":"standard","meta":{"footnotes":""},"categories":[16,4],"tags":[],"class_list":["post-13573","post","type-post","status-publish","format-standard","has-post-thumbnail","hentry","category-comunicamos","category-noticias","xfolkentry"],"_links":{"self":[{"href":"https:\/\/www.ambienteyenergia.gob.ec\/ambiente\/wp-json\/wp\/v2\/posts\/13573","targetHints":{"allow":["GET"]}}],"collection":[{"href":"https:\/\/www.ambienteyenergia.gob.ec\/ambiente\/wp-json\/wp\/v2\/posts"}],"about":[{"href":"https:\/\/www.ambienteyenergia.gob.ec\/ambiente\/wp-json\/wp\/v2\/types\/post"}],"author":[{"embeddable":true,"href":"https:\/\/www.ambienteyenergia.gob.ec\/ambiente\/wp-json\/wp\/v2\/users\/13"}],"replies":[{"embeddable":true,"href":"https:\/\/www.ambienteyenergia.gob.ec\/ambiente\/wp-json\/wp\/v2\/comments?post=13573"}],"version-history":[{"count":0,"href":"https:\/\/www.ambienteyenergia.gob.ec\/ambiente\/wp-json\/wp\/v2\/posts\/13573\/revisions"}],"wp:featuredmedia":[{"embeddable":true,"href":"https:\/\/www.ambienteyenergia.gob.ec\/ambiente\/wp-json\/wp\/v2\/media\/13578"}],"wp:attachment":[{"href":"https:\/\/www.ambienteyenergia.gob.ec\/ambiente\/wp-json\/wp\/v2\/media?parent=13573"}],"wp:term":[{"taxonomy":"category","embeddable":true,"href":"https:\/\/www.ambienteyenergia.gob.ec\/ambiente\/wp-json\/wp\/v2\/categories?post=13573"},{"taxonomy":"post_tag","embeddable":true,"href":"https:\/\/www.ambienteyenergia.gob.ec\/ambiente\/wp-json\/wp\/v2\/tags?post=13573"}],"curies":[{"name":"wp","href":"https:\/\/api.w.org\/{rel}","templated":true}]}}