{"id":13549,"date":"2013-07-27T15:21:41","date_gmt":"2013-07-27T20:21:41","guid":{"rendered":"http:\/\/www.ambiente.gob.ec\/?p=13549"},"modified":"2013-07-27T15:51:23","modified_gmt":"2013-07-27T20:51:23","slug":"mae-rescata-osezno-de-anteojos-en-cotopaxi","status":"publish","type":"post","link":"https:\/\/www.ambienteyenergia.gob.ec\/ambiente\/mae-rescata-osezno-de-anteojos-en-cotopaxi\/","title":{"rendered":"MAE rescata osezno de anteojos en Cotopaxi"},"content":{"rendered":"<p style=\"text-align: justify;\"><span style=\"font-family: 'Helvetica Neue', Helvetica, Arial, 'Nimbus Sans L', sans-serif;\">El Ministerio del Ambiente (MAE)\u00a0rescat\u00f3\u00a0ayer,\u00a0un osezno de anteojos\u00a0(Tremarctos\u00a0ornatus)\u00a0en el sector de Pucayacu, cant\u00f3n La Man\u00e1, provincia de Cotopaxi.\u00a0El objetivo principal de este operativo\u00a0de control de fauna silvestre\u00a0fue\u00a0resguardar al<\/span><span style=\"font-family: 'Helvetica Neue', Helvetica, Arial, 'Nimbus Sans L', sans-serif;\"> animal\u00a0y movilizarlo\u00a0a una cl\u00ednica\u00a0veterinaria,\u00a0donde reciba\u00a0atenci\u00f3n especializada.<\/span><\/p>\n<p style=\"text-align: justify;\"><span style=\"font-family: 'Helvetica Neue', Helvetica, Arial, 'Nimbus Sans L', sans-serif;\">El\u00a0peque\u00f1o mam\u00edfero\u00a0fue encontrado\u00a0el pasado 25 de julio,\u00a0por funcionarios de una instituci\u00f3n p\u00fablica\u00a0mientras realizaban sus actividades rutinarias. Inmediatamente, informaron a trav\u00e9s de las redes sociales\u00a0a\u00a0la Fundaci\u00f3n Oso Andino, quienes se\u00a0desplazaron\u00a0r\u00e1pidamente al lugar para verificar la presencia del oso.\u00a0Pero al no contar con los respectivos permisos de movilizaci\u00f3n de fauna silvestre, comunican al MAE para que como principal Autoridad Ambiental\u00a0facilite el traslado\u00a0del animal. Representantes del MAE, luego de examinarlo,\u00a0llevaron\u00a0al esp\u00e9cimen\u00a0a la Cl\u00ednica Planeta Vida, ubicada\u00a0en Latacunga,\u00a0donde recibi\u00f3 atenci\u00f3n especializada del m\u00e9dico veterinario\u00a0Diego Medina. \u00a0<\/span><\/p>\n<p style=\"text-align: justify;\"><span style=\"font-family: 'Helvetica Neue', Helvetica, Arial, 'Nimbus Sans L', sans-serif;\">Actualmente, el osezno est\u00e1 recibiendo atenci\u00f3n\u00a0m\u00e9dica personalizada.\u00a0Sus par\u00e1metros fisiol\u00f3gicos est\u00e1n en proceso de estabilizaci\u00f3n\u00a0gracias a\u00a0los protocolos m\u00e9dicos administrados por la Cl\u00ednica\u00a0Planeta Vida.\u00a0El apetito del esp\u00e9cimen\u00a0aument\u00f3\u00a0en un 300% frente al estado de apetito con el que ingres\u00f3\u00a0al centro de salud.<\/span><\/p>\n<p style=\"text-align: justify;\"><span style=\"font-family: 'Helvetica Neue', Helvetica, Arial, 'Nimbus Sans L', sans-serif;\">Una vez que el MAE reciba el reporte\u00a0favorable del estado de salud del esp\u00e9cimen, realizar\u00e1 el tr\u00e1mite respectivo para el traslado hacia un\u00a0centro de tenencia y manejo de fauna silvestre autorizado.<\/span><\/p>\n<p>&nbsp;<\/p>\n","protected":false},"excerpt":{"rendered":"<p class=\"excerpt\">El Ministerio del Ambiente (MAE)\u00a0rescat\u00f3\u00a0ayer,\u00a0un osezno de anteojos\u00a0(Tremarctos\u00a0ornatus)\u00a0en el sector de Pucayacu, cant\u00f3n La Man\u00e1, provincia de Cotopaxi.\u00a0El objetivo principal de este operativo\u00a0de control de fauna silvestre\u00a0fue\u00a0resguardar al animal\u00a0y movilizarlo\u00a0a una cl\u00ednica\u00a0veterinaria,\u00a0donde reciba\u00a0atenci\u00f3n especializada. El\u00a0peque\u00f1o mam\u00edfero\u00a0fue encontrado\u00a0el pasado 25 de julio,\u00a0por funcionarios de una instituci\u00f3n p\u00fablica\u00a0mientras realizaban sus actividades rutinarias. Inmediatamente, informaron a trav\u00e9s de las redes sociales\u00a0a\u00a0la Fundaci\u00f3n Oso&hellip; <a href=\"https:\/\/www.ambienteyenergia.gob.ec\/ambiente\/mae-rescata-osezno-de-anteojos-en-cotopaxi\/\">Read more &rarr;<\/a><\/p>\n","protected":false},"author":13,"featured_media":13560,"comment_status":"open","ping_status":"open","sticky":false,"template":"","format":"standard","meta":{"footnotes":""},"categories":[16,4,1],"tags":[108,53,330,224,331],"class_list":["post-13549","post","type-post","status-publish","format-standard","has-post-thumbnail","hentry","category-comunicamos","category-noticias","category-sin-categoria","tag-lorena-tapia","tag-mae","tag-osezno","tag-rescate","tag-vida-silvesre","xfolkentry"],"_links":{"self":[{"href":"https:\/\/www.ambienteyenergia.gob.ec\/ambiente\/wp-json\/wp\/v2\/posts\/13549","targetHints":{"allow":["GET"]}}],"collection":[{"href":"https:\/\/www.ambienteyenergia.gob.ec\/ambiente\/wp-json\/wp\/v2\/posts"}],"about":[{"href":"https:\/\/www.ambienteyenergia.gob.ec\/ambiente\/wp-json\/wp\/v2\/types\/post"}],"author":[{"embeddable":true,"href":"https:\/\/www.ambienteyenergia.gob.ec\/ambiente\/wp-json\/wp\/v2\/users\/13"}],"replies":[{"embeddable":true,"href":"https:\/\/www.ambienteyenergia.gob.ec\/ambiente\/wp-json\/wp\/v2\/comments?post=13549"}],"version-history":[{"count":0,"href":"https:\/\/www.ambienteyenergia.gob.ec\/ambiente\/wp-json\/wp\/v2\/posts\/13549\/revisions"}],"wp:featuredmedia":[{"embeddable":true,"href":"https:\/\/www.ambienteyenergia.gob.ec\/ambiente\/wp-json\/wp\/v2\/media\/13560"}],"wp:attachment":[{"href":"https:\/\/www.ambienteyenergia.gob.ec\/ambiente\/wp-json\/wp\/v2\/media?parent=13549"}],"wp:term":[{"taxonomy":"category","embeddable":true,"href":"https:\/\/www.ambienteyenergia.gob.ec\/ambiente\/wp-json\/wp\/v2\/categories?post=13549"},{"taxonomy":"post_tag","embeddable":true,"href":"https:\/\/www.ambienteyenergia.gob.ec\/ambiente\/wp-json\/wp\/v2\/tags?post=13549"}],"curies":[{"name":"wp","href":"https:\/\/api.w.org\/{rel}","templated":true}]}}