{"id":13529,"date":"2013-07-26T16:57:57","date_gmt":"2013-07-26T21:57:57","guid":{"rendered":"http:\/\/www.ambiente.gob.ec\/?p=13529"},"modified":"2013-07-27T09:10:45","modified_gmt":"2013-07-27T14:10:45","slug":"mae-rescata-31-especimenes-de-vida-silvestre-en-orellana","status":"publish","type":"post","link":"https:\/\/www.ambienteyenergia.gob.ec\/ambiente\/mae-rescata-31-especimenes-de-vida-silvestre-en-orellana\/","title":{"rendered":"MAE rescata 31 espec\u00edmenes de vida silvestre en Orellana"},"content":{"rendered":"<p align=\"JUSTIFY\"><span style=\"font-size: medium;\">El Ministerio del Ambiente (MAE), el pasado 24 de julio, en coordinaci\u00f3n con la Unidad de Protecci\u00f3n del Medio Ambiente (UPMA), decomis\u00f3 31 espec\u00edmenes de fauna silvestre, que se encontraban en cautiverio en el Centro Recreacional Brisas del Napo, ubicado en el Cant\u00f3n Joya de los Sachas, provincia de Orellana.<\/span><\/p>\n<p align=\"JUSTIFY\"><span style=\"font-size: medium;\">En el Operativo se confiscaron seis Guantas (<\/span><span style=\"font-size: medium;\"><em>Cuniculus paca<\/em><\/span><span style=\"font-size: medium;\">), dos Guanganas (<\/span><span style=\"font-size: medium;\"><em>Tayassu pecari<\/em><\/span><span style=\"font-size: medium;\">), seis Guatusas (<\/span><span style=\"font-size: medium;\"><em>Dasyprocta fuliginosa<\/em><\/span><span style=\"font-size: medium;\">), 16 tortugas Motelo (<\/span><span style=\"font-size: medium;\"><em>Chelonoidis denticulata<\/em><\/span><span style=\"font-size: medium;\">) y una Boa (<\/span><span style=\"font-size: medium;\"><em>Boa constrictor<\/em><\/span><span style=\"font-size: medium;\">). Los animales estaban en condiciones de hacinamiento e insalubridad y algunos de ellos presentaban cuadros de desnutrici\u00f3n.<\/span><\/p>\n<p align=\"JUSTIFY\"><span style=\"font-size: medium;\">Funcionarios del MAE asistieron a los animales y los trasladaron inmediatamente al Zool\u00f3gico Coca Zoo. All\u00ed, se los examinar\u00e1 y permanecer\u00e1n en cuarentena, hasta determinar si es conveniente devolverlos a su h\u00e1bitat natural. Por las condiciones en las que estaban los animales, se prev\u00e9 pueden estar contaminados con microorganismos.<\/span><\/p>\n<p align=\"JUSTIFY\"><span style=\"font-size: medium;\">Por otro lado, el propietario del bien inmueble donde se realiz\u00f3 el operativo, no ten\u00eda documentos que le permitan la tenencia de vida silvestre, por lo que se procedi\u00f3 con el decomiso. Esta acci\u00f3n est\u00e1 amparada en la Ley forestal y de conservaci\u00f3n de \u00e1reas naturales y vida silvestre, contemplados en el Libro IV del Texto Unificado de Legislaci\u00f3n Ambiental Secundaria (TULAS) y en el C\u00f3digo Penal.<\/span><\/p>\n<p align=\"JUSTIFY\"><span style=\"font-size: medium;\"><strong>El Dato<\/strong><\/span><\/p>\n<p align=\"JUSTIFY\"><span style=\"font-size: medium;\">En la Provincia de Orellana estos animales frecuentemente son cazados para comercializar su carne y tenerlos como mascotas. De estas especies, la guanagana (<\/span><span style=\"font-size: medium;\"><em>Tayassu pecari<\/em><\/span><span style=\"font-size: medium;\">) <\/span><span style=\"font-size: medium;\">se encuentra el categor\u00eda de Vulnerable (VU), seg\u00fan\u00a0la Uni\u00f3n Internacional para la Conservaci\u00f3n de la Naturaleza (IUCN, por sus siglas en ingl\u00e9s)\u00a0y en el Ecuador est\u00e1 catalogado En Peligro (EN)<\/span><span style=\"font-size: medium;\">.<\/span><\/p>\n<div id='gallery-1' class='gallery galleryid-13529 gallery-columns-4 gallery-size-thumbnail'><dl class='gallery-item'>\n\t\t\t<dt class='gallery-icon landscape'>\n\t\t\t\t<a href='https:\/\/www.ambienteyenergia.gob.ec\/ambiente\/mae-rescata-31-especimenes-de-vida-silvestre-en-orellana\/cautiverio-de-las-guanganas\/'><img loading=\"lazy\" decoding=\"async\" width=\"150\" height=\"150\" src=\"https:\/\/www.ambienteyenergia.gob.ec\/ambiente\/wp-content\/uploads\/sites\/2\/2013\/07\/Cautiverio-de-las-Guanganas-150x150.jpg\" class=\"attachment-thumbnail size-thumbnail\" alt=\"\" \/><\/a>\n\t\t\t<\/dt><\/dl><dl class='gallery-item'>\n\t\t\t<dt class='gallery-icon landscape'>\n\t\t\t\t<a href='https:\/\/www.ambienteyenergia.gob.ec\/ambiente\/mae-rescata-31-especimenes-de-vida-silvestre-en-orellana\/cautiverio-de-las-tortugas\/'><img loading=\"lazy\" decoding=\"async\" width=\"150\" height=\"150\" src=\"https:\/\/www.ambienteyenergia.gob.ec\/ambiente\/wp-content\/uploads\/sites\/2\/2013\/07\/Cautiverio-de-las-Tortugas-150x150.jpg\" class=\"attachment-thumbnail size-thumbnail\" alt=\"\" \/><\/a>\n\t\t\t<\/dt><\/dl><dl class='gallery-item'>\n\t\t\t<dt class='gallery-icon landscape'>\n\t\t\t\t<a href='https:\/\/www.ambienteyenergia.gob.ec\/ambiente\/mae-rescata-31-especimenes-de-vida-silvestre-en-orellana\/cautiverios-de-las-guatusas\/'><img loading=\"lazy\" decoding=\"async\" width=\"150\" height=\"150\" src=\"https:\/\/www.ambienteyenergia.gob.ec\/ambiente\/wp-content\/uploads\/sites\/2\/2013\/07\/Cautiverios-de-las-Guatusas-150x150.jpg\" class=\"attachment-thumbnail size-thumbnail\" alt=\"\" \/><\/a>\n\t\t\t<\/dt><\/dl><dl class='gallery-item'>\n\t\t\t<dt class='gallery-icon landscape'>\n\t\t\t\t<a href='https:\/\/www.ambienteyenergia.gob.ec\/ambiente\/mae-rescata-31-especimenes-de-vida-silvestre-en-orellana\/corral-de-las-guanganas\/'><img loading=\"lazy\" decoding=\"async\" width=\"150\" height=\"150\" src=\"https:\/\/www.ambienteyenergia.gob.ec\/ambiente\/wp-content\/uploads\/sites\/2\/2013\/07\/Corral-de-las-Guanganas-150x150.jpg\" class=\"attachment-thumbnail size-thumbnail\" alt=\"\" \/><\/a>\n\t\t\t<\/dt><\/dl><br style=\"clear: both\" \/><dl class='gallery-item'>\n\t\t\t<dt class='gallery-icon landscape'>\n\t\t\t\t<a href='https:\/\/www.ambienteyenergia.gob.ec\/ambiente\/mae-rescata-31-especimenes-de-vida-silvestre-en-orellana\/decomiso-de-la-boa\/'><img loading=\"lazy\" decoding=\"async\" width=\"150\" height=\"150\" src=\"https:\/\/www.ambienteyenergia.gob.ec\/ambiente\/wp-content\/uploads\/sites\/2\/2013\/07\/Decomiso-de-la-boa-150x150.jpg\" class=\"attachment-thumbnail size-thumbnail\" alt=\"\" \/><\/a>\n\t\t\t<\/dt><\/dl><dl class='gallery-item'>\n\t\t\t<dt class='gallery-icon landscape'>\n\t\t\t\t<a href='https:\/\/www.ambienteyenergia.gob.ec\/ambiente\/mae-rescata-31-especimenes-de-vida-silvestre-en-orellana\/decomiso-de-las-guanganas\/'><img loading=\"lazy\" decoding=\"async\" width=\"150\" height=\"150\" src=\"https:\/\/www.ambienteyenergia.gob.ec\/ambiente\/wp-content\/uploads\/sites\/2\/2013\/07\/Decomiso-de-las-Guanganas-150x150.jpg\" class=\"attachment-thumbnail size-thumbnail\" alt=\"\" \/><\/a>\n\t\t\t<\/dt><\/dl><dl class='gallery-item'>\n\t\t\t<dt class='gallery-icon landscape'>\n\t\t\t\t<a href='https:\/\/www.ambienteyenergia.gob.ec\/ambiente\/mae-rescata-31-especimenes-de-vida-silvestre-en-orellana\/decomiso-de-las-tortugas\/'><img loading=\"lazy\" decoding=\"async\" width=\"150\" height=\"150\" src=\"https:\/\/www.ambienteyenergia.gob.ec\/ambiente\/wp-content\/uploads\/sites\/2\/2013\/07\/Decomiso-de-las-Tortugas-150x150.jpg\" class=\"attachment-thumbnail size-thumbnail\" alt=\"\" \/><\/a>\n\t\t\t<\/dt><\/dl><dl class='gallery-item'>\n\t\t\t<dt class='gallery-icon landscape'>\n\t\t\t\t<a href='https:\/\/www.ambienteyenergia.gob.ec\/ambiente\/mae-rescata-31-especimenes-de-vida-silvestre-en-orellana\/encierro-de-las-guatusas\/'><img loading=\"lazy\" decoding=\"async\" width=\"150\" height=\"150\" src=\"https:\/\/www.ambienteyenergia.gob.ec\/ambiente\/wp-content\/uploads\/sites\/2\/2013\/07\/Encierro-de-las-Guatusas-150x150.jpg\" class=\"attachment-thumbnail size-thumbnail\" alt=\"\" \/><\/a>\n\t\t\t<\/dt><\/dl><br style=\"clear: both\" \/><dl class='gallery-item'>\n\t\t\t<dt class='gallery-icon landscape'>\n\t\t\t\t<a href='https:\/\/www.ambienteyenergia.gob.ec\/ambiente\/mae-rescata-31-especimenes-de-vida-silvestre-en-orellana\/encierro-donde-se-encontraron-las-guatusas\/'><img loading=\"lazy\" decoding=\"async\" width=\"150\" height=\"150\" src=\"https:\/\/www.ambienteyenergia.gob.ec\/ambiente\/wp-content\/uploads\/sites\/2\/2013\/07\/Encierro-donde-se-Encontraron-las-Guatusas-150x150.jpg\" class=\"attachment-thumbnail size-thumbnail\" alt=\"\" \/><\/a>\n\t\t\t<\/dt><\/dl><dl class='gallery-item'>\n\t\t\t<dt class='gallery-icon landscape'>\n\t\t\t\t<a href='https:\/\/www.ambienteyenergia.gob.ec\/ambiente\/mae-rescata-31-especimenes-de-vida-silvestre-en-orellana\/guanganas\/'><img loading=\"lazy\" decoding=\"async\" width=\"150\" height=\"150\" src=\"https:\/\/www.ambienteyenergia.gob.ec\/ambiente\/wp-content\/uploads\/sites\/2\/2013\/07\/Guanganas-150x150.jpg\" class=\"attachment-thumbnail size-thumbnail\" alt=\"\" \/><\/a>\n\t\t\t<\/dt><\/dl><dl class='gallery-item'>\n\t\t\t<dt class='gallery-icon landscape'>\n\t\t\t\t<a href='https:\/\/www.ambienteyenergia.gob.ec\/ambiente\/mae-rescata-31-especimenes-de-vida-silvestre-en-orellana\/jaulas-donde-se-encontraron-las-guantas-y-las-tortugas\/'><img loading=\"lazy\" decoding=\"async\" width=\"150\" height=\"150\" src=\"https:\/\/www.ambienteyenergia.gob.ec\/ambiente\/wp-content\/uploads\/sites\/2\/2013\/07\/Jaulas-donde-se-encontraron-las-Guantas-y-las-Tortugas-150x150.jpg\" class=\"attachment-thumbnail size-thumbnail\" alt=\"\" \/><\/a>\n\t\t\t<\/dt><\/dl><dl class='gallery-item'>\n\t\t\t<dt class='gallery-icon landscape'>\n\t\t\t\t<a href='https:\/\/www.ambienteyenergia.gob.ec\/ambiente\/mae-rescata-31-especimenes-de-vida-silvestre-en-orellana\/traslado-de-las-guanganas\/'><img loading=\"lazy\" decoding=\"async\" width=\"150\" height=\"150\" src=\"https:\/\/www.ambienteyenergia.gob.ec\/ambiente\/wp-content\/uploads\/sites\/2\/2013\/07\/Traslado-de-las-Guanganas-150x150.jpg\" class=\"attachment-thumbnail size-thumbnail\" alt=\"\" \/><\/a>\n\t\t\t<\/dt><\/dl><br style=\"clear: both\" \/><dl class='gallery-item'>\n\t\t\t<dt class='gallery-icon landscape'>\n\t\t\t\t<a href='https:\/\/www.ambienteyenergia.gob.ec\/ambiente\/mae-rescata-31-especimenes-de-vida-silvestre-en-orellana\/traslado-de-las-tortugas-motelos\/'><img loading=\"lazy\" decoding=\"async\" width=\"150\" height=\"150\" src=\"https:\/\/www.ambienteyenergia.gob.ec\/ambiente\/wp-content\/uploads\/sites\/2\/2013\/07\/Traslado-de-las-Tortugas-Motelos-150x150.jpg\" class=\"attachment-thumbnail size-thumbnail\" alt=\"\" \/><\/a>\n\t\t\t<\/dt><\/dl>\n\t\t\t<br style='clear: both' \/>\n\t\t<\/div>\n\n","protected":false},"excerpt":{"rendered":"<p class=\"excerpt\">El Ministerio del Ambiente (MAE), el pasado 24 de julio, en coordinaci\u00f3n con la Unidad de Protecci\u00f3n del Medio Ambiente (UPMA), decomis\u00f3 31 espec\u00edmenes de fauna silvestre, que se encontraban en cautiverio en el Centro Recreacional Brisas del Napo, ubicado en el Cant\u00f3n Joya de los Sachas, provincia de Orellana. En el Operativo se confiscaron seis Guantas (Cuniculus paca), dos&hellip; <a href=\"https:\/\/www.ambienteyenergia.gob.ec\/ambiente\/mae-rescata-31-especimenes-de-vida-silvestre-en-orellana\/\">Read more &rarr;<\/a><\/p>\n","protected":false},"author":13,"featured_media":13531,"comment_status":"open","ping_status":"open","sticky":false,"template":"","format":"standard","meta":{"footnotes":""},"categories":[16,4],"tags":[],"class_list":["post-13529","post","type-post","status-publish","format-standard","has-post-thumbnail","hentry","category-comunicamos","category-noticias","xfolkentry"],"_links":{"self":[{"href":"https:\/\/www.ambienteyenergia.gob.ec\/ambiente\/wp-json\/wp\/v2\/posts\/13529","targetHints":{"allow":["GET"]}}],"collection":[{"href":"https:\/\/www.ambienteyenergia.gob.ec\/ambiente\/wp-json\/wp\/v2\/posts"}],"about":[{"href":"https:\/\/www.ambienteyenergia.gob.ec\/ambiente\/wp-json\/wp\/v2\/types\/post"}],"author":[{"embeddable":true,"href":"https:\/\/www.ambienteyenergia.gob.ec\/ambiente\/wp-json\/wp\/v2\/users\/13"}],"replies":[{"embeddable":true,"href":"https:\/\/www.ambienteyenergia.gob.ec\/ambiente\/wp-json\/wp\/v2\/comments?post=13529"}],"version-history":[{"count":0,"href":"https:\/\/www.ambienteyenergia.gob.ec\/ambiente\/wp-json\/wp\/v2\/posts\/13529\/revisions"}],"wp:featuredmedia":[{"embeddable":true,"href":"https:\/\/www.ambienteyenergia.gob.ec\/ambiente\/wp-json\/wp\/v2\/media\/13531"}],"wp:attachment":[{"href":"https:\/\/www.ambienteyenergia.gob.ec\/ambiente\/wp-json\/wp\/v2\/media?parent=13529"}],"wp:term":[{"taxonomy":"category","embeddable":true,"href":"https:\/\/www.ambienteyenergia.gob.ec\/ambiente\/wp-json\/wp\/v2\/categories?post=13529"},{"taxonomy":"post_tag","embeddable":true,"href":"https:\/\/www.ambienteyenergia.gob.ec\/ambiente\/wp-json\/wp\/v2\/tags?post=13529"}],"curies":[{"name":"wp","href":"https:\/\/api.w.org\/{rel}","templated":true}]}}