{"id":13518,"date":"2013-07-26T12:40:56","date_gmt":"2013-07-26T17:40:56","guid":{"rendered":"http:\/\/www.ambiente.gob.ec\/?p=13518"},"modified":"2013-07-26T14:09:48","modified_gmt":"2013-07-26T19:09:48","slug":"cuyabeno-area-protegida-donde-se-encuentra-la-hectarea-mas-diversa-del-mundo-celebra-34-anos-de-creacion","status":"publish","type":"post","link":"https:\/\/www.ambienteyenergia.gob.ec\/ambiente\/cuyabeno-area-protegida-donde-se-encuentra-la-hectarea-mas-diversa-del-mundo-celebra-34-anos-de-creacion\/","title":{"rendered":"Cuyabeno, \u00c1rea Protegida donde se encuentra la hect\u00e1rea m\u00e1s diversa del mundo, celebra 34 a\u00f1os de creaci\u00f3n"},"content":{"rendered":"<p style=\"text-align: justify;\"><em>La existencia de 81 especies de anfibios, 54 de reptiles, 500 de aves, 165 de mam\u00edferos y 184 de peces;\u00a0 473\u00a0 de \u00e1rboles\u00a0 y 1 400 plantas, hacen de la Reserva de Producci\u00f3n de Fauna Cuyabeno, el lugar en el que se registra el mayor n\u00famero de especies vivientes. \u00a0Adem\u00e1s, es el \u00c1rea Protegida en la que convive la mayor cantidad de grupos \u00e9tnicos. \u00a011 comunidades ind\u00edgenas de las nacionalidades Secoyas, Sionas, Cofanes, Kichwas y Shuaras.<\/em><\/p>\n<p style=\"text-align: justify;\">Con concursos de fotograf\u00eda, canoa a remo, busquemos la marca Cuyabeno, la feria de art\u00edculos reciclados, y un sociodrama, el Ministerio del Ambiente (MAE) conmemor\u00f3 el aniversario de la creaci\u00f3n de la Reserva de Producci\u00f3n de Fauna (RPF) Cuyabeno, ubicada en las provincias Sucumb\u00edos y Orellana.<\/p>\n<p style=\"text-align: justify;\">Estas actividades se desarrollaron durante toda la semana.\u00a0 11 personas participaron en el \u201cConcurso de fotograf\u00eda\u201d que se realiz\u00f3 el 22 de julio. Los concursantes\u00a0 ingresaron a las Lagunas Cuyabeno y a la Comunidad Puerto Bol\u00edvar para tomar las fotogr\u00e1ficas. Al finalizar, se concentraron en el\u00a0 Puente Cuyabeno. En este lugar el jurado calificador eligi\u00f3 a los ganadores. En primer lugar,\u00a0 Ra\u00fal Criollo, en segundo y tercer puesto, Charvet Valencia y Marisol Criollo, respectivamente.<\/p>\n<p style=\"text-align: justify;\">El 23 de julio se llev\u00f3 a cabo la \u201cCompetencia de canoas a remo\u201d, en la laguna Grande Cuyabeno.\u00a0 Entre los participantes estuvieron pobladores, turistas y guardaparques de las reserva. Hilda Payaguaje y Bertha Payaguaje fueron las ganadoras en la categor\u00eda mujeres. En hombres solitario, Segundo Payaguaje, Wilson Quieta y Nelson Vera. Y, Katherine Egger e In\u00e9s Beltr\u00e1n, en turistas.<\/p>\n<p style=\"text-align: justify;\">La \u201cElaboraci\u00f3n de animales con art\u00edculos de reciclaje\u201d, se realiz\u00f3 un d\u00eda despu\u00e9s (24 de julio).\u00a0 En el concurso, cada participante fabric\u00f3 un animal caracter\u00edstico de la reserva con material de desecho. Los ganadores fueron alumnos y maestros del Colegio Presidente Jer\u00f3nimo Carri\u00f3n.<\/p>\n<p style=\"text-align: justify;\">Varias instituciones y p\u00fablico general participaron en la elaboraci\u00f3n de un logotipo y slogan para esta \u00c1rea Protegida en el concurso \u201cBusquemos la marca de Cuyabeno\u201d, celebrado el 25 de julio.\u00a0 Hilda Guastay y J\u00e9ssica Y\u00e9pez, representantes de la Direcci\u00f3n de Ambiente del Municipio de Lago Agrio, se llevaron el primer lugar. El segundo puesto, lo obtuvo C\u00e9sar Piaguaje; y el tercer, Marcela Alulima.<\/p>\n<p style=\"text-align: justify;\">Hoy, grupos de talentos del cant\u00f3n Cuyabeno har\u00e1n sus presentaciones art\u00edsticas. Finalmente, el evento concluir\u00e1 con el recorrido que la poblaci\u00f3n inscrita har\u00e1 hacia las lagunas Cuyabeno y la Comunidad.<\/p>\n<p style=\"text-align: justify;\"><strong>Acciones del MAE para protecci\u00f3n y conservaci\u00f3n de Cuyabeno<\/strong><\/p>\n<ul style=\"text-align: justify;\">\n<li>Debido al Decreto de Gratuidad en \u00c1reas Protegidas, se ha reportado un incremento del turismo en el \u00e1rea.\u00a0 En 2012, la RPF Cuyabeno, recibi\u00f3 a\u00a0 1 1207 visitantes entre nacionales y extranjeros. Hasta\u00a0 Abril de este a\u00f1o, se reporta un total de 3497 visitantes.<\/li>\n<li>Para el a\u00f1o 2012, El MAE asign\u00f3 fondos fiscales para Cuyabeno por m\u00e1s de $158 mil, a trav\u00e9s de la Direcci\u00f3n Provincial de Sucumb\u00edos y el Subsistema de Patrimonio de \u00c1reas Naturales del Estado (PANE). Con el apoyo de otras instituciones como el Programa Trinacional y Rainforest Alliance, se ha invertido $420 278, y FAN $57 500.<\/li>\n<li>Comunidades ind\u00edgenas ubicadas dentro de la RPF Cuyabeno (comunidad Shuar Charap 2695 hect\u00e1reas, comunidad Cof\u00e1n de Z\u00e1balo 40000 hect\u00e1reas y comunidad Kichwa de Zancudo con 40000 hect\u00e1reas) ingresaron al Programa Socio Bosque.<\/li>\n<li>MAE ha delimitado el 90% del \u00e1rea protegida. Existen sitios de dif\u00edcil acceso donde se han planificado acciones conjuntas con comunidades ind\u00edgenas dentro del \u00e1rea y en su zona de influencia (comunidad Z\u00e1balo y comunidad Kichwa de Pto. Rodr\u00edguez).<\/li>\n<li>Esta Cartera de Estado est\u00e1 desarrollando el \u201cManual de Operaciones para\u00a0 Turismo Sostenible en las \u00c1reas Protegidas De Cuyabeno, Limoncocha y Yasuni\u201d.<\/li>\n<\/ul>\n","protected":false},"excerpt":{"rendered":"<p class=\"excerpt\">La existencia de 81 especies de anfibios, 54 de reptiles, 500 de aves, 165 de mam\u00edferos y 184 de peces;\u00a0 473\u00a0 de \u00e1rboles\u00a0 y 1 400 plantas, hacen de la Reserva de Producci\u00f3n de Fauna Cuyabeno, el lugar en el que se registra el mayor n\u00famero de especies vivientes. \u00a0Adem\u00e1s, es el \u00c1rea Protegida en la que convive la mayor&hellip; <a href=\"https:\/\/www.ambienteyenergia.gob.ec\/ambiente\/cuyabeno-area-protegida-donde-se-encuentra-la-hectarea-mas-diversa-del-mundo-celebra-34-anos-de-creacion\/\">Read more &rarr;<\/a><\/p>\n","protected":false},"author":13,"featured_media":13519,"comment_status":"open","ping_status":"open","sticky":false,"template":"","format":"standard","meta":{"footnotes":""},"categories":[16,4],"tags":[],"class_list":["post-13518","post","type-post","status-publish","format-standard","has-post-thumbnail","hentry","category-comunicamos","category-noticias","xfolkentry"],"_links":{"self":[{"href":"https:\/\/www.ambienteyenergia.gob.ec\/ambiente\/wp-json\/wp\/v2\/posts\/13518","targetHints":{"allow":["GET"]}}],"collection":[{"href":"https:\/\/www.ambienteyenergia.gob.ec\/ambiente\/wp-json\/wp\/v2\/posts"}],"about":[{"href":"https:\/\/www.ambienteyenergia.gob.ec\/ambiente\/wp-json\/wp\/v2\/types\/post"}],"author":[{"embeddable":true,"href":"https:\/\/www.ambienteyenergia.gob.ec\/ambiente\/wp-json\/wp\/v2\/users\/13"}],"replies":[{"embeddable":true,"href":"https:\/\/www.ambienteyenergia.gob.ec\/ambiente\/wp-json\/wp\/v2\/comments?post=13518"}],"version-history":[{"count":0,"href":"https:\/\/www.ambienteyenergia.gob.ec\/ambiente\/wp-json\/wp\/v2\/posts\/13518\/revisions"}],"wp:featuredmedia":[{"embeddable":true,"href":"https:\/\/www.ambienteyenergia.gob.ec\/ambiente\/wp-json\/wp\/v2\/media\/13519"}],"wp:attachment":[{"href":"https:\/\/www.ambienteyenergia.gob.ec\/ambiente\/wp-json\/wp\/v2\/media?parent=13518"}],"wp:term":[{"taxonomy":"category","embeddable":true,"href":"https:\/\/www.ambienteyenergia.gob.ec\/ambiente\/wp-json\/wp\/v2\/categories?post=13518"},{"taxonomy":"post_tag","embeddable":true,"href":"https:\/\/www.ambienteyenergia.gob.ec\/ambiente\/wp-json\/wp\/v2\/tags?post=13518"}],"curies":[{"name":"wp","href":"https:\/\/api.w.org\/{rel}","templated":true}]}}