{"id":13515,"date":"2013-07-26T12:30:35","date_gmt":"2013-07-26T17:30:35","guid":{"rendered":"http:\/\/www.ambiente.gob.ec\/?p=13515"},"modified":"2013-07-27T09:14:13","modified_gmt":"2013-07-27T14:14:13","slug":"ministra-lorena-tapia-participo-en-sesion-solemne-por-la-fundacion-de-guayaquil","status":"publish","type":"post","link":"https:\/\/www.ambienteyenergia.gob.ec\/ambiente\/ministra-lorena-tapia-participo-en-sesion-solemne-por-la-fundacion-de-guayaquil\/","title":{"rendered":"Ministra, Lorena Tapia, particip\u00f3 en sesi\u00f3n solemne por la Fundaci\u00f3n de Guayaquil"},"content":{"rendered":"<p style=\"text-align: justify;\">La Ministra del Ambiente, Lorena Tapia, particip\u00f3 ayer de la Sesi\u00f3n Solemne Popular organizada por la Gobernaci\u00f3n del Guayas para celebrar los 478 a\u00f1os de fundaci\u00f3n de Guayaquil, que se realiz\u00f3 en el Parque Samanes. Al evento asistieron m\u00e1s de 10 000 personas, entre autoridades y ciudadan\u00eda en general, que se dieron cita para presenciar el homenaje al Puerto Principal.<\/p>\n<p style=\"text-align: justify;\">En el acto estuvieron tambi\u00e9n el Jefe de Estado, Rafael Correa; la Gobernadora del Guayas, Viviana Bonilla; la Presidenta de la Asamblea, Gabriela Rivadeneira y el Prefecto del Guayas, Jimmy Jairala.<\/p>\n<p style=\"text-align: justify;\">El Primer Mandatario destac\u00f3 las obras que se ejecutan en beneficio de Guayaquil. Entre ellas, se\u00f1al\u00f3 la gran inversi\u00f3n que se realiza para que los guayaquile\u00f1os tengan m\u00e1s espacios verdes como el Parque Samanes, que ser\u00e1 uno de los m\u00e1s grandes de Latinoam\u00e9rica.<\/p>\n<p style=\"text-align: justify;\">Otro proyecto al que se refiri\u00f3 el Presidente Correa fue la Isla Santay. Seg\u00fan inform\u00f3, en diciembre de este a\u00f1o la poblaci\u00f3n podr\u00e1 acceder, en bicicleta o a pie, a este sitio que incorpora 2 mil hect\u00e1reas de espacios verdes y un refugio de aves silvestres.<\/p>\n<p style=\"text-align: justify;\">Asimismo, mencion\u00f3 el tema de la recuperaci\u00f3n del Estero Salado: \u201cUn brazo de mar que debi\u00f3 permitir a Guayaquil ser un centro tur\u00edstico de nivel mundial, tener mar en la ciudad, playas en la ciudad, y en lugar de eso por la anarqu\u00eda, la indisciplina, el desorden y la politiquer\u00eda se permiti\u00f3 que se rellene, se contamine, se arruine el estero\u2026 Pues bien, la revoluci\u00f3n ciudadana est\u00e1 recuper\u00e1ndolo para Guayaquil, para la patria, para toda Sudam\u00e9rica\u201d, afirm\u00f3 por el Presidente.<\/p>\n<p style=\"text-align: justify;\">Finalmente, la Ministra, Lorena Tapia, exalt\u00f3 la labor que realiza el Ministerio del Ambiente en beneficio de Guayaquil, en protecci\u00f3n del ecosistema de esta ciudad que tiene un alto n\u00famero poblacional.<\/p>\n<div id='gallery-1' class='gallery galleryid-13515 gallery-columns-4 gallery-size-thumbnail'><dl class='gallery-item'>\n\t\t\t<dt class='gallery-icon landscape'>\n\t\t\t\t<a href='https:\/\/www.ambienteyenergia.gob.ec\/ambiente\/ministra-lorena-tapia-participo-en-sesion-solemne-por-la-fundacion-de-guayaquil\/mae33-55\/'><img loading=\"lazy\" decoding=\"async\" width=\"150\" height=\"150\" src=\"https:\/\/www.ambienteyenergia.gob.ec\/ambiente\/wp-content\/uploads\/sites\/2\/2013\/07\/MAE335-150x150.jpg\" class=\"attachment-thumbnail size-thumbnail\" alt=\"\" \/><\/a>\n\t\t\t<\/dt><\/dl><dl class='gallery-item'>\n\t\t\t<dt class='gallery-icon landscape'>\n\t\t\t\t<a href='https:\/\/www.ambienteyenergia.gob.ec\/ambiente\/ministra-lorena-tapia-participo-en-sesion-solemne-por-la-fundacion-de-guayaquil\/_mg_1353\/'><img loading=\"lazy\" decoding=\"async\" width=\"150\" height=\"150\" src=\"https:\/\/www.ambienteyenergia.gob.ec\/ambiente\/wp-content\/uploads\/sites\/2\/2013\/07\/MG_1353-150x150.jpg\" class=\"attachment-thumbnail size-thumbnail\" alt=\"\" \/><\/a>\n\t\t\t<\/dt><\/dl><dl class='gallery-item'>\n\t\t\t<dt class='gallery-icon landscape'>\n\t\t\t\t<a href='https:\/\/www.ambienteyenergia.gob.ec\/ambiente\/ministra-lorena-tapia-participo-en-sesion-solemne-por-la-fundacion-de-guayaquil\/_mg_1381\/'><img loading=\"lazy\" decoding=\"async\" width=\"150\" height=\"150\" src=\"https:\/\/www.ambienteyenergia.gob.ec\/ambiente\/wp-content\/uploads\/sites\/2\/2013\/07\/MG_1381-150x150.jpg\" class=\"attachment-thumbnail size-thumbnail\" alt=\"\" \/><\/a>\n\t\t\t<\/dt><\/dl><dl class='gallery-item'>\n\t\t\t<dt class='gallery-icon landscape'>\n\t\t\t\t<a href='https:\/\/www.ambienteyenergia.gob.ec\/ambiente\/ministra-lorena-tapia-participo-en-sesion-solemne-por-la-fundacion-de-guayaquil\/_mg_1448\/'><img loading=\"lazy\" decoding=\"async\" width=\"150\" height=\"150\" src=\"https:\/\/www.ambienteyenergia.gob.ec\/ambiente\/wp-content\/uploads\/sites\/2\/2013\/07\/MG_1448-150x150.jpg\" class=\"attachment-thumbnail size-thumbnail\" alt=\"\" \/><\/a>\n\t\t\t<\/dt><\/dl><br style=\"clear: both\" \/><dl class='gallery-item'>\n\t\t\t<dt class='gallery-icon landscape'>\n\t\t\t\t<a href='https:\/\/www.ambienteyenergia.gob.ec\/ambiente\/ministra-lorena-tapia-participo-en-sesion-solemne-por-la-fundacion-de-guayaquil\/_mg_1463\/'><img loading=\"lazy\" decoding=\"async\" width=\"150\" height=\"150\" src=\"https:\/\/www.ambienteyenergia.gob.ec\/ambiente\/wp-content\/uploads\/sites\/2\/2013\/07\/MG_1463-150x150.jpg\" class=\"attachment-thumbnail size-thumbnail\" alt=\"\" \/><\/a>\n\t\t\t<\/dt><\/dl><dl class='gallery-item'>\n\t\t\t<dt class='gallery-icon landscape'>\n\t\t\t\t<a href='https:\/\/www.ambienteyenergia.gob.ec\/ambiente\/ministra-lorena-tapia-participo-en-sesion-solemne-por-la-fundacion-de-guayaquil\/_mg_1467\/'><img loading=\"lazy\" decoding=\"async\" width=\"150\" height=\"150\" src=\"https:\/\/www.ambienteyenergia.gob.ec\/ambiente\/wp-content\/uploads\/sites\/2\/2013\/07\/MG_1467-150x150.jpg\" class=\"attachment-thumbnail size-thumbnail\" alt=\"\" \/><\/a>\n\t\t\t<\/dt><\/dl>\n\t\t\t<br style='clear: both' \/>\n\t\t<\/div>\n\n","protected":false},"excerpt":{"rendered":"<p class=\"excerpt\">La Ministra del Ambiente, Lorena Tapia, particip\u00f3 ayer de la Sesi\u00f3n Solemne Popular organizada por la Gobernaci\u00f3n del Guayas para celebrar los 478 a\u00f1os de fundaci\u00f3n de Guayaquil, que se realiz\u00f3 en el Parque Samanes. Al evento asistieron m\u00e1s de 10 000 personas, entre autoridades y ciudadan\u00eda en general, que se dieron cita para presenciar el homenaje al Puerto Principal.&hellip; <a href=\"https:\/\/www.ambienteyenergia.gob.ec\/ambiente\/ministra-lorena-tapia-participo-en-sesion-solemne-por-la-fundacion-de-guayaquil\/\">Read more &rarr;<\/a><\/p>\n","protected":false},"author":13,"featured_media":13524,"comment_status":"open","ping_status":"open","sticky":false,"template":"","format":"standard","meta":{"footnotes":""},"categories":[16,4],"tags":[],"class_list":["post-13515","post","type-post","status-publish","format-standard","has-post-thumbnail","hentry","category-comunicamos","category-noticias","xfolkentry"],"_links":{"self":[{"href":"https:\/\/www.ambienteyenergia.gob.ec\/ambiente\/wp-json\/wp\/v2\/posts\/13515","targetHints":{"allow":["GET"]}}],"collection":[{"href":"https:\/\/www.ambienteyenergia.gob.ec\/ambiente\/wp-json\/wp\/v2\/posts"}],"about":[{"href":"https:\/\/www.ambienteyenergia.gob.ec\/ambiente\/wp-json\/wp\/v2\/types\/post"}],"author":[{"embeddable":true,"href":"https:\/\/www.ambienteyenergia.gob.ec\/ambiente\/wp-json\/wp\/v2\/users\/13"}],"replies":[{"embeddable":true,"href":"https:\/\/www.ambienteyenergia.gob.ec\/ambiente\/wp-json\/wp\/v2\/comments?post=13515"}],"version-history":[{"count":0,"href":"https:\/\/www.ambienteyenergia.gob.ec\/ambiente\/wp-json\/wp\/v2\/posts\/13515\/revisions"}],"wp:featuredmedia":[{"embeddable":true,"href":"https:\/\/www.ambienteyenergia.gob.ec\/ambiente\/wp-json\/wp\/v2\/media\/13524"}],"wp:attachment":[{"href":"https:\/\/www.ambienteyenergia.gob.ec\/ambiente\/wp-json\/wp\/v2\/media?parent=13515"}],"wp:term":[{"taxonomy":"category","embeddable":true,"href":"https:\/\/www.ambienteyenergia.gob.ec\/ambiente\/wp-json\/wp\/v2\/categories?post=13515"},{"taxonomy":"post_tag","embeddable":true,"href":"https:\/\/www.ambienteyenergia.gob.ec\/ambiente\/wp-json\/wp\/v2\/tags?post=13515"}],"curies":[{"name":"wp","href":"https:\/\/api.w.org\/{rel}","templated":true}]}}