{"id":13501,"date":"2013-07-26T08:54:48","date_gmt":"2013-07-26T13:54:48","guid":{"rendered":"http:\/\/www.ambiente.gob.ec\/?p=13501"},"modified":"2013-07-26T11:42:18","modified_gmt":"2013-07-26T16:42:18","slug":"mae-refuerza-campana-para-fomentar-convivencia-armonica-entre-lobos-marinos-y-pescadores-en-galapagos","status":"publish","type":"post","link":"https:\/\/www.ambienteyenergia.gob.ec\/ambiente\/mae-refuerza-campana-para-fomentar-convivencia-armonica-entre-lobos-marinos-y-pescadores-en-galapagos\/","title":{"rendered":"MAE refuerza campa\u00f1a para fomentar convivencia arm\u00f3nica entre lobos marinos y pescadores, en Gal\u00e1pagos"},"content":{"rendered":"<p style=\"text-align: justify;\"><em>El objetivo de la campa\u00f1a \u00abEl lobo marino, la cara de San Crist\u00f3bal\u201d es proteger a esta especie considerada carism\u00e1tica y representativa de la isla, y beneficiar al sector pesquero a trav\u00e9s del cuidado de sus herramientas de trabajo.<\/em><\/p>\n<p style=\"text-align: justify;\">La instalaci\u00f3n de mallas de protecci\u00f3n alrededor de 30 embarcaciones menores de pesca (fibras y pangas) en bah\u00eda Naufragio, para evitar que los lobos marinos se suban en ellas, causando su deterioro, es la nueva acci\u00f3n que el Ministerio del Ambiente (MAE), a trav\u00e9s de la Direcci\u00f3n del Parque Nacional Gal\u00e1pagos(DPNG), ha implementado como parte de esta campa\u00f1a que inici\u00f3 el a\u00f1o pasado.<\/p>\n<p style=\"text-align: justify;\">Adem\u00e1s, esta Cartera de Estado coloc\u00f3 tres balsas en diferentes puntos de la bah\u00eda para que la colonia de aproximadamente 700 lobos marinos que viven en ella, las utilicen como sitios de descanso. El uso de las embarcaciones para esos fines, por parte de estos animales, ocasionaba da\u00f1os en su estructura e incluso su hundimiento.<\/p>\n<p style=\"text-align: justify;\">Esta medida de protecci\u00f3n se encuentra en fase de prueba. El programa piloto ser\u00e1 evaluado de acuerdo con su efectividad y la aceptaci\u00f3n de los beneficiarios. Los resultados permitir\u00e1n considerar el estudio de fuentes de financiamiento para su masificaci\u00f3n.<\/p>\n<p style=\"text-align: justify;\">Estas acciones realizadas en coordinaci\u00f3n con el sector pesquero, se suman a la difusi\u00f3n de de spots, en medios de comunicaci\u00f3n locales, y a las charlas educativas dirigidas a comerciantes del \u00e1rea del malec\u00f3n, que se desarrollan desde 2012. El MAE ha incluido a establecimientos educativos en el programa de charlas porque considera que \u00a0estudiantes y profesores son\u00a0 multiplicadores del mensaje de protecci\u00f3n y convivencia entre el ser humano y el lobo marino.<\/p>\n<p style=\"text-align: justify;\">Desde el inicio de la campa\u00f1a, se han realizado varias actividades. Entre ellas, monitoreo y control poblacional de lobos marinos en las diferentes colonias, de manera continua; elaboraci\u00f3n de un plan de manejo de la especie; programas de concienciaci\u00f3n y sensibilizaci\u00f3n de la convivencia entre la poblaci\u00f3n y estos animales; adem\u00e1s, conversatorios sobre los beneficios de la presencia de estos ejemplares en las \u00e1reas cercanas a la poblaci\u00f3n.<\/p>\n<p style=\"text-align: justify;\"><a href=\"http:\/\/www.ambienteyenergia.gob.ec\/ambiente\/wp-content\/uploads\/2013\/07\/PESCADORES2.jpg\"><img loading=\"lazy\" decoding=\"async\" class=\"aligncenter size-full wp-image-13503\" title=\"PESCADORES2\" src=\"http:\/\/www.ambienteyenergia.gob.ec\/ambiente\/wp-content\/uploads\/2013\/07\/PESCADORES2.jpg\" alt=\"\" width=\"650\" height=\"488\" srcset=\"https:\/\/www.ambienteyenergia.gob.ec\/ambiente\/wp-content\/uploads\/sites\/2\/2013\/07\/PESCADORES2.jpg 650w, https:\/\/www.ambienteyenergia.gob.ec\/ambiente\/wp-content\/uploads\/sites\/2\/2013\/07\/PESCADORES2-300x225.jpg 300w, https:\/\/www.ambienteyenergia.gob.ec\/ambiente\/wp-content\/uploads\/sites\/2\/2013\/07\/PESCADORES2-399x300.jpg 399w\" sizes=\"auto, (max-width: 650px) 100vw, 650px\" \/><\/a><\/p>\n","protected":false},"excerpt":{"rendered":"<p class=\"excerpt\">El objetivo de la campa\u00f1a \u00abEl lobo marino, la cara de San Crist\u00f3bal\u201d es proteger a esta especie considerada carism\u00e1tica y representativa de la isla, y beneficiar al sector pesquero a trav\u00e9s del cuidado de sus herramientas de trabajo. La instalaci\u00f3n de mallas de protecci\u00f3n alrededor de 30 embarcaciones menores de pesca (fibras y pangas) en bah\u00eda Naufragio, para evitar&hellip; <a href=\"https:\/\/www.ambienteyenergia.gob.ec\/ambiente\/mae-refuerza-campana-para-fomentar-convivencia-armonica-entre-lobos-marinos-y-pescadores-en-galapagos\/\">Read more &rarr;<\/a><\/p>\n","protected":false},"author":13,"featured_media":13502,"comment_status":"open","ping_status":"open","sticky":false,"template":"","format":"standard","meta":{"footnotes":""},"categories":[16,4],"tags":[],"class_list":["post-13501","post","type-post","status-publish","format-standard","has-post-thumbnail","hentry","category-comunicamos","category-noticias","xfolkentry"],"_links":{"self":[{"href":"https:\/\/www.ambienteyenergia.gob.ec\/ambiente\/wp-json\/wp\/v2\/posts\/13501","targetHints":{"allow":["GET"]}}],"collection":[{"href":"https:\/\/www.ambienteyenergia.gob.ec\/ambiente\/wp-json\/wp\/v2\/posts"}],"about":[{"href":"https:\/\/www.ambienteyenergia.gob.ec\/ambiente\/wp-json\/wp\/v2\/types\/post"}],"author":[{"embeddable":true,"href":"https:\/\/www.ambienteyenergia.gob.ec\/ambiente\/wp-json\/wp\/v2\/users\/13"}],"replies":[{"embeddable":true,"href":"https:\/\/www.ambienteyenergia.gob.ec\/ambiente\/wp-json\/wp\/v2\/comments?post=13501"}],"version-history":[{"count":0,"href":"https:\/\/www.ambienteyenergia.gob.ec\/ambiente\/wp-json\/wp\/v2\/posts\/13501\/revisions"}],"wp:featuredmedia":[{"embeddable":true,"href":"https:\/\/www.ambienteyenergia.gob.ec\/ambiente\/wp-json\/wp\/v2\/media\/13502"}],"wp:attachment":[{"href":"https:\/\/www.ambienteyenergia.gob.ec\/ambiente\/wp-json\/wp\/v2\/media?parent=13501"}],"wp:term":[{"taxonomy":"category","embeddable":true,"href":"https:\/\/www.ambienteyenergia.gob.ec\/ambiente\/wp-json\/wp\/v2\/categories?post=13501"},{"taxonomy":"post_tag","embeddable":true,"href":"https:\/\/www.ambienteyenergia.gob.ec\/ambiente\/wp-json\/wp\/v2\/tags?post=13501"}],"curies":[{"name":"wp","href":"https:\/\/api.w.org\/{rel}","templated":true}]}}