{"id":13488,"date":"2013-07-25T14:37:42","date_gmt":"2013-07-25T19:37:42","guid":{"rendered":"http:\/\/www.ambiente.gob.ec\/?p=13488"},"modified":"2013-07-25T14:37:42","modified_gmt":"2013-07-25T19:37:42","slug":"mae-promueve-la-legalidad-de-productos-forestales-en-napo","status":"publish","type":"post","link":"https:\/\/www.ambienteyenergia.gob.ec\/ambiente\/mae-promueve-la-legalidad-de-productos-forestales-en-napo\/","title":{"rendered":"MAE promueve la legalidad de productos forestales en Napo"},"content":{"rendered":"<p style=\"text-align: justify;\">El Ministerio del Ambiente (MAE) realiz\u00f3 una charla sobre la legalidad de los Productos Forestales en todas las etapas primarias de producci\u00f3n, tenencia, aprovechamiento y comercializaci\u00f3n de materias primas forestales, el pasado 19 de julio, en Napo.<\/p>\n<p style=\"text-align: justify;\">\nEsta iniciativa tiene como objetivo implementar actividades de oficina t\u00e9cnica forestal para asegurar el manejo sustentable, conservaci\u00f3n y ordenamiento territorial de los recursos forestales a trav\u00e9s de la difusi\u00f3n de la legislaci\u00f3n forestal vigente y su correcta aplicaci\u00f3n.<\/p>\n<p style=\"text-align: justify;\">\nEl evento se realiz\u00f3 en coordinaci\u00f3n con los propietarios de las industrias primarias (aserraderos, dep\u00f3sitos, carpinter\u00edas, etc), que fueron invitados personalmente por funcionarios de la Oficina T\u00e9cnica Forestal de Napo, d\u00edas previos al evento.<\/p>\n<p style=\"text-align: justify;\">\nLa participaci\u00f3n de estos actores es primordial para la cadena productiva de la comercializaci\u00f3n de la madera. Alrededor de 35 personas de diferentes industrias asistieron a la capacitaci\u00f3n y aportaron con varias preguntas e inquietudes con el fin de esclarecer la legalidad en dichos procesos.<\/p>\n<p style=\"text-align: justify;\">\nEl MAE tiene la responsabilidad de verificar que el producto forestal provenga de bosques manejados adecuadamente y que cuente con los respectivos permisos o gu\u00edas de movilizaci\u00f3n.<\/p>\n<div id='gallery-1' class='gallery galleryid-13488 gallery-columns-4 gallery-size-thumbnail'><dl class='gallery-item'>\n\t\t\t<dt class='gallery-icon landscape'>\n\t\t\t\t<a href='https:\/\/www.ambienteyenergia.gob.ec\/ambiente\/mae-promueve-la-legalidad-de-productos-forestales-en-napo\/img_7461\/'><img loading=\"lazy\" decoding=\"async\" width=\"150\" height=\"150\" src=\"https:\/\/www.ambienteyenergia.gob.ec\/ambiente\/wp-content\/uploads\/sites\/2\/2013\/07\/IMG_7461-150x150.jpg\" class=\"attachment-thumbnail size-thumbnail\" alt=\"\" \/><\/a>\n\t\t\t<\/dt><\/dl><dl class='gallery-item'>\n\t\t\t<dt class='gallery-icon landscape'>\n\t\t\t\t<a href='https:\/\/www.ambienteyenergia.gob.ec\/ambiente\/mae-promueve-la-legalidad-de-productos-forestales-en-napo\/img_7466\/'><img loading=\"lazy\" decoding=\"async\" width=\"150\" height=\"150\" src=\"https:\/\/www.ambienteyenergia.gob.ec\/ambiente\/wp-content\/uploads\/sites\/2\/2013\/07\/IMG_7466-150x150.jpg\" class=\"attachment-thumbnail size-thumbnail\" alt=\"\" \/><\/a>\n\t\t\t<\/dt><\/dl><dl class='gallery-item'>\n\t\t\t<dt class='gallery-icon landscape'>\n\t\t\t\t<a href='https:\/\/www.ambienteyenergia.gob.ec\/ambiente\/mae-promueve-la-legalidad-de-productos-forestales-en-napo\/img_7468\/'><img loading=\"lazy\" decoding=\"async\" width=\"150\" height=\"150\" src=\"https:\/\/www.ambienteyenergia.gob.ec\/ambiente\/wp-content\/uploads\/sites\/2\/2013\/07\/IMG_7468-150x150.jpg\" class=\"attachment-thumbnail size-thumbnail\" alt=\"\" \/><\/a>\n\t\t\t<\/dt><\/dl>\n\t\t\t<br style='clear: both' \/>\n\t\t<\/div>\n\n","protected":false},"excerpt":{"rendered":"<p class=\"excerpt\">El Ministerio del Ambiente (MAE) realiz\u00f3 una charla sobre la legalidad de los Productos Forestales en todas las etapas primarias de producci\u00f3n, tenencia, aprovechamiento y comercializaci\u00f3n de materias primas forestales, el pasado 19 de julio, en Napo. Esta iniciativa tiene como objetivo implementar actividades de oficina t\u00e9cnica forestal para asegurar el manejo sustentable, conservaci\u00f3n y ordenamiento territorial de los recursos&hellip; <a href=\"https:\/\/www.ambienteyenergia.gob.ec\/ambiente\/mae-promueve-la-legalidad-de-productos-forestales-en-napo\/\">Read more &rarr;<\/a><\/p>\n","protected":false},"author":13,"featured_media":13491,"comment_status":"open","ping_status":"open","sticky":false,"template":"","format":"standard","meta":{"footnotes":""},"categories":[16,4],"tags":[],"class_list":["post-13488","post","type-post","status-publish","format-standard","has-post-thumbnail","hentry","category-comunicamos","category-noticias","xfolkentry"],"_links":{"self":[{"href":"https:\/\/www.ambienteyenergia.gob.ec\/ambiente\/wp-json\/wp\/v2\/posts\/13488","targetHints":{"allow":["GET"]}}],"collection":[{"href":"https:\/\/www.ambienteyenergia.gob.ec\/ambiente\/wp-json\/wp\/v2\/posts"}],"about":[{"href":"https:\/\/www.ambienteyenergia.gob.ec\/ambiente\/wp-json\/wp\/v2\/types\/post"}],"author":[{"embeddable":true,"href":"https:\/\/www.ambienteyenergia.gob.ec\/ambiente\/wp-json\/wp\/v2\/users\/13"}],"replies":[{"embeddable":true,"href":"https:\/\/www.ambienteyenergia.gob.ec\/ambiente\/wp-json\/wp\/v2\/comments?post=13488"}],"version-history":[{"count":0,"href":"https:\/\/www.ambienteyenergia.gob.ec\/ambiente\/wp-json\/wp\/v2\/posts\/13488\/revisions"}],"wp:featuredmedia":[{"embeddable":true,"href":"https:\/\/www.ambienteyenergia.gob.ec\/ambiente\/wp-json\/wp\/v2\/media\/13491"}],"wp:attachment":[{"href":"https:\/\/www.ambienteyenergia.gob.ec\/ambiente\/wp-json\/wp\/v2\/media?parent=13488"}],"wp:term":[{"taxonomy":"category","embeddable":true,"href":"https:\/\/www.ambienteyenergia.gob.ec\/ambiente\/wp-json\/wp\/v2\/categories?post=13488"},{"taxonomy":"post_tag","embeddable":true,"href":"https:\/\/www.ambienteyenergia.gob.ec\/ambiente\/wp-json\/wp\/v2\/tags?post=13488"}],"curies":[{"name":"wp","href":"https:\/\/api.w.org\/{rel}","templated":true}]}}