{"id":13485,"date":"2013-07-25T13:17:20","date_gmt":"2013-07-25T18:17:20","guid":{"rendered":"http:\/\/www.ambiente.gob.ec\/?p=13485"},"modified":"2013-07-26T10:57:47","modified_gmt":"2013-07-26T15:57:47","slug":"dia-internacional-de-defensa-del-manglar","status":"publish","type":"post","link":"https:\/\/www.ambienteyenergia.gob.ec\/ambiente\/dia-internacional-de-defensa-del-manglar\/","title":{"rendered":"Hoy, se celebra el D\u00eda Internacional de la Defensa del Manglar"},"content":{"rendered":"<p style=\"text-align: justify;\">El manglar es un ecosistema marino costero importante para el pa\u00eds y el planeta. Es un espacio irremplazable y \u00fanico, que alberga a una incre\u00edble biodiversidad de animales, plantas, moluscos, aves,consider\u00e1ndolo como una de las cinco unidades ecol\u00f3gicas m\u00e1s productivas del mundo.<\/p>\n<p style=\"text-align: justify;\">Esa importancia ha hecho que en el Ecuador, el Ministerio del Ambiente (MAE), a trav\u00e9s de la Subsecretar\u00eda de Gesti\u00f3n Marina y Costera, asuma esta responsabilidad de protecci\u00f3n y conservaci\u00f3n, como una prioridad para alcanzar un mejor ecosistema.<\/p>\n<p style=\"text-align: justify;\">Al recordarse el 26 de julio de cada a\u00f1o el D\u00eda Internacional de Defensa del Manglar, el MAE destaca acciones emprendidas a lo largo del perfil costero, en donde se ha entregado Acuerdos de Uso Sustentable y Custodia de Manglar a Usuarios Ancestrales, la recuperaci\u00f3n de espacios en \u00e1reas donde se asentaron camaroneras para la reforestaci\u00f3n de manglar, creaci\u00f3n de \u00e1reas protegidas marino costeras, jornadas de limpieza, reforestaci\u00f3n, educaci\u00f3n ambiental, etc.<\/p>\n<p style=\"text-align: justify;\">Daisy C\u00e1rdenas, Subsecretaria de Gesti\u00f3n Marina y Costera (e), destaca que a lo largo de la costa ecuatoriana, provincias de El Oro, Santa Elena, Guayas, Manab\u00ed y Esmeraldas, se ha concesionado 55.222 ha de manglar mediante la suscripci\u00f3n de 47 Acuerdos de Uso Sustentable y Custodia de Manglar, entregados al mismo n\u00famero de organizaciones.<\/p>\n<p style=\"text-align: justify;\">Con ello, se ha beneficiado alrededor de 6.800 usuarios de manglar. Destacando la provincia de Guayas al registrar 17 acuerdos, con una extensi\u00f3n de 37.949,34 ha, que corresponden al 68,7% del total de manglar concesionado en el pa\u00eds.<\/p>\n<p style=\"text-align: justify;\">Seg\u00fan datos del ex Centro de Levantamientos Integrados de Recursos Naturales por Sensores Remotos (Clirsen), en el a\u00f1o 1969 hab\u00eda en el Ecuador 202.201 hect\u00e1reas (ha) de manglar. En el a\u00f1o 2006, se registraron 148.230 ha, existiendo una diferencia de 128.029 ha de manglar que fueron taladas, por ejemplo, para la creaci\u00f3n de camaroneras y el uso de su madera para la construcci\u00f3n de viviendas.<\/p>\n<p style=\"text-align: justify;\">Actualmente, la tala del manglar est\u00e1 penada por la ley, medidas que se cumplen tras las alianzas alcanzadas a trav\u00e9s de la entrega de concesiones de manglar. Los beneficiarios adquieren derechos como la extracci\u00f3n de los recursoscomo: conchas, cangrejos, jaibas y peses, pero de una manera sustentable, con el respeto de los tiempos de veda y el tama\u00f1o de las especies que extraen.<\/p>\n<p style=\"text-align: justify;\">Otra obligaci\u00f3n que adquieren, es ser los guardianes de estos espacios naturales, vigilandoque no se tale el manglar y ejecutando por iniciativa propia jornadas de reforestaci\u00f3n y limpieza. En las jornadas de reforestaciones se utiliza principalmente el mangle rojo (Rhizophora mangle), en un 90%;y en un menor margen las especies de mangle blanco (Lagunculariaracemosa) y el mangle negro (Avicenniagerminans).<\/p>\n<p style=\"text-align: justify;\">Ger\u00f3nimo Vera, presidente de la Asociaci\u00f3n Cerritos Los Morre\u00f1os, habitante de la comuna del mismo nombre ubicada en una de las islas del Golfo de Guayaquil, recuerda que antes realizaban el corte selectivo del mangle, proveyendo a empresas que hac\u00edan casas de madera, haci\u00e9ndose conocido en los alrededores con el nombre de \u201clos destructores\u201d.<\/p>\n<p style=\"text-align: justify;\">\u201cPero hace 13 a\u00f1os al recibir capacitaciones y la concesi\u00f3n del manglar por parte del MAE-SGMC y otras organizaciones nos convertimos en los protectores del ecosistema manglar, porque buscamos otras alternativas para coger jaiba, cangrejo, hacer la pesca artesanal, mejorando la producci\u00f3n y la calidad del producto que extraemos\u201d, mencion\u00f3 el dirigente.<\/p>\n<p style=\"text-align: justify;\">Cerrito de Los Morre\u00f1osse ha convertido en un ejemplo destacable porque sus habitantes aprendieron sobre la importancia del manglar, buscando un convivencia arm\u00f3nicamente del hombre y la naturaleza, con la aplicaci\u00f3n de reglamentos internos, accediendo a la educaci\u00f3n, servicios b\u00e1sicos, capacitaciones que los ayuda a cambiar su estilo de vida y proteger el ambiente.<\/p>\n<p style=\"text-align: justify;\">Hasta la fecha el Ministerio del Ambiente ha verificado la reforestaci\u00f3n de 1.556,90 ha de manglar en el pa\u00eds, a trav\u00e9s de la recuperaci\u00f3n de espacios concesionados a posesionarios de camaroneras.<\/p>\n<p>DANDO CLICK <a href=\"https:\/\/www.youtube.com\/watch?v=jl0WxVgoVWw&amp;feature=c4-overview&amp;list=UUy4WxlnNNRslKwo20UdzAHQ\">AQU\u00cd<\/a> PODR\u00c1S VER UN VIDEO DE \u00c1REA PROTEGIDA MANGLARES CHURUTE<\/p>\n","protected":false},"excerpt":{"rendered":"<p class=\"excerpt\">El manglar es un ecosistema marino costero importante para el pa\u00eds y el planeta. Es un espacio irremplazable y \u00fanico, que alberga a una incre\u00edble biodiversidad de animales, plantas, moluscos, aves,consider\u00e1ndolo como una de las cinco unidades ecol\u00f3gicas m\u00e1s productivas del mundo. Esa importancia ha hecho que en el Ecuador, el Ministerio del Ambiente (MAE), a trav\u00e9s de la Subsecretar\u00eda&hellip; <a href=\"https:\/\/www.ambienteyenergia.gob.ec\/ambiente\/dia-internacional-de-defensa-del-manglar\/\">Read more &rarr;<\/a><\/p>\n","protected":false},"author":13,"featured_media":13486,"comment_status":"open","ping_status":"open","sticky":false,"template":"","format":"standard","meta":{"footnotes":""},"categories":[16,4],"tags":[],"class_list":["post-13485","post","type-post","status-publish","format-standard","has-post-thumbnail","hentry","category-comunicamos","category-noticias","xfolkentry"],"_links":{"self":[{"href":"https:\/\/www.ambienteyenergia.gob.ec\/ambiente\/wp-json\/wp\/v2\/posts\/13485","targetHints":{"allow":["GET"]}}],"collection":[{"href":"https:\/\/www.ambienteyenergia.gob.ec\/ambiente\/wp-json\/wp\/v2\/posts"}],"about":[{"href":"https:\/\/www.ambienteyenergia.gob.ec\/ambiente\/wp-json\/wp\/v2\/types\/post"}],"author":[{"embeddable":true,"href":"https:\/\/www.ambienteyenergia.gob.ec\/ambiente\/wp-json\/wp\/v2\/users\/13"}],"replies":[{"embeddable":true,"href":"https:\/\/www.ambienteyenergia.gob.ec\/ambiente\/wp-json\/wp\/v2\/comments?post=13485"}],"version-history":[{"count":0,"href":"https:\/\/www.ambienteyenergia.gob.ec\/ambiente\/wp-json\/wp\/v2\/posts\/13485\/revisions"}],"wp:featuredmedia":[{"embeddable":true,"href":"https:\/\/www.ambienteyenergia.gob.ec\/ambiente\/wp-json\/wp\/v2\/media\/13486"}],"wp:attachment":[{"href":"https:\/\/www.ambienteyenergia.gob.ec\/ambiente\/wp-json\/wp\/v2\/media?parent=13485"}],"wp:term":[{"taxonomy":"category","embeddable":true,"href":"https:\/\/www.ambienteyenergia.gob.ec\/ambiente\/wp-json\/wp\/v2\/categories?post=13485"},{"taxonomy":"post_tag","embeddable":true,"href":"https:\/\/www.ambienteyenergia.gob.ec\/ambiente\/wp-json\/wp\/v2\/tags?post=13485"}],"curies":[{"name":"wp","href":"https:\/\/api.w.org\/{rel}","templated":true}]}}