{"id":13481,"date":"2013-07-25T11:32:35","date_gmt":"2013-07-25T16:32:35","guid":{"rendered":"http:\/\/www.ambiente.gob.ec\/?p=13481"},"modified":"2013-07-26T11:47:59","modified_gmt":"2013-07-26T16:47:59","slug":"ministra-lorena-tapia-dialogo-con-alcaldes-de-chimborazo-para-analizar-iniciativas-ambientales","status":"publish","type":"post","link":"https:\/\/www.ambienteyenergia.gob.ec\/ambiente\/ministra-lorena-tapia-dialogo-con-alcaldes-de-chimborazo-para-analizar-iniciativas-ambientales\/","title":{"rendered":"Ministra, Lorena Tapia, dialog\u00f3 con alcaldes de Chimborazo para analizar iniciativas ambientales"},"content":{"rendered":"<p style=\"text-align: justify;\">Ayer, la Ministra del Ambiente, Lorena Tapia, particip\u00f3 en un di\u00e1logo con nueve alcaldes de la provincia de Chimborazo, con el fin de analizar las iniciativas que est\u00e1n desarrollando en materia ambiental. Los alcaldes y\/o representantes de Riobamba, Penipe, Chambo, Guano, Colta, Guamote, Alaus\u00ed, Chunchi y Pallatango se dieron cita en las instalaciones de la Direcci\u00f3n Provincial de Riobamba, para intercambiar experiencias y dar soluci\u00f3n a algunos requerimientos que poseen sus dependencias.<\/p>\n<p style=\"text-align: justify;\">\u201cCuenten con la Autoridad Ambiental para respaldar sus proyectos. Necesitamos su apoyo para que esta revoluci\u00f3n ambiental se lleve a cabo, para este gobierno los temas ambientales son trascendentales y transversales, as\u00ed que cuenten con nosotros\u201d, enfatiz\u00f3 la Ministra Tapia.<\/p>\n<p style=\"text-align: justify;\">En el conversatorio, tambi\u00e9n se expusieron temas enmarcados en lo ambiental como la clasificaci\u00f3n de desechos y residuos, sistemas de recolecci\u00f3n de basura, rellenos sanitarios, entre otros.<\/p>\n<p style=\"text-align: justify;\">Una de las labores m\u00e1s significativas a nivel ambiental en la provincia fue la gesti\u00f3n del cant\u00f3n Chunchi. Walter Narv\u00e1ez Mancero, Alcalde de Chunchi explic\u00f3 las iniciativas ambientales que ejecut\u00e1n con el apoyo del MAE. \u201cHace dos a\u00f1os, ten\u00edamos un botadero de basura a cielo abierto y eso implicaba varios conflictos, entre ellos, el mal olor. Por lo que result\u00f3 imprescindible hacer un relleno sanitario, que a m\u00e1s de descontaminar el r\u00edo Chanchan, beneficiar\u00eda a la poblaci\u00f3n\u201d.<\/p>\n<p style=\"text-align: justify;\">Adem\u00e1s, manifest\u00f3 que \u201cla gesti\u00f3n con la gente no ha sido f\u00e1cil, trabajar temas de reciclaje con los adultos es complicado. Por esa raz\u00f3n, decidimos trabajar con los ni\u00f1os y j\u00f3venes en el cambio de mentalidad desde la parte educativa. El objetivo es incluir en la malla curricular de las escuelas y colegios un componente ambiental que incentive a los estudiantes a participar en el cuidado del ambiente a trav\u00e9s de reciclaje\u201d. En ese sentido, la Ministra Tapia, ratific\u00f3 su compromiso y agradecimiento a todos los alcaldes, por su ardua labor, adem\u00e1s, por ser el brazo ejecutor y un aliado estrat\u00e9gico para el Ministerio del Ambiente. \u201cComo m\u00e1xima Autoridad Ambiental y como portavoz del Presidente, Rafael Correa, quiero dejar claro que la prioridad de este gobierno es solucionar los problemas ambientales y dar una soluciones integrales, con el fin de propiciar el buen vivir de los ecuatorianos\u201d.<\/p>\n<p style=\"text-align: justify;\">Por su parte, los representantes de los cabildos agradecieron la gesti\u00f3n del Ministerio del Ambiente y el apoyo que esta Cartera de Estado brinda a los municipios. Narv\u00e1ez se refiri\u00f3 a la excelente labor del Ministerio del Ambiente en el sentido de democratizar la gesti\u00f3n p\u00fablica y apoyar m\u00e1s a la ciudadan\u00eda y su Buen Vivir. \u201cLa labor de la Ministra del Ambiente est\u00e1 reflejada en el apoyo que nos ha dado a todos los gobiernos locales\u201d.<\/p>\n","protected":false},"excerpt":{"rendered":"<p class=\"excerpt\">Ayer, la Ministra del Ambiente, Lorena Tapia, particip\u00f3 en un di\u00e1logo con nueve alcaldes de la provincia de Chimborazo, con el fin de analizar las iniciativas que est\u00e1n desarrollando en materia ambiental. Los alcaldes y\/o representantes de Riobamba, Penipe, Chambo, Guano, Colta, Guamote, Alaus\u00ed, Chunchi y Pallatango se dieron cita en las instalaciones de la Direcci\u00f3n Provincial de Riobamba, para&hellip; <a href=\"https:\/\/www.ambienteyenergia.gob.ec\/ambiente\/ministra-lorena-tapia-dialogo-con-alcaldes-de-chimborazo-para-analizar-iniciativas-ambientales\/\">Read more &rarr;<\/a><\/p>\n","protected":false},"author":13,"featured_media":13482,"comment_status":"open","ping_status":"open","sticky":false,"template":"","format":"standard","meta":{"footnotes":""},"categories":[16,4,10],"tags":[],"class_list":["post-13481","post","type-post","status-publish","format-standard","has-post-thumbnail","hentry","category-comunicamos","category-noticias","category-noticias-destacadas","xfolkentry"],"_links":{"self":[{"href":"https:\/\/www.ambienteyenergia.gob.ec\/ambiente\/wp-json\/wp\/v2\/posts\/13481","targetHints":{"allow":["GET"]}}],"collection":[{"href":"https:\/\/www.ambienteyenergia.gob.ec\/ambiente\/wp-json\/wp\/v2\/posts"}],"about":[{"href":"https:\/\/www.ambienteyenergia.gob.ec\/ambiente\/wp-json\/wp\/v2\/types\/post"}],"author":[{"embeddable":true,"href":"https:\/\/www.ambienteyenergia.gob.ec\/ambiente\/wp-json\/wp\/v2\/users\/13"}],"replies":[{"embeddable":true,"href":"https:\/\/www.ambienteyenergia.gob.ec\/ambiente\/wp-json\/wp\/v2\/comments?post=13481"}],"version-history":[{"count":0,"href":"https:\/\/www.ambienteyenergia.gob.ec\/ambiente\/wp-json\/wp\/v2\/posts\/13481\/revisions"}],"wp:featuredmedia":[{"embeddable":true,"href":"https:\/\/www.ambienteyenergia.gob.ec\/ambiente\/wp-json\/wp\/v2\/media\/13482"}],"wp:attachment":[{"href":"https:\/\/www.ambienteyenergia.gob.ec\/ambiente\/wp-json\/wp\/v2\/media?parent=13481"}],"wp:term":[{"taxonomy":"category","embeddable":true,"href":"https:\/\/www.ambienteyenergia.gob.ec\/ambiente\/wp-json\/wp\/v2\/categories?post=13481"},{"taxonomy":"post_tag","embeddable":true,"href":"https:\/\/www.ambienteyenergia.gob.ec\/ambiente\/wp-json\/wp\/v2\/tags?post=13481"}],"curies":[{"name":"wp","href":"https:\/\/api.w.org\/{rel}","templated":true}]}}