{"id":13477,"date":"2013-07-25T10:38:44","date_gmt":"2013-07-25T15:38:44","guid":{"rendered":"http:\/\/www.ambiente.gob.ec\/?p=13477"},"modified":"2013-07-25T10:38:44","modified_gmt":"2013-07-25T15:38:44","slug":"mae-impulsa-acciones-para-combatir-la-desertificacion-en-chimborazo","status":"publish","type":"post","link":"https:\/\/www.ambienteyenergia.gob.ec\/ambiente\/mae-impulsa-acciones-para-combatir-la-desertificacion-en-chimborazo\/","title":{"rendered":"MAE impulsa acciones para combatir la desertificaci\u00f3n en Chimborazo"},"content":{"rendered":"<p style=\"text-align: justify;\">El Ministerio del Ambiente (MAE), en coordinaci\u00f3n con la Escuela Superior Polit\u00e9cnica de Chimborazo, realiza desde el pasado 23 de julio, un <strong><em>\u201cTaller para la elaboraci\u00f3n del mapa de desertificaci\u00f3n nacional\u201d.<\/em><\/strong> La capacitaci\u00f3n que se desarrolla en la Facultad de Recursos Naturales de la Escuela Superior Polit\u00e9cnica de Chimborazo (ESPOCH), culminar\u00e1 hoy.<\/p>\n<p style=\"text-align: justify;\">El prop\u00f3sito de este evento es generar y coordinar acciones y actividades para apoyar la lucha contra la desertificaci\u00f3n y degradaci\u00f3n de tierras. La elaboraci\u00f3n de este mapa busca acciones coherentes y coordinadas que articulen el conocimiento tecnol\u00f3gico en pro de la conservaci\u00f3n de los suelos.<\/p>\n<p style=\"text-align: justify;\">El evento estuvo dirigido a los puntos focales de todo el Ecuador, quienes a trav\u00e9s del conocimiento adquirido, har\u00e1n de la desertificaci\u00f3n un tema importante, a ser abordado con la b\u00fasqueda de acciones conjuntas para combatirla.<\/p>\n<p style=\"text-align: justify;\">Entre los temas a tratar, se expusieron \u00a0herramientas como los sistemas de informaci\u00f3n geogr\u00e1fica e im\u00e1genes satelitales, que ayudar\u00e1n a identificar actividades que mejoren las tierras en las zonas \u00e1ridas, semi\u00e1ridas y subh\u00famedas secas, con miras a un desarrollo sostenible.<\/p>\n<p style=\"text-align: justify;\">El MAE, a trav\u00e9s de la Direcci\u00f3n Nacional de Adaptaci\u00f3n al Cambio Clim\u00e1tico, impulsa acciones en el combate a la desertificaci\u00f3n en todas las provincias del pa\u00eds, mediante el desarrollo de talleres y capacitaciones.<\/p>\n<p style=\"text-align: justify;\">\n","protected":false},"excerpt":{"rendered":"<p class=\"excerpt\">El Ministerio del Ambiente (MAE), en coordinaci\u00f3n con la Escuela Superior Polit\u00e9cnica de Chimborazo, realiza desde el pasado 23 de julio, un \u201cTaller para la elaboraci\u00f3n del mapa de desertificaci\u00f3n nacional\u201d. La capacitaci\u00f3n que se desarrolla en la Facultad de Recursos Naturales de la Escuela Superior Polit\u00e9cnica de Chimborazo (ESPOCH), culminar\u00e1 hoy. El prop\u00f3sito de este evento es generar y&hellip; <a href=\"https:\/\/www.ambienteyenergia.gob.ec\/ambiente\/mae-impulsa-acciones-para-combatir-la-desertificacion-en-chimborazo\/\">Read more &rarr;<\/a><\/p>\n","protected":false},"author":13,"featured_media":13478,"comment_status":"open","ping_status":"open","sticky":false,"template":"","format":"standard","meta":{"footnotes":""},"categories":[16,4],"tags":[],"class_list":["post-13477","post","type-post","status-publish","format-standard","has-post-thumbnail","hentry","category-comunicamos","category-noticias","xfolkentry"],"_links":{"self":[{"href":"https:\/\/www.ambienteyenergia.gob.ec\/ambiente\/wp-json\/wp\/v2\/posts\/13477","targetHints":{"allow":["GET"]}}],"collection":[{"href":"https:\/\/www.ambienteyenergia.gob.ec\/ambiente\/wp-json\/wp\/v2\/posts"}],"about":[{"href":"https:\/\/www.ambienteyenergia.gob.ec\/ambiente\/wp-json\/wp\/v2\/types\/post"}],"author":[{"embeddable":true,"href":"https:\/\/www.ambienteyenergia.gob.ec\/ambiente\/wp-json\/wp\/v2\/users\/13"}],"replies":[{"embeddable":true,"href":"https:\/\/www.ambienteyenergia.gob.ec\/ambiente\/wp-json\/wp\/v2\/comments?post=13477"}],"version-history":[{"count":0,"href":"https:\/\/www.ambienteyenergia.gob.ec\/ambiente\/wp-json\/wp\/v2\/posts\/13477\/revisions"}],"wp:featuredmedia":[{"embeddable":true,"href":"https:\/\/www.ambienteyenergia.gob.ec\/ambiente\/wp-json\/wp\/v2\/media\/13478"}],"wp:attachment":[{"href":"https:\/\/www.ambienteyenergia.gob.ec\/ambiente\/wp-json\/wp\/v2\/media?parent=13477"}],"wp:term":[{"taxonomy":"category","embeddable":true,"href":"https:\/\/www.ambienteyenergia.gob.ec\/ambiente\/wp-json\/wp\/v2\/categories?post=13477"},{"taxonomy":"post_tag","embeddable":true,"href":"https:\/\/www.ambienteyenergia.gob.ec\/ambiente\/wp-json\/wp\/v2\/tags?post=13477"}],"curies":[{"name":"wp","href":"https:\/\/api.w.org\/{rel}","templated":true}]}}