{"id":13464,"date":"2013-07-24T18:03:12","date_gmt":"2013-07-24T23:03:12","guid":{"rendered":"http:\/\/www.ambiente.gob.ec\/?p=13464"},"modified":"2013-07-24T18:04:50","modified_gmt":"2013-07-24T23:04:50","slug":"la-ministra-lorena-tapia-compartio-experiencias-con-socios-de-la-sierra-del-programa-socio-bosque","status":"publish","type":"post","link":"https:\/\/www.ambienteyenergia.gob.ec\/ambiente\/la-ministra-lorena-tapia-compartio-experiencias-con-socios-de-la-sierra-del-programa-socio-bosque\/","title":{"rendered":"La Ministra, Lorena Tapia, comparti\u00f3 experiencias con socios de la Sierra del Programa Socio Bosque"},"content":{"rendered":"<p style=\"text-align: justify;\">Hoy, la Ministra del Ambiente, Lorena Tapia, particip\u00f3 en la feria de socios<strong> \u201cUn intercambio por el cambio\u201d<\/strong>, evento organizado por el Programa Socio Bosque con el objetivo de intercambiar experiencias que permitan a los beneficiarios desarrollar capacidades para la gesti\u00f3n efectiva de la conservaci\u00f3n de bosques y p\u00e1ramos nativos. Al evento asistieron m\u00e1s de 100 representantes comunitarios, quienes se dieron cita en la Hoster\u00eda El Troje, ubicada en la v\u00eda a Chambo, provincia de Chimborazo.<\/p>\n<p style=\"text-align: justify;\">\u201cNunca antes una iniciativa de conservaci\u00f3n ha tenido una acogida tan abrumadora entre la poblaci\u00f3n, el \u00e9xito de Socio Bosque es impresionante y somos ya un referente mundial, pa\u00edses como Per\u00fa y Bolivia est\u00e1n implementando programas similares, estamos haciendo y cambiando la historia de nuestros pa\u00edses\u201d, afirm\u00f3 la Ministra en su discurso. Asimismo, invit\u00f3 a las mujeres del Programa a ser parte de la Red de Mujeres L\u00edderes por la Sostenibilidad.<\/p>\n<p style=\"text-align: justify;\">El Ministerio del Ambiente (MAE), con el fin de propiciar espacios de aprendizaje y cooperaci\u00f3n comunitaria e interinstitucional para promover la gesti\u00f3n ambiental, realiza cada a\u00f1o la feria Socio Bosque. En estas jornadas de trabajo se capacita a los participantes del programa en tres \u00e1reas de importancia para el cumplimiento de los convenios, est\u00e1s son: control y vigilancia comunitaria de las \u00e1reas bajo conservaci\u00f3n, alternativas productivas para la inversi\u00f3n del incentivo y experiencias exitosas en la organizaci\u00f3n comunitaria por en diversos campos.<\/p>\n<p style=\"text-align: justify;\">El Programa Socio Bosque beneficia con incentivos a m\u00e1s de 60 00 personas en la Sierra del Ecuador y se conservan alrededor de 115 mil hect\u00e1reas de bosques y p\u00e1ramos. La iniciativa ambiental naci\u00f3 en el 2008, como parte del modelo de Gobernanza Forestal, por lo que promueve la conservaci\u00f3n de bosques y p\u00e1ramos nativos en todo el pa\u00eds. Al momento, gracias a la gesti\u00f3n del MAE a trav\u00e9s del Programa Socio Bosque se conserva 1 mill\u00f3n 116 mil hect\u00e1reas de bosques y p\u00e1ramos nativos, adem\u00e1s, beneficia a m\u00e1s de 34 mil familias en todo el pa\u00eds. Uno de sus principales ejes de gesti\u00f3n consiste en el mejoramiento de vida de sus beneficiarios en todo el pa\u00eds.<\/p>\n<p style=\"text-align: justify;\">\u201cNosotros estamos preocupados de proteger el p\u00e1ramo, proteger los bosques, pues todo esto es nuestro, es nuestra naturaleza y qu\u00e9 mejor que conservar estos espacios naturales y recibir un incentivo, con el que podemos salir adelante\u201d, coment\u00f3 con emoci\u00f3n, Carlos Chicaiza, uno de los beneficiarios.<\/p>\n<p style=\"text-align: justify;\">En esta feria del presente a\u00f1o participaron diferentes comunidades de las provincias de Carchi, Imbabura, Pichincha, Cotopaxi, Tungurahua Azuay, Loja, Ca\u00f1ar, Bol\u00edvar y Chimborazo. Asimismo, se integraron otras carteras de estado como el Ministerio de Inclusi\u00f3n Econ\u00f3mica y Social, y el Servicio de Rentas Internas, entre otros; para responder algunas inquietudes de los socios en temas que competen a estas instituciones.<\/p>\n<p style=\"text-align: justify;\">Mar\u00eda Rosario Sacta, beneficiaria de Checa (Azuay) asegur\u00f3 que el programa Socio Bosque del MAE, ha mejorado notablemente la calidad de vida de su comunidad. \u201cVigilamos los p\u00e1ramos con un plan de trabajo, nos organizamos y recibimos beneficios, eso es una gran ayuda\u201d.<\/p>\n<p style=\"text-align: justify;\">\u201cHoy gracias a este esfuerzo de conservaci\u00f3n que realizan ustedes socios y socias del programa, estamos poniendo freno a la deforestaci\u00f3n, estamos garantizando que se conserven las fuentes del agua, estamos dando una oportunidad para que las especies, la biodiversidad exista, al mantener su h\u00e1bitat, su hogar\u201d, explic\u00f3 la Ministra.<\/p>\n<p style=\"text-align: justify;\">\u201cEl gobierno de la revoluci\u00f3n ciudadana, a trav\u00e9s del Ministerio del Ambiente, no escatima sus esfuerzos para que este programa creado e implementado por mentes y manos ecuatorianas contin\u00fae beneficiando y siendo fiel ejemplo que nuestro pa\u00eds ama la vida, ama los bosques y ama los p\u00e1ramos\u201d, concluy\u00f3 la Autoridad Ambiental.<\/p>\n<div id='gallery-1' class='gallery galleryid-13464 gallery-columns-4 gallery-size-thumbnail'><dl class='gallery-item'>\n\t\t\t<dt class='gallery-icon landscape'>\n\t\t\t\t<a href='https:\/\/www.ambienteyenergia.gob.ec\/ambiente\/la-ministra-lorena-tapia-compartio-experiencias-con-socios-de-la-sierra-del-programa-socio-bosque\/pie\/'><img loading=\"lazy\" decoding=\"async\" width=\"150\" height=\"150\" src=\"https:\/\/www.ambienteyenergia.gob.ec\/ambiente\/wp-content\/uploads\/sites\/2\/2013\/07\/PIE-150x150.jpg\" class=\"attachment-thumbnail size-thumbnail\" alt=\"\" \/><\/a>\n\t\t\t<\/dt><\/dl><dl class='gallery-item'>\n\t\t\t<dt class='gallery-icon landscape'>\n\t\t\t\t<a href='https:\/\/www.ambienteyenergia.gob.ec\/ambiente\/la-ministra-lorena-tapia-compartio-experiencias-con-socios-de-la-sierra-del-programa-socio-bosque\/_mg_0922\/'><img loading=\"lazy\" decoding=\"async\" width=\"150\" height=\"150\" src=\"https:\/\/www.ambienteyenergia.gob.ec\/ambiente\/wp-content\/uploads\/sites\/2\/2013\/07\/MG_0922-150x150.jpg\" class=\"attachment-thumbnail size-thumbnail\" alt=\"\" \/><\/a>\n\t\t\t<\/dt><\/dl><dl class='gallery-item'>\n\t\t\t<dt class='gallery-icon landscape'>\n\t\t\t\t<a href='https:\/\/www.ambienteyenergia.gob.ec\/ambiente\/la-ministra-lorena-tapia-compartio-experiencias-con-socios-de-la-sierra-del-programa-socio-bosque\/_mg_0950\/'><img loading=\"lazy\" decoding=\"async\" width=\"150\" height=\"150\" src=\"https:\/\/www.ambienteyenergia.gob.ec\/ambiente\/wp-content\/uploads\/sites\/2\/2013\/07\/MG_0950-150x150.jpg\" class=\"attachment-thumbnail size-thumbnail\" alt=\"\" \/><\/a>\n\t\t\t<\/dt><\/dl><dl class='gallery-item'>\n\t\t\t<dt class='gallery-icon landscape'>\n\t\t\t\t<a href='https:\/\/www.ambienteyenergia.gob.ec\/ambiente\/la-ministra-lorena-tapia-compartio-experiencias-con-socios-de-la-sierra-del-programa-socio-bosque\/_mg_1000\/'><img loading=\"lazy\" decoding=\"async\" width=\"150\" height=\"150\" src=\"https:\/\/www.ambienteyenergia.gob.ec\/ambiente\/wp-content\/uploads\/sites\/2\/2013\/07\/MG_1000-150x150.jpg\" class=\"attachment-thumbnail size-thumbnail\" alt=\"\" \/><\/a>\n\t\t\t<\/dt><\/dl><br style=\"clear: both\" \/><dl class='gallery-item'>\n\t\t\t<dt class='gallery-icon landscape'>\n\t\t\t\t<a href='https:\/\/www.ambienteyenergia.gob.ec\/ambiente\/la-ministra-lorena-tapia-compartio-experiencias-con-socios-de-la-sierra-del-programa-socio-bosque\/_mg_1065\/'><img loading=\"lazy\" decoding=\"async\" width=\"150\" height=\"150\" src=\"https:\/\/www.ambienteyenergia.gob.ec\/ambiente\/wp-content\/uploads\/sites\/2\/2013\/07\/MG_1065-150x150.jpg\" class=\"attachment-thumbnail size-thumbnail\" alt=\"\" \/><\/a>\n\t\t\t<\/dt><\/dl><dl class='gallery-item'>\n\t\t\t<dt class='gallery-icon landscape'>\n\t\t\t\t<a href='https:\/\/www.ambienteyenergia.gob.ec\/ambiente\/la-ministra-lorena-tapia-compartio-experiencias-con-socios-de-la-sierra-del-programa-socio-bosque\/_mg_1114\/'><img loading=\"lazy\" decoding=\"async\" width=\"150\" height=\"150\" src=\"https:\/\/www.ambienteyenergia.gob.ec\/ambiente\/wp-content\/uploads\/sites\/2\/2013\/07\/MG_1114-150x150.jpg\" class=\"attachment-thumbnail size-thumbnail\" alt=\"\" \/><\/a>\n\t\t\t<\/dt><\/dl><dl class='gallery-item'>\n\t\t\t<dt class='gallery-icon landscape'>\n\t\t\t\t<a href='https:\/\/www.ambienteyenergia.gob.ec\/ambiente\/la-ministra-lorena-tapia-compartio-experiencias-con-socios-de-la-sierra-del-programa-socio-bosque\/_mg_0973\/'><img loading=\"lazy\" decoding=\"async\" width=\"150\" height=\"150\" src=\"https:\/\/www.ambienteyenergia.gob.ec\/ambiente\/wp-content\/uploads\/sites\/2\/2013\/07\/MG_0973-150x150.jpg\" class=\"attachment-thumbnail size-thumbnail\" alt=\"\" \/><\/a>\n\t\t\t<\/dt><\/dl><dl class='gallery-item'>\n\t\t\t<dt class='gallery-icon landscape'>\n\t\t\t\t<a href='https:\/\/www.ambienteyenergia.gob.ec\/ambiente\/la-ministra-lorena-tapia-compartio-experiencias-con-socios-de-la-sierra-del-programa-socio-bosque\/_mg_0970\/'><img loading=\"lazy\" decoding=\"async\" width=\"150\" height=\"150\" src=\"https:\/\/www.ambienteyenergia.gob.ec\/ambiente\/wp-content\/uploads\/sites\/2\/2013\/07\/MG_0970-150x150.jpg\" class=\"attachment-thumbnail size-thumbnail\" alt=\"\" \/><\/a>\n\t\t\t<\/dt><\/dl><br style=\"clear: both\" \/>\n\t\t<\/div>\n\n<p>&nbsp;<\/p>\n<p>&nbsp;<\/p>\n","protected":false},"excerpt":{"rendered":"<p class=\"excerpt\">Hoy, la Ministra del Ambiente, Lorena Tapia, particip\u00f3 en la feria de socios \u201cUn intercambio por el cambio\u201d, evento organizado por el Programa Socio Bosque con el objetivo de intercambiar experiencias que permitan a los beneficiarios desarrollar capacidades para la gesti\u00f3n efectiva de la conservaci\u00f3n de bosques y p\u00e1ramos nativos. Al evento asistieron m\u00e1s de 100 representantes comunitarios, quienes se&hellip; <a href=\"https:\/\/www.ambienteyenergia.gob.ec\/ambiente\/la-ministra-lorena-tapia-compartio-experiencias-con-socios-de-la-sierra-del-programa-socio-bosque\/\">Read more &rarr;<\/a><\/p>\n","protected":false},"author":13,"featured_media":13465,"comment_status":"open","ping_status":"open","sticky":false,"template":"","format":"standard","meta":{"footnotes":""},"categories":[16,4,10],"tags":[],"class_list":["post-13464","post","type-post","status-publish","format-standard","has-post-thumbnail","hentry","category-comunicamos","category-noticias","category-noticias-destacadas","xfolkentry"],"_links":{"self":[{"href":"https:\/\/www.ambienteyenergia.gob.ec\/ambiente\/wp-json\/wp\/v2\/posts\/13464","targetHints":{"allow":["GET"]}}],"collection":[{"href":"https:\/\/www.ambienteyenergia.gob.ec\/ambiente\/wp-json\/wp\/v2\/posts"}],"about":[{"href":"https:\/\/www.ambienteyenergia.gob.ec\/ambiente\/wp-json\/wp\/v2\/types\/post"}],"author":[{"embeddable":true,"href":"https:\/\/www.ambienteyenergia.gob.ec\/ambiente\/wp-json\/wp\/v2\/users\/13"}],"replies":[{"embeddable":true,"href":"https:\/\/www.ambienteyenergia.gob.ec\/ambiente\/wp-json\/wp\/v2\/comments?post=13464"}],"version-history":[{"count":0,"href":"https:\/\/www.ambienteyenergia.gob.ec\/ambiente\/wp-json\/wp\/v2\/posts\/13464\/revisions"}],"wp:featuredmedia":[{"embeddable":true,"href":"https:\/\/www.ambienteyenergia.gob.ec\/ambiente\/wp-json\/wp\/v2\/media\/13465"}],"wp:attachment":[{"href":"https:\/\/www.ambienteyenergia.gob.ec\/ambiente\/wp-json\/wp\/v2\/media?parent=13464"}],"wp:term":[{"taxonomy":"category","embeddable":true,"href":"https:\/\/www.ambienteyenergia.gob.ec\/ambiente\/wp-json\/wp\/v2\/categories?post=13464"},{"taxonomy":"post_tag","embeddable":true,"href":"https:\/\/www.ambienteyenergia.gob.ec\/ambiente\/wp-json\/wp\/v2\/tags?post=13464"}],"curies":[{"name":"wp","href":"https:\/\/api.w.org\/{rel}","templated":true}]}}