{"id":13444,"date":"2013-07-24T09:00:49","date_gmt":"2013-07-24T14:00:49","guid":{"rendered":"http:\/\/www.ambiente.gob.ec\/?p=13444"},"modified":"2013-07-24T09:18:00","modified_gmt":"2013-07-24T14:18:00","slug":"el-condor-felipe-surca-libre-por-los-aires","status":"publish","type":"post","link":"https:\/\/www.ambienteyenergia.gob.ec\/ambiente\/el-condor-felipe-surca-libre-por-los-aires\/","title":{"rendered":"\u00a1El c\u00f3ndor \u201cFelipe\u201d surca libre por los aires!"},"content":{"rendered":"<p style=\"text-align: justify;\">Este 23 de julio es sin duda un d\u00eda especial para la conservaci\u00f3n de animales silvestres en nuestro pa\u00eds. El c\u00f3ndor \u201cFelipe\u201d rescatado el pasado 25 de junio en la comunidad Campo Alegre de la provincia del Napo fue liberado despu\u00e9s de estar en cautiverio debido a su delicado estado de salud por casi un mes. La liberaci\u00f3n tom\u00f3 lugar a las doce horas en uno de los pe\u00f1ones cercanos a la laguna La Mica, en el Antisana, provincia de Pichincha.<\/p>\n<p style=\"text-align: justify;\">Ya en el sitio, Hern\u00e1n Vargas del Grupo C\u00f3ndor, explicaba que este es el primer esp\u00e9cimen a ser liberado con un rastreador satelital que permitir\u00e1 dar con coordenadas de ubicaci\u00f3n y altura. Esto significa que a trav\u00e9s del rastreador se sabr\u00e1 donde est\u00e1n sus nidos, posaderos, distancias y per\u00edmetros de vuelo e incluso se podr\u00e1 detectar sitios de liberaci\u00f3n futura. Tambi\u00e9n se le coloc\u00f3 bandas alares con el n\u00famero uno, en caso de avistamiento con binoculares se lo podr\u00e1 identificar de entre los dem\u00e1s.<\/p>\n<p style=\"text-align: justify;\">Para las doce del d\u00eda todo estaba listo, Andr\u00e9s Ortega, m\u00e9dico veterinario del USFQ, explicaba que el sitio de liberaci\u00f3n hab\u00eda sido escogido estrat\u00e9gicamente, por sus corrientes de agua, termales, animales que eventualmente pueden servir de alimento para los c\u00f3ndores y otras caracter\u00edsticas que hac\u00edan de este, el sitio apropiado.<\/p>\n<p style=\"text-align: justify;\">Felipe Farinango, que en el 25 de junio rescat\u00f3 al c\u00f3ndor, fue el encargado de liberarlo. Con una sonrisa en su rostro dijo sentirse emocionado porque su \u201ctocayo\u201d iba a volar libre nuevamente. Estuvo acompa\u00f1ado por Javier Cer\u00f3n, que fue tambi\u00e9n parte del rescate pasado. Farinango abri\u00f3 meticulosamente la malla del canil, hubo un instante de silencio, el c\u00f3ndor sali\u00f3 de su jaula y su desplazamiento de siete pasos fue suficiente para que extienda sus alas y alce el vuelo. El sol nunca abandon\u00f3 al d\u00eda de cielo azul y los ojos de los presentes no se apartaban del majestuoso planeo de nuestro c\u00f3ndor \u201cFelipe\u201d.<\/p>\n<p style=\"text-align: justify;\">En el momento de su rescate, la condici\u00f3n muscular del esp\u00e9cimen se encontraba disminuida, hab\u00eda severos signos de desnutrici\u00f3n por lo que se lo traslad\u00f3 a la cl\u00ednica veterinaria de la Universidad San Francisco de Quito para luego ser dirigido al centro de rescate Ilitio en la provincia de Cotopaxi. Fue en este \u00faltimo sitio donde \u201cFelipe\u201d recibi\u00f3 un tratamiento de tres semanas aproximadamente. Sebasti\u00e1n Kohn, del centro de rescate, explica que se busc\u00f3 el menor acercamiento del c\u00f3ndor con los seres humanos. Marcelo Reinoso, encargado del centro, ingresaba a la jaula tapado con un cuero de vaca y dejaba el alimento.<\/p>\n<p style=\"text-align: justify;\">La recuperaci\u00f3n de \u201cFelipe\u201d fue notable con el pasar de los d\u00edas. Su estado se monitoreaba mediante la observaci\u00f3n de sus h\u00e1bitos, el desgarramiento de la carne que se le hab\u00eda provisto, los saltos y vuelos que realizaba dentro de la jaula y con ex\u00e1menes de laboratorio. En los ex\u00e1menes se descart\u00f3 la existencia de anemia o da\u00f1os en sus \u00f3rganos, as\u00ed como se constat\u00f3 la estabilidad en todos los niveles de nutrici\u00f3n. El Grupo C\u00f3ndor entreg\u00f3 los informes respectivos a esta Cartera de Estado que procedi\u00f3, despu\u00e9s de constatar la informaci\u00f3n brindada, a desarrollar el acta de liberaci\u00f3n respectiva.<\/p>\n<div id='gallery-1' class='gallery galleryid-13444 gallery-columns-4 gallery-size-thumbnail'><dl class='gallery-item'>\n\t\t\t<dt class='gallery-icon landscape'>\n\t\t\t\t<a href='https:\/\/www.ambienteyenergia.gob.ec\/ambiente\/el-condor-felipe-surca-libre-por-los-aires\/condor-2\/'><img loading=\"lazy\" decoding=\"async\" width=\"150\" height=\"150\" src=\"https:\/\/www.ambienteyenergia.gob.ec\/ambiente\/wp-content\/uploads\/sites\/2\/2013\/07\/Condor-2-150x150.jpg\" class=\"attachment-thumbnail size-thumbnail\" alt=\"\" \/><\/a>\n\t\t\t<\/dt><\/dl><dl class='gallery-item'>\n\t\t\t<dt class='gallery-icon landscape'>\n\t\t\t\t<a href='https:\/\/www.ambienteyenergia.gob.ec\/ambiente\/el-condor-felipe-surca-libre-por-los-aires\/condor1-2\/'><img loading=\"lazy\" decoding=\"async\" width=\"150\" height=\"150\" src=\"https:\/\/www.ambienteyenergia.gob.ec\/ambiente\/wp-content\/uploads\/sites\/2\/2013\/07\/Condor1-150x150.jpg\" class=\"attachment-thumbnail size-thumbnail\" alt=\"\" \/><\/a>\n\t\t\t<\/dt><\/dl><dl class='gallery-item'>\n\t\t\t<dt class='gallery-icon landscape'>\n\t\t\t\t<a href='https:\/\/www.ambienteyenergia.gob.ec\/ambiente\/el-condor-felipe-surca-libre-por-los-aires\/acta-de-liberacion\/'><img loading=\"lazy\" decoding=\"async\" width=\"150\" height=\"150\" src=\"https:\/\/www.ambienteyenergia.gob.ec\/ambiente\/wp-content\/uploads\/sites\/2\/2013\/07\/acta-de-liberacion-150x150.jpg\" class=\"attachment-thumbnail size-thumbnail\" alt=\"\" \/><\/a>\n\t\t\t<\/dt><\/dl><dl class='gallery-item'>\n\t\t\t<dt class='gallery-icon landscape'>\n\t\t\t\t<a href='https:\/\/www.ambienteyenergia.gob.ec\/ambiente\/el-condor-felipe-surca-libre-por-los-aires\/felipe-farinango\/'><img loading=\"lazy\" decoding=\"async\" width=\"150\" height=\"150\" src=\"https:\/\/www.ambienteyenergia.gob.ec\/ambiente\/wp-content\/uploads\/sites\/2\/2013\/07\/Felipe-Farinango-150x150.jpg\" class=\"attachment-thumbnail size-thumbnail\" alt=\"\" \/><\/a>\n\t\t\t<\/dt><\/dl><br style=\"clear: both\" \/><dl class='gallery-item'>\n\t\t\t<dt class='gallery-icon landscape'>\n\t\t\t\t<a href='https:\/\/www.ambienteyenergia.gob.ec\/ambiente\/el-condor-felipe-surca-libre-por-los-aires\/grupo\/'><img loading=\"lazy\" decoding=\"async\" width=\"150\" height=\"150\" src=\"https:\/\/www.ambienteyenergia.gob.ec\/ambiente\/wp-content\/uploads\/sites\/2\/2013\/07\/grupo-150x150.jpg\" class=\"attachment-thumbnail size-thumbnail\" alt=\"\" \/><\/a>\n\t\t\t<\/dt><\/dl>\n\t\t\t<br style='clear: both' \/>\n\t\t<\/div>\n\n","protected":false},"excerpt":{"rendered":"<p class=\"excerpt\">Este 23 de julio es sin duda un d\u00eda especial para la conservaci\u00f3n de animales silvestres en nuestro pa\u00eds. El c\u00f3ndor \u201cFelipe\u201d rescatado el pasado 25 de junio en la comunidad Campo Alegre de la provincia del Napo fue liberado despu\u00e9s de estar en cautiverio debido a su delicado estado de salud por casi un mes. La liberaci\u00f3n tom\u00f3 lugar&hellip; <a href=\"https:\/\/www.ambienteyenergia.gob.ec\/ambiente\/el-condor-felipe-surca-libre-por-los-aires\/\">Read more &rarr;<\/a><\/p>\n","protected":false},"author":13,"featured_media":13445,"comment_status":"open","ping_status":"open","sticky":false,"template":"","format":"standard","meta":{"footnotes":""},"categories":[16,4,10],"tags":[],"class_list":["post-13444","post","type-post","status-publish","format-standard","has-post-thumbnail","hentry","category-comunicamos","category-noticias","category-noticias-destacadas","xfolkentry"],"_links":{"self":[{"href":"https:\/\/www.ambienteyenergia.gob.ec\/ambiente\/wp-json\/wp\/v2\/posts\/13444","targetHints":{"allow":["GET"]}}],"collection":[{"href":"https:\/\/www.ambienteyenergia.gob.ec\/ambiente\/wp-json\/wp\/v2\/posts"}],"about":[{"href":"https:\/\/www.ambienteyenergia.gob.ec\/ambiente\/wp-json\/wp\/v2\/types\/post"}],"author":[{"embeddable":true,"href":"https:\/\/www.ambienteyenergia.gob.ec\/ambiente\/wp-json\/wp\/v2\/users\/13"}],"replies":[{"embeddable":true,"href":"https:\/\/www.ambienteyenergia.gob.ec\/ambiente\/wp-json\/wp\/v2\/comments?post=13444"}],"version-history":[{"count":0,"href":"https:\/\/www.ambienteyenergia.gob.ec\/ambiente\/wp-json\/wp\/v2\/posts\/13444\/revisions"}],"wp:featuredmedia":[{"embeddable":true,"href":"https:\/\/www.ambienteyenergia.gob.ec\/ambiente\/wp-json\/wp\/v2\/media\/13445"}],"wp:attachment":[{"href":"https:\/\/www.ambienteyenergia.gob.ec\/ambiente\/wp-json\/wp\/v2\/media?parent=13444"}],"wp:term":[{"taxonomy":"category","embeddable":true,"href":"https:\/\/www.ambienteyenergia.gob.ec\/ambiente\/wp-json\/wp\/v2\/categories?post=13444"},{"taxonomy":"post_tag","embeddable":true,"href":"https:\/\/www.ambienteyenergia.gob.ec\/ambiente\/wp-json\/wp\/v2\/tags?post=13444"}],"curies":[{"name":"wp","href":"https:\/\/api.w.org\/{rel}","templated":true}]}}