{"id":13417,"date":"2013-07-23T16:35:56","date_gmt":"2013-07-23T21:35:56","guid":{"rendered":"http:\/\/www.ambiente.gob.ec\/?p=13417"},"modified":"2013-07-23T21:41:37","modified_gmt":"2013-07-24T02:41:37","slug":"mae-suscribio-un-convenio-de-cooperacion-en-materia-de-proteccion-y-conservacion-con-bolivia","status":"publish","type":"post","link":"https:\/\/www.ambienteyenergia.gob.ec\/ambiente\/mae-suscribio-un-convenio-de-cooperacion-en-materia-de-proteccion-y-conservacion-con-bolivia\/","title":{"rendered":"MAE suscribi\u00f3 un convenio de cooperaci\u00f3n en materia de protecci\u00f3n y conservaci\u00f3n con Bolivia"},"content":{"rendered":"<p style=\"text-align: justify;\">Hoy, en el marco de la visita oficial del Presidente de la Rep\u00fablica Plurinacional de Bolivia, Evo Morales, al Ecuador, el Ministerio del Ambiente (MAE) suscribi\u00f3 un convenio de cooperaci\u00f3n en materia ambiental, en el Sal\u00f3n Amarillo del Palacio de Gobierno, en Quito.<\/p>\n<p style=\"text-align: justify;\">El objetivo primordial del acuerdo bilateral firmado por la Ministra del Ambiente, Lorena Tapia y su par de Bolivia, es apoyar al desarrollo de informaci\u00f3n y experiencias relacionadas con la recuperaci\u00f3n, restauraci\u00f3n y promoci\u00f3n de los saberes tradicionales, ancestrales y los conocimientos locales (andino \u2013 amaz\u00f3nicos), en tem\u00e1ticas de protecci\u00f3n y manejo sostenible de la naturaleza.<\/p>\n<p style=\"text-align: justify;\">Asimismo, se busca construir estrategias y normativas referentes a procesos de reforestaci\u00f3n y transversalizar el enfoque de g\u00e9nero en la protecci\u00f3n a la naturaleza, desde la visi\u00f3n de los pueblos y nacionalidades ancestrales.<\/p>\n<p style=\"text-align: justify;\">Ecuador y Bolivia, adem\u00e1s de este acuerdo de gesti\u00f3n ambiental, suscribieron cuatro convenios de cooperaci\u00f3n m\u00e1s en temas de salud, comunicaci\u00f3n, justicia y protecci\u00f3n de bienes patrimoniales.<\/p>\n<p style=\"text-align: justify;\">En los exteriores del Palacio de Gobierno, varios simpatizantes apoyaban la gesti\u00f3n de los dos pa\u00edses. \u201cLos acuerdos que se firmaron hoy, son positivos para ambas rep\u00fablicas, son ejemplos de uni\u00f3n y soberan\u00eda. Los aspectos tratados en estos convenios beneficiar\u00e1n principalmente en el aspecto ambiental y soberano de nuestras naciones\u201d, expres\u00f3 Javier Pozo, ciudadano boliviano.<\/p>\n<p style=\"text-align: justify;\">La firma de este tratado permitir\u00e1 fortalecer institucionalmente a ambos ministerios mediante el intercambio de experiencias sobre la gesti\u00f3n ambiental y de la biodiversidad.<\/p>\n<div id='gallery-1' class='gallery galleryid-13417 gallery-columns-4 gallery-size-thumbnail'><dl class='gallery-item'>\n\t\t\t<dt class='gallery-icon landscape'>\n\t\t\t\t<a href='https:\/\/www.ambienteyenergia.gob.ec\/ambiente\/mae-suscribio-un-convenio-de-cooperacion-en-materia-de-proteccion-y-conservacion-con-bolivia\/m1-2\/'><img loading=\"lazy\" decoding=\"async\" width=\"150\" height=\"150\" src=\"https:\/\/www.ambienteyenergia.gob.ec\/ambiente\/wp-content\/uploads\/sites\/2\/2013\/07\/m1-150x150.jpg\" class=\"attachment-thumbnail size-thumbnail\" alt=\"\" \/><\/a>\n\t\t\t<\/dt><\/dl><dl class='gallery-item'>\n\t\t\t<dt class='gallery-icon landscape'>\n\t\t\t\t<a href='https:\/\/www.ambienteyenergia.gob.ec\/ambiente\/mae-suscribio-un-convenio-de-cooperacion-en-materia-de-proteccion-y-conservacion-con-bolivia\/m2-2\/'><img loading=\"lazy\" decoding=\"async\" width=\"150\" height=\"150\" src=\"https:\/\/www.ambienteyenergia.gob.ec\/ambiente\/wp-content\/uploads\/sites\/2\/2013\/07\/m2-150x150.jpg\" class=\"attachment-thumbnail size-thumbnail\" alt=\"\" \/><\/a>\n\t\t\t<\/dt><\/dl><dl class='gallery-item'>\n\t\t\t<dt class='gallery-icon landscape'>\n\t\t\t\t<a href='https:\/\/www.ambienteyenergia.gob.ec\/ambiente\/mae-suscribio-un-convenio-de-cooperacion-en-materia-de-proteccion-y-conservacion-con-bolivia\/m3\/'><img loading=\"lazy\" decoding=\"async\" width=\"150\" height=\"150\" src=\"https:\/\/www.ambienteyenergia.gob.ec\/ambiente\/wp-content\/uploads\/sites\/2\/2013\/07\/m3-150x150.jpg\" class=\"attachment-thumbnail size-thumbnail\" alt=\"\" \/><\/a>\n\t\t\t<\/dt><\/dl><dl class='gallery-item'>\n\t\t\t<dt class='gallery-icon landscape'>\n\t\t\t\t<a href='https:\/\/www.ambienteyenergia.gob.ec\/ambiente\/mae-suscribio-un-convenio-de-cooperacion-en-materia-de-proteccion-y-conservacion-con-bolivia\/m4\/'><img loading=\"lazy\" decoding=\"async\" width=\"150\" height=\"150\" src=\"https:\/\/www.ambienteyenergia.gob.ec\/ambiente\/wp-content\/uploads\/sites\/2\/2013\/07\/m4-150x150.jpg\" class=\"attachment-thumbnail size-thumbnail\" alt=\"\" \/><\/a>\n\t\t\t<\/dt><\/dl><br style=\"clear: both\" \/>\n\t\t<\/div>\n\n<p>&nbsp;<\/p>\n<p>&nbsp;<\/p>\n","protected":false},"excerpt":{"rendered":"<p class=\"excerpt\">Hoy, en el marco de la visita oficial del Presidente de la Rep\u00fablica Plurinacional de Bolivia, Evo Morales, al Ecuador, el Ministerio del Ambiente (MAE) suscribi\u00f3 un convenio de cooperaci\u00f3n en materia ambiental, en el Sal\u00f3n Amarillo del Palacio de Gobierno, en Quito. El objetivo primordial del acuerdo bilateral firmado por la Ministra del Ambiente, Lorena Tapia y su par&hellip; <a href=\"https:\/\/www.ambienteyenergia.gob.ec\/ambiente\/mae-suscribio-un-convenio-de-cooperacion-en-materia-de-proteccion-y-conservacion-con-bolivia\/\">Read more &rarr;<\/a><\/p>\n","protected":false},"author":13,"featured_media":13422,"comment_status":"open","ping_status":"open","sticky":false,"template":"","format":"standard","meta":{"footnotes":""},"categories":[16,4,10],"tags":[],"class_list":["post-13417","post","type-post","status-publish","format-standard","has-post-thumbnail","hentry","category-comunicamos","category-noticias","category-noticias-destacadas","xfolkentry"],"_links":{"self":[{"href":"https:\/\/www.ambienteyenergia.gob.ec\/ambiente\/wp-json\/wp\/v2\/posts\/13417","targetHints":{"allow":["GET"]}}],"collection":[{"href":"https:\/\/www.ambienteyenergia.gob.ec\/ambiente\/wp-json\/wp\/v2\/posts"}],"about":[{"href":"https:\/\/www.ambienteyenergia.gob.ec\/ambiente\/wp-json\/wp\/v2\/types\/post"}],"author":[{"embeddable":true,"href":"https:\/\/www.ambienteyenergia.gob.ec\/ambiente\/wp-json\/wp\/v2\/users\/13"}],"replies":[{"embeddable":true,"href":"https:\/\/www.ambienteyenergia.gob.ec\/ambiente\/wp-json\/wp\/v2\/comments?post=13417"}],"version-history":[{"count":0,"href":"https:\/\/www.ambienteyenergia.gob.ec\/ambiente\/wp-json\/wp\/v2\/posts\/13417\/revisions"}],"wp:featuredmedia":[{"embeddable":true,"href":"https:\/\/www.ambienteyenergia.gob.ec\/ambiente\/wp-json\/wp\/v2\/media\/13422"}],"wp:attachment":[{"href":"https:\/\/www.ambienteyenergia.gob.ec\/ambiente\/wp-json\/wp\/v2\/media?parent=13417"}],"wp:term":[{"taxonomy":"category","embeddable":true,"href":"https:\/\/www.ambienteyenergia.gob.ec\/ambiente\/wp-json\/wp\/v2\/categories?post=13417"},{"taxonomy":"post_tag","embeddable":true,"href":"https:\/\/www.ambienteyenergia.gob.ec\/ambiente\/wp-json\/wp\/v2\/tags?post=13417"}],"curies":[{"name":"wp","href":"https:\/\/api.w.org\/{rel}","templated":true}]}}