{"id":13413,"date":"2013-07-23T14:43:05","date_gmt":"2013-07-23T19:43:05","guid":{"rendered":"http:\/\/www.ambiente.gob.ec\/?p=13413"},"modified":"2013-07-23T14:43:05","modified_gmt":"2013-07-23T19:43:05","slug":"mae-rescato-a-un-cuchucho-y-realizo-operativo-de-control-forestal-en-bolivar","status":"publish","type":"post","link":"https:\/\/www.ambienteyenergia.gob.ec\/ambiente\/mae-rescato-a-un-cuchucho-y-realizo-operativo-de-control-forestal-en-bolivar\/","title":{"rendered":"MAE rescat\u00f3 a un cuchucho y realiz\u00f3 operativo de control forestal en Bol\u00edvar"},"content":{"rendered":"<p style=\"text-align: justify;\">El Ministerio del ambiente (MAE), a trav\u00e9s de la Direcci\u00f3n Provincial de Bol\u00edvar rescat\u00f3 a \u00a0un cuchucho en la comunidad de Mullidiahuan, parroquia de Salinas y realiz\u00f3 un operativo de control forestal desde el cant\u00f3n Guaranda hasta el sector la Palma para verificar que el aprovechamiento de la madera sea legal.<\/p>\n<p style=\"text-align: justify;\">Atendiendo a una denuncia de tenencia ilegal de espec\u00edmenes silvestres, equipo especializado de esta Cartera se moviliz\u00f3 a Mullidiahuan (cant\u00f3n Guaranda), y rescat\u00f3 a un ejemplar de cuchucho, retenido de manera il\u00edcita, y lo traslad\u00f3 a la Direcci\u00f3n Ambiental de Pastaza para su posterior entrega a un centro de rescate autorizado.<\/p>\n<p style=\"text-align: justify;\">Por otra parte, durante el trayecto de control, realizado en coordinaci\u00f3n con miembros de la Polic\u00eda Nacional, el funcionarios del MAE no se observaron veh\u00edculos transportando producto forestal. Sin embargo, este Ministerio, como m\u00e1ximo rector ambiental del pa\u00eds, \u00a0continuar\u00e1 con los controles peri\u00f3dicos de los productos forestales, con la finalidad de reducir la tala ilegal de los bosques y deforestaci\u00f3n de los bosques nativos.<\/p>\n<p style=\"text-align: justify;\">\n<p>&nbsp;<\/p>\n<p><em>\u00a0<\/em><\/p>\n","protected":false},"excerpt":{"rendered":"<p class=\"excerpt\">El Ministerio del ambiente (MAE), a trav\u00e9s de la Direcci\u00f3n Provincial de Bol\u00edvar rescat\u00f3 a \u00a0un cuchucho en la comunidad de Mullidiahuan, parroquia de Salinas y realiz\u00f3 un operativo de control forestal desde el cant\u00f3n Guaranda hasta el sector la Palma para verificar que el aprovechamiento de la madera sea legal. Atendiendo a una denuncia de tenencia ilegal de espec\u00edmenes&hellip; <a href=\"https:\/\/www.ambienteyenergia.gob.ec\/ambiente\/mae-rescato-a-un-cuchucho-y-realizo-operativo-de-control-forestal-en-bolivar\/\">Read more &rarr;<\/a><\/p>\n","protected":false},"author":13,"featured_media":13414,"comment_status":"open","ping_status":"open","sticky":false,"template":"","format":"standard","meta":{"footnotes":""},"categories":[16,4],"tags":[],"class_list":["post-13413","post","type-post","status-publish","format-standard","has-post-thumbnail","hentry","category-comunicamos","category-noticias","xfolkentry"],"_links":{"self":[{"href":"https:\/\/www.ambienteyenergia.gob.ec\/ambiente\/wp-json\/wp\/v2\/posts\/13413","targetHints":{"allow":["GET"]}}],"collection":[{"href":"https:\/\/www.ambienteyenergia.gob.ec\/ambiente\/wp-json\/wp\/v2\/posts"}],"about":[{"href":"https:\/\/www.ambienteyenergia.gob.ec\/ambiente\/wp-json\/wp\/v2\/types\/post"}],"author":[{"embeddable":true,"href":"https:\/\/www.ambienteyenergia.gob.ec\/ambiente\/wp-json\/wp\/v2\/users\/13"}],"replies":[{"embeddable":true,"href":"https:\/\/www.ambienteyenergia.gob.ec\/ambiente\/wp-json\/wp\/v2\/comments?post=13413"}],"version-history":[{"count":0,"href":"https:\/\/www.ambienteyenergia.gob.ec\/ambiente\/wp-json\/wp\/v2\/posts\/13413\/revisions"}],"wp:featuredmedia":[{"embeddable":true,"href":"https:\/\/www.ambienteyenergia.gob.ec\/ambiente\/wp-json\/wp\/v2\/media\/13414"}],"wp:attachment":[{"href":"https:\/\/www.ambienteyenergia.gob.ec\/ambiente\/wp-json\/wp\/v2\/media?parent=13413"}],"wp:term":[{"taxonomy":"category","embeddable":true,"href":"https:\/\/www.ambienteyenergia.gob.ec\/ambiente\/wp-json\/wp\/v2\/categories?post=13413"},{"taxonomy":"post_tag","embeddable":true,"href":"https:\/\/www.ambienteyenergia.gob.ec\/ambiente\/wp-json\/wp\/v2\/tags?post=13413"}],"curies":[{"name":"wp","href":"https:\/\/api.w.org\/{rel}","templated":true}]}}