{"id":13410,"date":"2013-07-23T12:57:50","date_gmt":"2013-07-23T17:57:50","guid":{"rendered":"http:\/\/www.ambiente.gob.ec\/?p=13410"},"modified":"2013-07-23T12:57:50","modified_gmt":"2013-07-23T17:57:50","slug":"mae-verifico-que-no-existe-destruccion-de-vegetacion-nativa-en-el-bosque-pena-blanca-y-socializo-ley-forestal-en-salinas-provincia-de-bolivar","status":"publish","type":"post","link":"https:\/\/www.ambienteyenergia.gob.ec\/ambiente\/mae-verifico-que-no-existe-destruccion-de-vegetacion-nativa-en-el-bosque-pena-blanca-y-socializo-ley-forestal-en-salinas-provincia-de-bolivar\/","title":{"rendered":"MAE verific\u00f3 que no existe destrucci\u00f3n de vegetaci\u00f3n nativa en el Bosque Pe\u00f1a Blanca y socializ\u00f3 Ley Forestal en Salinas, provincia de Bol\u00edvar"},"content":{"rendered":"<p style=\"text-align: justify;\">En el Bosque Pe\u00f1a Blanca ubicado en la parroquia Salinas (cant\u00f3n Guaranda) no existe destrucci\u00f3n de vegetaci\u00f3n nativa por presunta invasi\u00f3n de tierras. As\u00ed lo determinaron funcionarios del Ministerio del Ambiente (MAE), luego de haber realizado una inspecci\u00f3n en el sector. Esta actividad se efectu\u00f3 el pasado 19 de junio, atendiendo a una denuncia receptada en la Direcci\u00f3n Ambiental de la provincia de Bol\u00edvar.<\/p>\n<p style=\"text-align: justify;\">La acusaci\u00f3n fue presentada por autoridades de la comunidad Matiavi Salinas. A trav\u00e9s de ella, informaron que tienen bajo su custodia la conservaci\u00f3n de una \u00e1rea de 401.42 hect\u00e1reas de bosque, misma que, seg\u00fan su versi\u00f3n, estaba invadida por una\u00a0 la familia del sector. Por esa raz\u00f3n, solicitaron la intervenci\u00f3n del MAE.<\/p>\n<p style=\"text-align: justify;\">Tras la inspecci\u00f3n ejecutada en coordinaci\u00f3n con las comunidades Matiavi Salinas y de Mullidiahuan, el equipo t\u00e9cnico de esta Cartera de Estado determin\u00f3 que existe un problema de tierras entre la comuna y la familia mencionada, pues la \u00faltima mantiene a su ganado en el \u00e1rea de pastizal, sin causar da\u00f1os a la vegetaci\u00f3n nativa.<\/p>\n<p style=\"text-align: justify;\">El MAE\u00a0 pidi\u00f3 a la autoridades solucionar la posesi\u00f3n de tierras y comunicar si se registra alguna actividad que destruya el bosque, para actuar conforme lo estipula la Ley Forestal de conservaci\u00f3n de \u00c1reas Naturales y de Vida Silvestre.<\/p>\n<p style=\"text-align: justify;\">A prop\u00f3sito de ello, esta Cartera de Estado socializ\u00f3 entre los miembros de la comunidad la Normativa Forestal, programas y la prevenci\u00f3n de incendios forestales.<\/p>\n<p style=\"text-align: justify;\">Adem\u00e1s de las sanciones que se aplicar\u00edan en caso de incumplimiento, se les comunic\u00f3 las l\u00edneas estrat\u00e9gicas\u00a0 del programa Socio Bosque el que contribuye\u00a0 a la conservaci\u00f3n del ambiente. Asimismo, se dieron a conocer los m\u00e9todos para la prevenci\u00f3n de incendios forestales.<\/p>\n<p style=\"text-align: justify;\">\n<p>&nbsp;<\/p>\n<p>&nbsp;<\/p>\n<p>&nbsp;<\/p>\n<p>&nbsp;<\/p>\n","protected":false},"excerpt":{"rendered":"<p class=\"excerpt\">En el Bosque Pe\u00f1a Blanca ubicado en la parroquia Salinas (cant\u00f3n Guaranda) no existe destrucci\u00f3n de vegetaci\u00f3n nativa por presunta invasi\u00f3n de tierras. As\u00ed lo determinaron funcionarios del Ministerio del Ambiente (MAE), luego de haber realizado una inspecci\u00f3n en el sector. Esta actividad se efectu\u00f3 el pasado 19 de junio, atendiendo a una denuncia receptada en la Direcci\u00f3n Ambiental de&hellip; <a href=\"https:\/\/www.ambienteyenergia.gob.ec\/ambiente\/mae-verifico-que-no-existe-destruccion-de-vegetacion-nativa-en-el-bosque-pena-blanca-y-socializo-ley-forestal-en-salinas-provincia-de-bolivar\/\">Read more &rarr;<\/a><\/p>\n","protected":false},"author":13,"featured_media":13411,"comment_status":"open","ping_status":"open","sticky":false,"template":"","format":"standard","meta":{"footnotes":""},"categories":[16,4],"tags":[],"class_list":["post-13410","post","type-post","status-publish","format-standard","has-post-thumbnail","hentry","category-comunicamos","category-noticias","xfolkentry"],"_links":{"self":[{"href":"https:\/\/www.ambienteyenergia.gob.ec\/ambiente\/wp-json\/wp\/v2\/posts\/13410","targetHints":{"allow":["GET"]}}],"collection":[{"href":"https:\/\/www.ambienteyenergia.gob.ec\/ambiente\/wp-json\/wp\/v2\/posts"}],"about":[{"href":"https:\/\/www.ambienteyenergia.gob.ec\/ambiente\/wp-json\/wp\/v2\/types\/post"}],"author":[{"embeddable":true,"href":"https:\/\/www.ambienteyenergia.gob.ec\/ambiente\/wp-json\/wp\/v2\/users\/13"}],"replies":[{"embeddable":true,"href":"https:\/\/www.ambienteyenergia.gob.ec\/ambiente\/wp-json\/wp\/v2\/comments?post=13410"}],"version-history":[{"count":0,"href":"https:\/\/www.ambienteyenergia.gob.ec\/ambiente\/wp-json\/wp\/v2\/posts\/13410\/revisions"}],"wp:featuredmedia":[{"embeddable":true,"href":"https:\/\/www.ambienteyenergia.gob.ec\/ambiente\/wp-json\/wp\/v2\/media\/13411"}],"wp:attachment":[{"href":"https:\/\/www.ambienteyenergia.gob.ec\/ambiente\/wp-json\/wp\/v2\/media?parent=13410"}],"wp:term":[{"taxonomy":"category","embeddable":true,"href":"https:\/\/www.ambienteyenergia.gob.ec\/ambiente\/wp-json\/wp\/v2\/categories?post=13410"},{"taxonomy":"post_tag","embeddable":true,"href":"https:\/\/www.ambienteyenergia.gob.ec\/ambiente\/wp-json\/wp\/v2\/tags?post=13410"}],"curies":[{"name":"wp","href":"https:\/\/api.w.org\/{rel}","templated":true}]}}