{"id":13400,"date":"2013-07-23T08:20:16","date_gmt":"2013-07-23T13:20:16","guid":{"rendered":"http:\/\/www.ambiente.gob.ec\/?p=13400"},"modified":"2013-07-23T21:44:11","modified_gmt":"2013-07-24T02:44:11","slug":"mae-impartio-una-charla-de-prevencion-de-incendios-forestales-en-bolivar","status":"publish","type":"post","link":"https:\/\/www.ambienteyenergia.gob.ec\/ambiente\/mae-impartio-una-charla-de-prevencion-de-incendios-forestales-en-bolivar\/","title":{"rendered":"MAE imparti\u00f3 una charla de prevenci\u00f3n de incendios forestales en Bol\u00edvar"},"content":{"rendered":"<p style=\"text-align: justify;\">El Ministerio del Ambiente (MAE), en coordinaci\u00f3n con la Secretar\u00eda de Gesti\u00f3n de Riesgos y el Cuerpo de Bomberos del cant\u00f3n Guaranda, imparti\u00f3 una charla de prevenci\u00f3n de incendios forestales, el pasado 21 de julio, en la provincia de Bol\u00edvar. El objetivo fue promover acciones preventivas, a trav\u00e9s de la difusi\u00f3n y concientizaci\u00f3n, en sitios de mayor incidencia y vulnerabilidad.<\/p>\n<p style=\"text-align: justify;\">Los incendios forestales han ocasionado grandes da\u00f1os y perjuicios en el \u00e1mbito social, econ\u00f3mico y ecol\u00f3gico del pa\u00eds. Con este antecedente, la Direcci\u00f3n Provincial del Ambiente de Bol\u00edvar organiz\u00f3 esta socializaci\u00f3n que se desarroll\u00f3 en la Sede Central de la Comuna Pachakutik.<\/p>\n<p style=\"text-align: justify;\">Al evento asistieron alrededor de 100 personas, entre ellas, representantes de las comunidades que conforman las Organizaciones Ind\u00edgenas del Alto Guanujo (Cocdiag).<\/p>\n<p style=\"text-align: justify;\">El MAE con este tipo de iniciativas pretende prevenir, mitigar y controlar los incendios forestales en zonas fr\u00e1giles como p\u00e1ramos, bosques y vegetaci\u00f3n nativa de la provincia.<\/p>\n<p style=\"text-align: justify;\" align=\"JUSTIFY\">\n","protected":false},"excerpt":{"rendered":"<p class=\"excerpt\">El Ministerio del Ambiente (MAE), en coordinaci\u00f3n con la Secretar\u00eda de Gesti\u00f3n de Riesgos y el Cuerpo de Bomberos del cant\u00f3n Guaranda, imparti\u00f3 una charla de prevenci\u00f3n de incendios forestales, el pasado 21 de julio, en la provincia de Bol\u00edvar. El objetivo fue promover acciones preventivas, a trav\u00e9s de la difusi\u00f3n y concientizaci\u00f3n, en sitios de mayor incidencia y vulnerabilidad.&hellip; <a href=\"https:\/\/www.ambienteyenergia.gob.ec\/ambiente\/mae-impartio-una-charla-de-prevencion-de-incendios-forestales-en-bolivar\/\">Read more &rarr;<\/a><\/p>\n","protected":false},"author":13,"featured_media":13401,"comment_status":"open","ping_status":"open","sticky":false,"template":"","format":"standard","meta":{"footnotes":""},"categories":[16,4],"tags":[],"class_list":["post-13400","post","type-post","status-publish","format-standard","has-post-thumbnail","hentry","category-comunicamos","category-noticias","xfolkentry"],"_links":{"self":[{"href":"https:\/\/www.ambienteyenergia.gob.ec\/ambiente\/wp-json\/wp\/v2\/posts\/13400","targetHints":{"allow":["GET"]}}],"collection":[{"href":"https:\/\/www.ambienteyenergia.gob.ec\/ambiente\/wp-json\/wp\/v2\/posts"}],"about":[{"href":"https:\/\/www.ambienteyenergia.gob.ec\/ambiente\/wp-json\/wp\/v2\/types\/post"}],"author":[{"embeddable":true,"href":"https:\/\/www.ambienteyenergia.gob.ec\/ambiente\/wp-json\/wp\/v2\/users\/13"}],"replies":[{"embeddable":true,"href":"https:\/\/www.ambienteyenergia.gob.ec\/ambiente\/wp-json\/wp\/v2\/comments?post=13400"}],"version-history":[{"count":0,"href":"https:\/\/www.ambienteyenergia.gob.ec\/ambiente\/wp-json\/wp\/v2\/posts\/13400\/revisions"}],"wp:featuredmedia":[{"embeddable":true,"href":"https:\/\/www.ambienteyenergia.gob.ec\/ambiente\/wp-json\/wp\/v2\/media\/13401"}],"wp:attachment":[{"href":"https:\/\/www.ambienteyenergia.gob.ec\/ambiente\/wp-json\/wp\/v2\/media?parent=13400"}],"wp:term":[{"taxonomy":"category","embeddable":true,"href":"https:\/\/www.ambienteyenergia.gob.ec\/ambiente\/wp-json\/wp\/v2\/categories?post=13400"},{"taxonomy":"post_tag","embeddable":true,"href":"https:\/\/www.ambienteyenergia.gob.ec\/ambiente\/wp-json\/wp\/v2\/tags?post=13400"}],"curies":[{"name":"wp","href":"https:\/\/api.w.org\/{rel}","templated":true}]}}