{"id":13392,"date":"2013-07-22T18:33:31","date_gmt":"2013-07-22T23:33:31","guid":{"rendered":"http:\/\/www.ambiente.gob.ec\/?p=13392"},"modified":"2013-07-23T08:02:49","modified_gmt":"2013-07-23T13:02:49","slug":"operativo-de-rescate-y-liberacion-de-cervicabra-en-imbabura","status":"publish","type":"post","link":"https:\/\/www.ambienteyenergia.gob.ec\/ambiente\/operativo-de-rescate-y-liberacion-de-cervicabra-en-imbabura\/","title":{"rendered":"Operativo de rescate y liberaci\u00f3n de cervicabra en Imbabura"},"content":{"rendered":"<p style=\"text-align: justify;\">El Ministerio del Ambiente (MAE), en coordinaci\u00f3n con la Unidad de Protecci\u00f3n del Medio Ambiente de la Polic\u00eda Nacional (UPMA), rescat\u00f3 a una cervicabra, el pasado 19 de julio, en el cant\u00f3n Cotacachi, provincia de Imbabura.<\/p>\n<p style=\"text-align: justify;\">El ant\u00edlope presuntamente se extravi\u00f3 de su h\u00e1bitat natural e ingres\u00f3 a la Parroquia de Apuela, donde\u00a0 fue atacado por perros de la zona. Un habitante del sector, identific\u00f3 al animal mal herido e inmediatamente se comunic\u00f3 con la Autoridad Ambiental para entregarlo.<\/p>\n<p style=\"text-align: justify;\">Funcionarios del MAE asistieron al lugar y examinaron al esp\u00e9cimen, para constatar su estado de salud. El animal se encontraba estable por lo que fue transportado a la Reserva Ecol\u00f3gica Cotacachi Cayapas, mientras se defin\u00eda su destino final.<\/p>\n<p style=\"text-align: justify;\">Posteriormente, luego de un per\u00edodo corto de revisiones m\u00e9dicas y monitoreos, el ejemplar fue liberado en el Islote Yerovi de Cuicocha, dentro de la Reserva Ecol\u00f3gica Cotacachi Cayapas, con apoyo de la Empresa de Turismo Cotacachi y del Gobierno Aut\u00f3nomo Descentralizado Municipal de Cotacachi.<\/p>\n<p style=\"text-align: justify;\">El MAE continuar\u00e1 con los operativos de control y a la vez, seguir\u00e1 informando a la ciudadan\u00eda sobre la prohibici\u00f3n de tenencia de especies de vida silvestre, con el fin de precautelar y promover la conservaci\u00f3n de la fauna y sus ecosistemas.<\/p>\n<p>&nbsp;<\/p>\n<p>&nbsp;<\/p>\n","protected":false},"excerpt":{"rendered":"<p class=\"excerpt\">El Ministerio del Ambiente (MAE), en coordinaci\u00f3n con la Unidad de Protecci\u00f3n del Medio Ambiente de la Polic\u00eda Nacional (UPMA), rescat\u00f3 a una cervicabra, el pasado 19 de julio, en el cant\u00f3n Cotacachi, provincia de Imbabura. El ant\u00edlope presuntamente se extravi\u00f3 de su h\u00e1bitat natural e ingres\u00f3 a la Parroquia de Apuela, donde\u00a0 fue atacado por perros de la zona.&hellip; <a href=\"https:\/\/www.ambienteyenergia.gob.ec\/ambiente\/operativo-de-rescate-y-liberacion-de-cervicabra-en-imbabura\/\">Read more &rarr;<\/a><\/p>\n","protected":false},"author":13,"featured_media":13393,"comment_status":"open","ping_status":"open","sticky":false,"template":"","format":"standard","meta":{"footnotes":""},"categories":[16,4],"tags":[],"class_list":["post-13392","post","type-post","status-publish","format-standard","has-post-thumbnail","hentry","category-comunicamos","category-noticias","xfolkentry"],"_links":{"self":[{"href":"https:\/\/www.ambienteyenergia.gob.ec\/ambiente\/wp-json\/wp\/v2\/posts\/13392","targetHints":{"allow":["GET"]}}],"collection":[{"href":"https:\/\/www.ambienteyenergia.gob.ec\/ambiente\/wp-json\/wp\/v2\/posts"}],"about":[{"href":"https:\/\/www.ambienteyenergia.gob.ec\/ambiente\/wp-json\/wp\/v2\/types\/post"}],"author":[{"embeddable":true,"href":"https:\/\/www.ambienteyenergia.gob.ec\/ambiente\/wp-json\/wp\/v2\/users\/13"}],"replies":[{"embeddable":true,"href":"https:\/\/www.ambienteyenergia.gob.ec\/ambiente\/wp-json\/wp\/v2\/comments?post=13392"}],"version-history":[{"count":0,"href":"https:\/\/www.ambienteyenergia.gob.ec\/ambiente\/wp-json\/wp\/v2\/posts\/13392\/revisions"}],"wp:featuredmedia":[{"embeddable":true,"href":"https:\/\/www.ambienteyenergia.gob.ec\/ambiente\/wp-json\/wp\/v2\/media\/13393"}],"wp:attachment":[{"href":"https:\/\/www.ambienteyenergia.gob.ec\/ambiente\/wp-json\/wp\/v2\/media?parent=13392"}],"wp:term":[{"taxonomy":"category","embeddable":true,"href":"https:\/\/www.ambienteyenergia.gob.ec\/ambiente\/wp-json\/wp\/v2\/categories?post=13392"},{"taxonomy":"post_tag","embeddable":true,"href":"https:\/\/www.ambienteyenergia.gob.ec\/ambiente\/wp-json\/wp\/v2\/tags?post=13392"}],"curies":[{"name":"wp","href":"https:\/\/api.w.org\/{rel}","templated":true}]}}